{"id":1004,"date":"2024-11-27T10:33:48","date_gmt":"2024-11-27T09:33:48","guid":{"rendered":"https:\/\/monde25.info\/index.php\/2024\/11\/27\/la-fast-fashion-menace-lindustrie-francaise-du-textile\/"},"modified":"2024-11-27T10:33:48","modified_gmt":"2024-11-27T09:33:48","slug":"la-fast-fashion-menace-lindustrie-francaise-du-textile","status":"publish","type":"post","link":"https:\/\/monde25.info\/index.php\/2024\/11\/27\/la-fast-fashion-menace-lindustrie-francaise-du-textile\/","title":{"rendered":"La fast-fashion menace l\u2019industrie fran\u00e7aise du textile"},"content":{"rendered":"<p> <br \/>\n<\/p>\n<div style=\"position:relative;\">\n        <picture><source type=\"image\/webp\" srcset=\"https:\/\/reporterre.net\/local\/cache-gd2\/34\/7ae10ece3bfc5da04adefe2825df20.jpg@.webp?1732638982\"><img loading=\"lazy\" decoding=\"async\" src=\"https:\/\/reporterre.net\/local\/cache-gd2\/34\/7ae10ece3bfc5da04adefe2825df20.jpg?1732638981\" width=\"720\" height=\"480\" alt=\"La fast-fashion menace l'industrie fran\u00e7aise du textile\" class=\"image_logo voir_logo\"\/><\/p>\n<p><\/source><\/picture>\n<p class=\"legende_logo\">L\u2019industrie textile a perdu pr\u00e8s de 300 000 emplois en France depuis 1990, tandis que Shein a d\u00e9pass\u00e9 Zara en chiffre d&rsquo;affaires l&rsquo;an dernier. <span class=\"copyright_logo\">&#8211; northleg_official \/ Unsplash<\/span><\/p>\n<p class=\"legende_logo_480\">L\u2019industrie textile a perdu pr\u00e8s de 300 000 emplois en France depuis 1990, tandis que Shein a d\u00e9pass\u00e9 Zara en chiffre d&rsquo;affaires l&rsquo;an dernier. <span class=\"copyright_logo\">&#8211; northleg_official \/ Unsplash<\/span><\/p>\n<\/p><\/div>\n<div>\n        <span class=\"date\">27 novembre 2024  \u00e0 09h43<\/span><\/p>\n<p class=\"duree_lecture\">\n        Dur\u00e9e de lecture : 2 minutes\n      <\/p>\n<\/p><\/div>\n<div>\n<p>\u00c0 quelques jours du Black Friday, les Amis de la Terre tirent la sonnette d\u2019alarme. Dans <a target=\"_blank\" href=\"https:\/\/www.amisdelaterre.org\/fast-fashion-surfe-crise-textile\/\" class=\"spip_out\" rel=\"external\">un rapport in\u00e9dit<\/a> publi\u00e9 mercredi 27\u00a0novembre, l\u2019association d\u00e9crypte <i>\u00ab<small class=\"fine d-inline\">\u00a0<\/small>la crise sans pr\u00e9c\u00e9dent<small class=\"fine d-inline\">\u00a0<\/small>\u00bb<\/i> que traverse l\u2019industrie fran\u00e7aise du textile, alors m\u00eame que la consommation de v\u00eatements bat des records.<\/p>\n<p>En moins de quarante ans, la quantit\u00e9 de v\u00eatements consomm\u00e9s en France a plus que doubl\u00e9, avec une acc\u00e9l\u00e9ration notable lors des dix derni\u00e8res ann\u00e9es. Jamais autant de produits textiles n\u2019ont \u00e9t\u00e9 consomm\u00e9s, \u00e0 tel point que l\u2019on estime que si la production de v\u00eatements s\u2019arr\u00eatait aujourd\u2019hui, l\u2019humanit\u00e9 aurait de quoi se v\u00eatir jusqu\u2019en 2100.<\/p>\n<p>En parall\u00e8le, la dur\u00e9e de vie moyenne des v\u00eatements a \u00e9t\u00e9 r\u00e9duite de moiti\u00e9, un ph\u00e9nom\u00e8ne directement li\u00e9 \u00e0 l\u2019expansion de la fast-fashion, rappelle l\u2019association. Ce secteur et ces grands groupes comme Shein, Zara, H&amp;M ou Primark sont les grands gagnants de la p\u00e9riode.<\/p>\n<p>Si, en France, l\u2019industrie textile a perdu pr\u00e8s de 300\u00a0000 emplois depuis 1990, et le commerce de d\u00e9tail 50\u00a0000 emplois depuis 1971, la concentration du march\u00e9 s\u2019est accru autour de ces grandes marques. 80<small class=\"fine d-inline\">\u00a0<\/small>% des ventes de textile en France en 2022 sont r\u00e9alis\u00e9s par 1<small class=\"fine d-inline\">\u00a0<\/small>% des acteurs. En 2023, Shein a d\u00e9tr\u00f4n\u00e9 Zara en termes de chiffre d\u2019affaires en France tout en quasiment (+\u00a080<small class=\"fine d-inline\">\u00a0<\/small>%) doublant ses \u00e9missions de gaz \u00e0 effet de serre. En 2023, le volume d\u2019affaire d\u2019enseignes comme Zara et Primark ont affich\u00e9 respectivement des hausses de 70<small class=\"fine d-inline\">\u00a0<\/small>% et 116<small class=\"fine d-inline\">\u00a0<\/small>%.<\/p>\n<p>Les Amis de la Terre France exigent <i>\u00ab<small class=\"fine d-inline\">\u00a0<\/small>un changement radical de cap pour r\u00e9tablir l\u2019\u00e9quit\u00e9 dans le secteur textile<small class=\"fine d-inline\">\u00a0<\/small>\u00bb<\/i>. <i>\u00ab<small class=\"fine d-inline\">\u00a0<\/small>Sans un cadre l\u00e9gislatif strict, la France pourrait voir dispara\u00eetre totalement son secteur textile, au profit d\u2019acteurs \u00e9trangers aux pratiques socialement et \u00e9cologiquement irresponsables<small class=\"fine d-inline\">\u00a0<\/small>\u00bb<\/i>, affirment-ils.<\/p>\n<aside class=\"boite_encarts\">\n<div class=\"encart encart_gris noprint\">\n<p><strong>Il est de retour.<\/strong><\/p>\n<p>Dans quelques semaines, Donald Trump se r\u00e9-installera \u00e0 la Maison Blanche.<\/p>\n<p>Un milliardaire, pour qui le r\u00e9chauffement climatique est \u00ab<small class=\"fine d-inline\">\u00a0<\/small>un canular<small class=\"fine d-inline\">\u00a0<\/small>\u00bb, sera \u00e0 la t\u00eate de la plus grande puissance mondiale.<\/p>\n<p>Dans une d\u00e9cennie cruciale pour l\u2019\u00e9cologie, nous ne pouvons pas nous permettre de perdre plus de temps.<\/p>\n<p>La soci\u00e9t\u00e9 civile doit continuer de se soulever, de se mobiliser et de faire pression sur les puissants.<\/p>\n<p>Mais pour agir, il faut savoir.<\/p>\n<p><strong>Depuis 11 ans, nous publions des articles de qualit\u00e9 sur l\u2019\u00e9cologie, en acc\u00e8s libre et sans publicit\u00e9, pour tous.<\/strong><\/p>\n<p>Nous avons la conviction que l\u2019urgence \u00e9cologique est l\u2019enjeu majeur de notre \u00e9poque.<br class=\"autobr\"\/><br \/>\n Et comme plus de 2 millions de lectrices et lecteurs chaque mois, vous partagez sans doute cette conviction&#8230;<\/p>\n<p>Alors si vous en avez les moyens, sachez qu\u2019un don, m\u00eame d\u20191\u20ac, est un acte de soutien fort pour l\u2019\u00e9cologie et le journalisme ind\u00e9pendant.<br class=\"autobr\"\/><br \/>\n (Et \u00e7a vous prendra moins de temps que la lecture de ce texte).<\/p>\n<p><strong>Si vous le pouvez, choisissez un soutien mensuel. Merci.<\/strong><\/p>\n<p><a target=\"_blank\" href=\"https:\/\/reporterre.net\/dons\" class=\"bt_soutenir\">Je soutiens <i>Reporterre<\/i><\/a><\/p>\n<\/p><\/div>\n<div class=\"encart encart_vert noprint montre_1023\">\n<div class=\"infolettre-form-container noprint\">\n<p>Abonnez-vous \u00e0 la lettre d\u2019info de Reporterre<\/p>\n<\/div><\/div>\n<\/aside>\n<aside class=\"boite_apresarticle encart_note\">\n<h4>Apr\u00e8s cet article<\/h4>\n<p>      <a target=\"_blank\" href=\"https:\/\/reporterre.net\/Black-Friday-des-commercants-veulent-censurer-des-pubs-pour-la-sobriete\" class=\"lien_article\">\n      <picture class=\"vignette_gauche\"><source type=\"image\/webp\" srcset=\"https:\/\/reporterre.net\/local\/cache-gd2\/a1\/cc2ad3774de3308a22ce18df2f9940.jpg@.webp?1730150279\"><img decoding=\"async\" src=\"https:\/\/reporterre.net\/local\/cache-gd2\/a1\/cc2ad3774de3308a22ce18df2f9940.jpg?1730150279\" width=\"450\" height=\"300\" alt=\"\" class=\"marge12\" loading=\"lazy\"\/><br \/>\n<\/source><\/picture>\n<p class=\"libelle\">\n<p>      Politique\n    <\/p>\n<p class=\"titre pol20\">Black Friday\u00a0: des commer\u00e7ants veulent censurer des pubs pour la sobri\u00e9t\u00e9 <\/p>\n<p>      <\/a><br \/>\n    <\/aside>\n<aside class=\"boite_complement texte\">\n<p>      <!-- zone_forum --><br \/>\n          <\/aside>\n<aside class=\"boite_lireaussi noprint\">\n<\/aside>\n<aside class=\"colonne\">\n<div class=\"article_info cache_1023 noprint\">\n        <span class=\"date\">27 novembre 2024  \u00e0 09h43<\/span><\/p>\n<p class=\"duree_lecture\">\n        Dur\u00e9e de lecture : 2 minutes\n      <\/p>\n<\/p><\/div>\n<div class=\"bloc_infolettre\">\n<div class=\"infolettre-form-container noprint\">\n<p>Abonnez-vous \u00e0 la lettre d\u2019info de Reporterre<\/p>\n<\/div><\/div>\n<\/aside>\n<div id=\"galerie\">\n  <img decoding=\"async\" src=\"\" class=\"principale\" id=\"principale\"\/><\/p>\n<p id=\"legende\">legende<\/p>\n<\/div>\n<footer class=\"noprint\">\n<\/footer>\n<\/div>\n<p><br \/>\n<br \/><a href=\"https:\/\/reporterre.net\/La-fast-fashion-menace-l-industrie-francaise-du-textile\" target=\"_blank\"\">Source link <\/a><\/p>\n","protected":false},"excerpt":{"rendered":"<p>L\u2019industrie textile a perdu pr\u00e8s de 300 000 emplois en France depuis 1990, tandis que Shein a d\u00e9pass\u00e9 Zara en chiffre d&rsquo;affaires l&rsquo;an dernier. &#8211; northleg_official \/ Unsplash L\u2019industrie textile&hellip; <\/p>\n","protected":false},"author":1,"featured_media":1005,"comment_status":"open","ping_status":"open","sticky":false,"template":"","format":"standard","meta":{"footnotes":""},"categories":[1],"tags":[],"class_list":["post-1004","post","type-post","status-publish","format-standard","has-post-thumbnail","hentry","category-non-classe"],"_links":{"self":[{"href":"https:\/\/monde25.info\/index.php\/wp-json\/wp\/v2\/posts\/1004","targetHints":{"allow":["GET"]}}],"collection":[{"href":"https:\/\/monde25.info\/index.php\/wp-json\/wp\/v2\/posts"}],"about":[{"href":"https:\/\/monde25.info\/index.php\/wp-json\/wp\/v2\/types\/post"}],"author":[{"embeddable":true,"href":"https:\/\/monde25.info\/index.php\/wp-json\/wp\/v2\/users\/1"}],"replies":[{"embeddable":true,"href":"https:\/\/monde25.info\/index.php\/wp-json\/wp\/v2\/comments?post=1004"}],"version-history":[{"count":0,"href":"https:\/\/monde25.info\/index.php\/wp-json\/wp\/v2\/posts\/1004\/revisions"}],"wp:featuredmedia":[{"embeddable":true,"href":"https:\/\/monde25.info\/index.php\/wp-json\/wp\/v2\/media\/1005"}],"wp:attachment":[{"href":"https:\/\/monde25.info\/index.php\/wp-json\/wp\/v2\/media?parent=1004"}],"wp:term":[{"taxonomy":"category","embeddable":true,"href":"https:\/\/monde25.info\/index.php\/wp-json\/wp\/v2\/categories?post=1004"},{"taxonomy":"post_tag","embeddable":true,"href":"https:\/\/monde25.info\/index.php\/wp-json\/wp\/v2\/tags?post=1004"}],"curies":[{"name":"wp","href":"https:\/\/api.w.org\/{rel}","templated":true}]}}