{"id":1012,"date":"2024-11-27T12:46:03","date_gmt":"2024-11-27T11:46:03","guid":{"rendered":"https:\/\/monde25.info\/index.php\/2024\/11\/27\/zakharova-promet-des-mesures-de-represailles-rt-en-francais\/"},"modified":"2024-11-27T12:46:03","modified_gmt":"2024-11-27T11:46:03","slug":"zakharova-promet-des-mesures-de-represailles-rt-en-francais","status":"publish","type":"post","link":"https:\/\/monde25.info\/index.php\/2024\/11\/27\/zakharova-promet-des-mesures-de-represailles-rt-en-francais\/","title":{"rendered":"Zakharova promet des \u00abmesures de repr\u00e9sailles\u00bb \u2014 RT en fran\u00e7ais"},"content":{"rendered":"<p> <br \/>\n<br \/><img decoding=\"async\" src=\"https:\/\/mf.b37mrtl.ru\/french\/images\/2024.11\/thumbnail\/6746cf1987f3ec751a179982.jpg\" \/><\/p>\n<div>\n<p class=\"text__summary\">\n                                        La cha\u00eene de t\u00e9l\u00e9vision Pervy Kanal a annonc\u00e9 ce 27 novembre que les autorit\u00e9s allemandes avaient d\u00e9cid\u00e9 de fermer son bureau dans le pays. Deux journalistes vont quitter l&rsquo;Allemagne d&rsquo;ici mi-d\u00e9cembre. La porte-parole de la diplomatie russe, Maria Zakharova, a d\u00e9clar\u00e9 que des \u00abmesures de repr\u00e9sailles\u00bb seraient annonc\u00e9es dans la journ\u00e9e.\n                                    <\/p>\n<p>\u00abDes mesures de repr\u00e9sailles seront annonc\u00e9es aujourd&rsquo;hui\u00bb,\u00a0<a target=\"_blank\" href=\"https:\/\/tass.ru\/politika\/22507479\" target=\"_blank\" rel=\"noopener noreferrer\">a d\u00e9clar\u00e9<\/a>\u00a0ce 27 novembre \u00e0 l&rsquo;agence TASS la porte-parole de la diplomatie russe Maria Zakharova. Cette\u00a0r\u00e9action de la diplomate fait suite \u00e0 l&rsquo;annonce par Pervy Kanal, plus t\u00f4t dans la matin\u00e9e, de la fermeture de son bureau en Allemagne,\u00a0<a target=\"_blank\" href=\"https:\/\/www.1tv.ru\/news\/2024-11-27\/493768-vlasti_germanii_zakryvayut_nemetskoe_byuro_pervogo_kanala\" target=\"_blank\" rel=\"noopener noreferrer\">d\u00e9cid\u00e9e<\/a>\u00a0par les autorit\u00e9s du pays.<\/p>\n<p>Le correspondant Ivan Blago\u00ef et le cam\u00e9raman Dmitri Volkov ont re\u00e7u l&rsquo;ordre de quitter l&rsquo;Allemagne, a indiqu\u00e9 la cha\u00eene russe. \u00abVous pouvez parler, mais seulement de ce qui correspond \u00e0 la ligne politique adopt\u00e9e en Occident\u00bb, a\u00a0<a target=\"_blank\" href=\"https:\/\/www.1tv.ru\/news\/2024-11-27\/493768-vlasti_germanii_zakryvayut_nemetskoe_byuro_pervogo_kanala\" target=\"_blank\" rel=\"noopener noreferrer\">d\u00e9clar\u00e9<\/a>\u00a0la cha\u00eene, sur son site, qualifiant cette d\u00e9cision de \u00ablibert\u00e9 d&rsquo;expression \u00e0 l&rsquo;europ\u00e9enne\u00bb.<\/p>\n<p>\u00abDans la premi\u00e8re moiti\u00e9 de d\u00e9cembre, Ivan Blago\u00ef et Dmitri Volkov quitteront le territoire de la RFA. Cette d\u00e9cision est motiv\u00e9e par les int\u00e9r\u00eats de la politique de s\u00e9curit\u00e9 de la R\u00e9publique f\u00e9d\u00e9rale d&rsquo;Allemagne\u00bb, a\u00a0d\u00e9clar\u00e9 Blago\u00ef, se r\u00e9f\u00e9rant \u00e0 un\u00a0document\u00a0qu&rsquo;il aurait re\u00e7u des autorit\u00e9s allemandes et dont Pervy Kanal a diffus\u00e9 des extraits \u00e0 l&rsquo;antenne.<\/p>\n<p>Selon\u00a0ce document, cit\u00e9 par la cha\u00eene, \u00ables activit\u00e9s de Pervy Kanal constituent une menace significative et imm\u00e9diate pour l&rsquo;ordre public et la s\u00e9curit\u00e9 en Allemagne et dans l&rsquo;Union europ\u00e9enne, car elles constituent une menace pour l&rsquo;opinion publique et le processus de prise de d\u00e9cision dans les \u00c9tats membres\u00bb.<\/p>\n<p>Selon Blago\u00ef, la d\u00e9cision en question a \u00e9t\u00e9 re\u00e7ue la veille, le 26 novembre. Selon le\u00a0correspondant celle-ci ferait suite \u00e0 un reportage\u00a0de la cha\u00eene concernant l&rsquo;arrestation \u00e0 Kaliningrad d&rsquo;un citoyen allemand d&rsquo;origine ukrainienne, Mykola Haidouk. Celui-ci est impliqu\u00e9, selon le FSB, dans le sabotage d&rsquo;une station de distribution de gaz \u00e0 Kaliningrad au mois de mars et aurait agi pour le compte des services ukrainiens.<\/p>\n<h2>Les m\u00e9dias russes et leurs journalistes, cibles de toujours plus de restrictions<\/h2>\n<p>Cette fermeture de Pervy Kanal en Allemagne s&rsquo;inscrit dans un contexte coercitif\u00a0grandissant en Occident \u00e0 l&rsquo;\u00e9gard\u00a0des m\u00e9dias russes. Fin octobre, Maria Zakharova avait <a target=\"_blank\" href=\"https:\/\/radiosputnik.ru\/20241030\/1974467810.html\" target=\"_blank\" rel=\"noopener noreferrer\">relat\u00e9<\/a>\u00a0au micro de Sputnik qu&rsquo;une \u00e9quipe de tournage d&rsquo;Izvestia\u00a0avait \u00e9t\u00e9 retenue \u00e0 l&rsquo;a\u00e9roport de Washington alors\u00a0qu&rsquo;elle se rendait aux \u00c9tats-Unis pour couvrir l&rsquo;\u00e9lection pr\u00e9sidentielle.<\/p>\n<p>Bien que ces journalistes aient suivi \u00abtoutes les proc\u00e9dures, obtenu les visas et les permis\u00bb, avait-elle d\u00e9clar\u00e9, ceux-ci ont \u00e9t\u00e9 soumis \u00e0 un interrogatoire de \u00abplusieurs heures\u00bb et l&rsquo;un d&rsquo;eux n&rsquo;a pas pu franchir la fronti\u00e8re. La d\u00e9cision a \u00e9t\u00e9 justifi\u00e9e par des \u00abraisons administratives\u00bb, a rapport\u00e9 la repr\u00e9sentante du minist\u00e8re russe des Affaires \u00e9trang\u00e8res.<\/p>\n<p>D\u00e9but septembre, brandissant \u00abdes tentatives de Moscou d&rsquo;influencer l&rsquo;\u00e9lection pr\u00e9sidentielle\u00bb, le d\u00e9partement du Tr\u00e9sor am\u00e9ricain avait\u00a0<a target=\"_blank\" href=\"https:\/\/home.treasury.gov\/news\/press-releases\/jy2559\" target=\"_blank\" rel=\"noopener noreferrer\">impos\u00e9<\/a>\u00a0des sanctions contre le groupe de m\u00e9dias Rossia Segodnia et ses filiales RIA Novosti, RT, Sputnik et Ruptly. La r\u00e9dactrice en chef de RT, Margarita Simonian, ainsi que plusieurs cadres de la cha\u00eene ont \u00e9galement \u00e9t\u00e9 cibl\u00e9s par ces restrictions am\u00e9ricaines. Le m\u00eame mois, sur fond de ces accusations de Washington, Meta avait\u00a0<a target=\"_blank\" href=\"https:\/\/www.nbcnews.com\/news\/us-news\/meta-bans-rt-russian-disinformation-rcna171402\" target=\"_blank\" rel=\"noopener noreferrer\">banni<\/a>\u00a0RT et le groupe de m\u00e9dias Rossia Segodnia de ses applications.<\/p>\n<p>En juillet, lors des Jeux olympiques de Paris, trois reporters\u00a0et un photographe de l&rsquo;agence TASS, s&rsquo;\u00e9taient vu retirer leur accr\u00e9ditation durant les Jeux.\u00a0Des retraits qualifi\u00e9s\u00a0d&rsquo;\u00ab<a target=\"_blank\" href=\"https:\/\/tass.ru\/politika\/21418901\" target=\"_blank\" rel=\"noopener noreferrer\">inacceptables<\/a>\u00bb par le porte-parole du Kremlin, Dmitri Peskov, d\u00e9non\u00e7ant une \u00abatteinte \u00e0 la libert\u00e9 des m\u00e9dias\u00bb.<\/p>\n<p>\u00abNous avons refus\u00e9 des \u00ab\u00a0journalistes\u00a0\u00bb en grand nombre, qui pr\u00e9tendaient couvrir les Jeux\u00bb, avait <a target=\"_blank\" href=\"https:\/\/www.lejdd.fr\/politique\/exclusif-gerald-darmanin-au-jdd-aucune-menace-caracterisee-sur-louverture-des-jo-de-paris-147734\" target=\"_blank\" rel=\"noopener noreferrer\">d\u00e9clar\u00e9<\/a>,\u00a0le ministre fran\u00e7ais de l&rsquo;Int\u00e9rieur, G\u00e9rald Darmanin,\u00a0lors d&rsquo;une interview accord\u00e9e au\u00a0<em>Journal du Dimanche<\/em>, alors qu&rsquo;il \u00e9tait interrog\u00e9 sur les \u00abdemandes russes\u00bb d&rsquo;accr\u00e9ditations.<\/p>\n<\/div>\n<p><br \/>\n<br \/><a href=\"https:\/\/francais.rt.com\/russie\/114968-fermeture-pervy-kanal-allemagne-zakharova\" target=\"_blank\"\">Source link <\/a><\/p>\n","protected":false},"excerpt":{"rendered":"<p>La cha\u00eene de t\u00e9l\u00e9vision Pervy Kanal a annonc\u00e9 ce 27 novembre que les autorit\u00e9s allemandes avaient d\u00e9cid\u00e9 de fermer son bureau dans le pays. Deux journalistes vont quitter l&rsquo;Allemagne d&rsquo;ici&hellip; <\/p>\n","protected":false},"author":1,"featured_media":1013,"comment_status":"open","ping_status":"open","sticky":false,"template":"","format":"standard","meta":{"footnotes":""},"categories":[1],"tags":[],"class_list":["post-1012","post","type-post","status-publish","format-standard","has-post-thumbnail","hentry","category-non-classe"],"_links":{"self":[{"href":"https:\/\/monde25.info\/index.php\/wp-json\/wp\/v2\/posts\/1012","targetHints":{"allow":["GET"]}}],"collection":[{"href":"https:\/\/monde25.info\/index.php\/wp-json\/wp\/v2\/posts"}],"about":[{"href":"https:\/\/monde25.info\/index.php\/wp-json\/wp\/v2\/types\/post"}],"author":[{"embeddable":true,"href":"https:\/\/monde25.info\/index.php\/wp-json\/wp\/v2\/users\/1"}],"replies":[{"embeddable":true,"href":"https:\/\/monde25.info\/index.php\/wp-json\/wp\/v2\/comments?post=1012"}],"version-history":[{"count":0,"href":"https:\/\/monde25.info\/index.php\/wp-json\/wp\/v2\/posts\/1012\/revisions"}],"wp:featuredmedia":[{"embeddable":true,"href":"https:\/\/monde25.info\/index.php\/wp-json\/wp\/v2\/media\/1013"}],"wp:attachment":[{"href":"https:\/\/monde25.info\/index.php\/wp-json\/wp\/v2\/media?parent=1012"}],"wp:term":[{"taxonomy":"category","embeddable":true,"href":"https:\/\/monde25.info\/index.php\/wp-json\/wp\/v2\/categories?post=1012"},{"taxonomy":"post_tag","embeddable":true,"href":"https:\/\/monde25.info\/index.php\/wp-json\/wp\/v2\/tags?post=1012"}],"curies":[{"name":"wp","href":"https:\/\/api.w.org\/{rel}","templated":true}]}}