{"id":1021,"date":"2024-11-27T16:38:39","date_gmt":"2024-11-27T15:38:39","guid":{"rendered":"https:\/\/monde25.info\/index.php\/2024\/11\/27\/la-democratie-turque-en-suspens-par-ariane-bonzon-le-monde-diplomatique-mai-2023\/"},"modified":"2024-11-27T16:38:39","modified_gmt":"2024-11-27T15:38:39","slug":"la-democratie-turque-en-suspens-par-ariane-bonzon-le-monde-diplomatique-mai-2023","status":"publish","type":"post","link":"https:\/\/monde25.info\/index.php\/2024\/11\/27\/la-democratie-turque-en-suspens-par-ariane-bonzon-le-monde-diplomatique-mai-2023\/","title":{"rendered":"La d\u00e9mocratie turque en suspens, par Ariane Bonzon (Le Monde diplomatique, mai 2023)"},"content":{"rendered":"<p> <br \/>\n<\/p>\n<div>\n<figure class=\"spip_document_31370 spip_documents spip_documents_center xl\" style=\"width:890px;\">\n<div class=\"limage\">\n<p>\t\t\t<img loading=\"lazy\" decoding=\"async\" src=\"https:\/\/www.monde-diplomatique.fr\/\/local\/cache-vignettes\/L890xH688\/img007-49-ae94e.jpg?1682607758\" width=\"890\" height=\"688\" class=\"spip_logos\" alt=\"JPEG - 96.4\u00a0ko\"\/><\/p><\/div><figcaption>\n<p>Vav Hakobyan. \u2014 Sans titre, 2022<\/p>\n<p>\u00a9 Vav Hakobyan &#8211; Galeri 77, Istanbul\n<\/p>\n<\/figcaption><\/figure>\n<p><span class=\"mot-lettrine\"><span class=\"lettrine\">J<\/span>amais<\/span> depuis vingt ans en Turquie l\u2019opposition \u00e0 M.\u00a0Recep Tayyip Erdo\u011fan n\u2019aura \u00e9t\u00e9 si pr\u00e8s de le d\u00e9faire \u00e0 un scrutin l\u00e9gislatif et pr\u00e9sidentiel. Candidat \u00e0 un troisi\u00e8me mandat successif, le reis appara\u00eet en difficult\u00e9 depuis plusieurs mois m\u00eame si l\u2019\u00e9cart avec son rival, M.\u00a0Kemal K\u0131l\u0131\u00e7daro\u011flu, se resserre parfois selon certains sondages. La mauvaise situation \u00e9conomique depuis 2021 puis le choc du double s\u00e9isme du 6\u00a0f\u00e9vrier dernier \u2014 au moins cinquante mille morts, dus en grande partie \u00e0 la politique d\u2019urbanisation, client\u00e9liste et affairiste, du gouvernement ainsi qu\u2019\u00e0 sa gestion d\u00e9faillante des secours \u2014 expliquent pour l\u2019essentiel la d\u00e9saffection dont le pr\u00e9sident est l\u2019objet.<\/p>\n<p>Favori des sondages, M.\u00a0K\u0131l\u0131\u00e7daro\u011flu, 74\u00a0ans, fait figure d\u2019antith\u00e8se du num\u00e9ro un turc. Sans grand charisme, mais non d\u00e9pourvu de malice, cet \u00e9conomiste placide a le profil de nombreux fonctionnaires de gauche, la\u00efques, souverainistes et nationalistes, qui ont longtemps constitu\u00e9 l\u2019armature de l\u2019\u00c9tat, avant d\u2019en \u00eatre progressivement \u00e9vinc\u00e9s par le Parti de la justice et du d\u00e9veloppement\u00a0(AKP), au pouvoir depuis 2002. D\u2019origine modeste, n\u00e9 dans la r\u00e9gion frondeuse de Dersim, M.\u00a0K\u0131l\u0131\u00e7daro\u011flu appartient \u00e0 la communaut\u00e9 al\u00e9vie, o\u00f9 se pratique un culte h\u00e9t\u00e9rodoxe et syncr\u00e9tique puisant tour \u00e0 tour dans l\u2019islam chiite, le mysticisme, le zoroastrisme et m\u00eame le christianisme. Un rite que M.\u00a0Erdo\u011fan, sunnite traditionaliste, stigmatise souvent avec la volont\u00e9 manifeste de polariser la soci\u00e9t\u00e9 turque.<\/p>\n<p>D\u00e9put\u00e9, puis pr\u00e9sident du Parti r\u00e9publicain du peuple\u00a0(CHP, parti \u00ab<small class=\"fine\">\u00a0<\/small>historique<small class=\"fine\">\u00a0<\/small>\u00bb, \u00e0 l\u2019origine de la fondation de la R\u00e9publique), M.\u00a0K\u0131l\u0131\u00e7daro\u011flu s\u2019est fait conna\u00eetre du grand public en d\u00e9non\u00e7ant, non sans un certain succ\u00e8s, plusieurs affaires de corruption impliquant des proches du pouvoir. Puis en prenant en 2017, \u00e0 69\u00a0ans, la t\u00eate d\u2019une marche pour la justice reliant Ankara \u00e0 Istanbul contre les purges massives men\u00e9es par le gouvernement \u00e0 la suite du putsch militaire rat\u00e9 de juillet\u00a02016. <i>\u00ab<small class=\"fine\">\u00a0<\/small>Si les autorit\u00e9s judiciaires vous convoquent demain\u00a0(&#8230;)<\/i><\/p>\n<\/p><\/div>\n<p>Taille de l\u2019article complet\u00a0:\u00a0<span>2\u00a0387<\/span>\u00a0mots.<\/p>\n<p><br \/>\n<br \/><a href=\"https:\/\/www.monde-diplomatique.fr\/2023\/05\/BONZON\/65767\" target=\"_blank\"\">Source link <\/a><\/p>\n","protected":false},"excerpt":{"rendered":"<p>Vav Hakobyan. \u2014 Sans titre, 2022 \u00a9 Vav Hakobyan &#8211; Galeri 77, Istanbul Jamais depuis vingt ans en Turquie l\u2019opposition \u00e0 M.\u00a0Recep Tayyip Erdo\u011fan n\u2019aura \u00e9t\u00e9 si pr\u00e8s de le&hellip; <\/p>\n","protected":false},"author":1,"featured_media":1022,"comment_status":"open","ping_status":"open","sticky":false,"template":"","format":"standard","meta":{"footnotes":""},"categories":[1],"tags":[],"class_list":["post-1021","post","type-post","status-publish","format-standard","has-post-thumbnail","hentry","category-non-classe"],"_links":{"self":[{"href":"https:\/\/monde25.info\/index.php\/wp-json\/wp\/v2\/posts\/1021","targetHints":{"allow":["GET"]}}],"collection":[{"href":"https:\/\/monde25.info\/index.php\/wp-json\/wp\/v2\/posts"}],"about":[{"href":"https:\/\/monde25.info\/index.php\/wp-json\/wp\/v2\/types\/post"}],"author":[{"embeddable":true,"href":"https:\/\/monde25.info\/index.php\/wp-json\/wp\/v2\/users\/1"}],"replies":[{"embeddable":true,"href":"https:\/\/monde25.info\/index.php\/wp-json\/wp\/v2\/comments?post=1021"}],"version-history":[{"count":0,"href":"https:\/\/monde25.info\/index.php\/wp-json\/wp\/v2\/posts\/1021\/revisions"}],"wp:featuredmedia":[{"embeddable":true,"href":"https:\/\/monde25.info\/index.php\/wp-json\/wp\/v2\/media\/1022"}],"wp:attachment":[{"href":"https:\/\/monde25.info\/index.php\/wp-json\/wp\/v2\/media?parent=1021"}],"wp:term":[{"taxonomy":"category","embeddable":true,"href":"https:\/\/monde25.info\/index.php\/wp-json\/wp\/v2\/categories?post=1021"},{"taxonomy":"post_tag","embeddable":true,"href":"https:\/\/monde25.info\/index.php\/wp-json\/wp\/v2\/tags?post=1021"}],"curies":[{"name":"wp","href":"https:\/\/api.w.org\/{rel}","templated":true}]}}