{"id":1023,"date":"2024-11-27T17:11:43","date_gmt":"2024-11-27T16:11:43","guid":{"rendered":"https:\/\/monde25.info\/index.php\/2024\/11\/27\/lithium-dans-lallier-la-mine-pourrait-etre-exploitee-50-ans\/"},"modified":"2024-11-27T17:11:43","modified_gmt":"2024-11-27T16:11:43","slug":"lithium-dans-lallier-la-mine-pourrait-etre-exploitee-50-ans","status":"publish","type":"post","link":"https:\/\/monde25.info\/index.php\/2024\/11\/27\/lithium-dans-lallier-la-mine-pourrait-etre-exploitee-50-ans\/","title":{"rendered":"Lithium dans l&#039;Allier\u00a0: la mine pourrait \u00eatre exploit\u00e9e 50 ans"},"content":{"rendered":"<p> <br \/>\n<br \/><img loading=\"lazy\" decoding=\"async\" src=\"https:\/\/reporterre.net\/local\/cache-vignettes\/L700xH467\/capture_d_ecran_du_2024-11-27_16-24-31-c32b2.jpg?1732721784\" class=\"spip_logo\" width=\"700\" height=\"467\" alt=\"\" \/><\/p>\n<p>Changement de programme. La premi\u00e8re mine de lithium en France pourrait \u00eatre exploit\u00e9e pendant cinquante ans, et non vingt-cinq ans, comme pr\u00e9vu initialement. <br class=\"autobr\" \/><br \/>\nCe projet, port\u00e9 par le groupe Imerys dans l&rsquo;Allier, est tr\u00e8s contest\u00e9 localement. Appel\u00e9 Emili (pour \u00ab<small class=\"fine d-inline\">\u00a0<\/small>exploitation de mica lithinif\u00e8re<small class=\"fine d-inline\">\u00a0<\/small>\u00bb), il vise \u00e0 produire, \u00e0 partir de 2028, de l&rsquo;hydroxyde de lithium pour \u00e9quiper 700\u00a0000 batteries de v\u00e9hicules \u00e9lectriques. Il co\u00fbterait environ 1\u00a0milliard d&rsquo;euros d&rsquo;investissement. <br class=\"autobr\" \/><br \/>\nAlors que le\u00a0(\u2026)<\/p>\n<p>                    <a target=\"_blank\" href=\"https:\/\/reporterre.net\/Lithium-dans-l-Allier-la-mine-pourrait-etre-exploitee-50-ans?utm_source=RSS&amp;utm_medium=RSS\">Lire la suite<\/a><\/p>\n<p>                    &#8211;<br \/>\n                        <a target=\"_blank\" href=\"https:\/\/reporterre.net\/Breves-20\" rel=\"directory\">En bref<\/a><\/p>\n<p>                    \/<br \/>\n                        <a target=\"_blank\" href=\"https:\/\/reporterre.net\/Mines-et-Gaz-de-schiste\" rel=\"tag\">Mines et m\u00e9taux<\/a><br \/>\n<br \/><br \/>\n<br \/><a href=\"https:\/\/reporterre.net\/Lithium-dans-l-Allier-la-mine-pourrait-etre-exploitee-50-ans\" target=\"_blank\"\">Source link <\/a><\/p>\n","protected":false},"excerpt":{"rendered":"<p>Changement de programme. La premi\u00e8re mine de lithium en France pourrait \u00eatre exploit\u00e9e pendant cinquante ans, et non vingt-cinq ans, comme pr\u00e9vu initialement. Ce projet, port\u00e9 par le groupe Imerys&hellip; <\/p>\n","protected":false},"author":1,"featured_media":1024,"comment_status":"open","ping_status":"open","sticky":false,"template":"","format":"standard","meta":{"footnotes":""},"categories":[1],"tags":[],"class_list":["post-1023","post","type-post","status-publish","format-standard","has-post-thumbnail","hentry","category-non-classe"],"_links":{"self":[{"href":"https:\/\/monde25.info\/index.php\/wp-json\/wp\/v2\/posts\/1023","targetHints":{"allow":["GET"]}}],"collection":[{"href":"https:\/\/monde25.info\/index.php\/wp-json\/wp\/v2\/posts"}],"about":[{"href":"https:\/\/monde25.info\/index.php\/wp-json\/wp\/v2\/types\/post"}],"author":[{"embeddable":true,"href":"https:\/\/monde25.info\/index.php\/wp-json\/wp\/v2\/users\/1"}],"replies":[{"embeddable":true,"href":"https:\/\/monde25.info\/index.php\/wp-json\/wp\/v2\/comments?post=1023"}],"version-history":[{"count":0,"href":"https:\/\/monde25.info\/index.php\/wp-json\/wp\/v2\/posts\/1023\/revisions"}],"wp:featuredmedia":[{"embeddable":true,"href":"https:\/\/monde25.info\/index.php\/wp-json\/wp\/v2\/media\/1024"}],"wp:attachment":[{"href":"https:\/\/monde25.info\/index.php\/wp-json\/wp\/v2\/media?parent=1023"}],"wp:term":[{"taxonomy":"category","embeddable":true,"href":"https:\/\/monde25.info\/index.php\/wp-json\/wp\/v2\/categories?post=1023"},{"taxonomy":"post_tag","embeddable":true,"href":"https:\/\/monde25.info\/index.php\/wp-json\/wp\/v2\/tags?post=1023"}],"curies":[{"name":"wp","href":"https:\/\/api.w.org\/{rel}","templated":true}]}}