{"id":1025,"date":"2024-11-27T17:44:43","date_gmt":"2024-11-27T16:44:43","guid":{"rendered":"https:\/\/monde25.info\/index.php\/2024\/11\/27\/limportance-de-linformation-a-une-epoque-de-desinformation\/"},"modified":"2024-11-27T17:44:43","modified_gmt":"2024-11-27T16:44:43","slug":"limportance-de-linformation-a-une-epoque-de-desinformation","status":"publish","type":"post","link":"https:\/\/monde25.info\/index.php\/2024\/11\/27\/limportance-de-linformation-a-une-epoque-de-desinformation\/","title":{"rendered":"L\u2019importance de l\u2019information \u00e0 une \u00e9poque de d\u00e9sinformation"},"content":{"rendered":"<p> <br \/>\n<\/p>\n<div>\n<h4><strong>Donald Trump a \u00e9t\u00e9 r\u00e9\u00e9lu pr\u00e9sident des \u00c9tats-Unis apr\u00e8s une campagne de d\u00e9sinformation sans pr\u00e9c\u00e9dent dans l\u2019histoire des USA. En Chine, la r\u00e9publique populaire<a target=\"_blank\" href=\"https:\/\/www.nytimes.com\/2013\/08\/20\/world\/asia\/chinas-new-leadership-takes-hard-line-in-secret-memo.html\">\u00a0censure toute information<\/a> portant sur <a target=\"_blank\" href=\"https:\/\/fr.wikipedia.org\/wiki\/Censure_en_r%C3%A9publique_populaire_de_Chine\">le r\u00e9gime, le mod\u00e8le \u00e9conomique ou la soci\u00e9t\u00e9 civile<\/a>. Selon National Geographic, <a target=\"_blank\" href=\"https:\/\/www.nationalgeographic.fr\/sciences\/un-francais-sur-10-pense-que-la-terre-est-plate\">un Fran\u00e7ais sur dix<\/a> pense que la Terre est plate. Et si le grand mal du si\u00e8cle \u00e9tait notre relation \u00e0 l\u2019information ? Billet d\u2019humeur.<\/strong><br \/><span id=\"more-688832\"\/><\/h4>\n<p>La d\u00e9sinformation fait rage. <strong>Comment agir pour une information de qualit\u00e9 ?<\/strong> Voici des pistes essentielles pour rester dans le r\u00e9el.<\/p>\n<h2 class=\"elementToProof\"><strong>Le traitement de l\u2019information<\/strong><\/h2>\n<p>Pour comprendre,<strong> il faut remonter \u00e0 la source<\/strong>. Un fait (d\u00e9couverte scientifique, moment historique, fait divers\u2026) est recueilli par un correspondant (journaliste, scientifique, t\u00e9moin\u2026) puis transmis \u00e0 une agence de presse, comme Reuters ou l\u2019AFP, ou directement aux m\u00e9dias.<\/p>\n<p>Ces derniers effectuent alors des v\u00e9rifications et analyses afin de concevoir des articles ou des vid\u00e9os informatives.<strong> Le traitement de l\u2019information n\u2019est pas objectif<\/strong> car il d\u00e9pend du <strong>choix des mots, du contenu r\u00e9dactionnel, de sa contextualisation et des images d\u2019illustration<\/strong>. Lorsqu\u2019un journal titre <em>Une voiture renverse un cycliste<\/em>, il invisibilise l\u2019agresseur (car c\u2019est le chauffeur est responsable, pas sa voiture) et<strong> oriente le traitement de cette information<\/strong> (selon qu\u2019il interviewe le cycliste, le chauffeur ou un t\u00e9moin de la sc\u00e8ne).<\/p>\n<p><iframe loading=\"lazy\" title=\"&quot;LE JOURNALISME NEUTRE N&#039;EXISTE PAS&quot;, AVEC CL\u00c9MENT VIKTOROVITCH\" width=\"1110\" height=\"624\" src=\"https:\/\/www.youtube.com\/embed\/_8NB-vuuBaQ?feature=oembed\" frameborder=\"0\" allow=\"accelerometer; autoplay; clipboard-write; encrypted-media; gyroscope; picture-in-picture; web-share\" referrerpolicy=\"strict-origin-when-cross-origin\" allowfullscreen><\/iframe><\/p>\n<p>Enfin, <strong>tout article s\u2019inscrit dans la ligne \u00e9ditoriale du m\u00e9dia \u00e9diteur<\/strong> (il suffit de lire un article de Valeurs Actuelles ou d\u2019\u00e9couter Pascal Praud sur CNews pour s\u2019en rendre compte). Ainsi, le traitement effectu\u00e9 entre un fait initial et la publication finale peut <strong>orienter voire alt\u00e9rer la perception du grand public<\/strong> (et on ne parle pas des fake news qui par d\u00e9finition ne repose sur aucun fait). Pour en savoir plus, la Radio T\u00e9l\u00e9vision Suisse (RTS) a r\u00e9alis\u00e9 une vid\u00e9o expliquant le m\u00e9tier de journaliste <em><a target=\"_blank\" href=\"https:\/\/www.rts.ch\/play\/tv\/rts-decouverte\/video\/etre-journaliste-ca-veut-dire-quoi?urn=urn:rts:video:12040801\">\u00catre journaliste, \u00e7a veut dire quoi ?<\/a><\/em><\/p>\n<h2 class=\"elementToProof\"><strong>Son r\u00f4le politique et social<\/strong><\/h2>\n<p><strong>L\u2019information est le socle de la cr\u00e9ation de connaissances<\/strong> scientifiques, historiques et culturelles. Elle repr\u00e9sente ainsi un \u00e9l\u00e9ment central de notre soci\u00e9t\u00e9 et est prot\u00e9g\u00e9e par la D\u00e9claration des droits de l\u2019homme et du citoyen.<\/p>\n<figure id=\"attachment_688846\" aria-describedby=\"caption-attachment-688846\" style=\"width: 1024px\" class=\"wp-caption alignnone\"><img fetchpriority=\"high\" decoding=\"async\" class=\"wp-image-688846\" src=\"https:\/\/mrmondialisation.org\/wp-content\/uploads\/2024\/11\/declaration-des-droits-de-lhomme-et-du-citoyen-1789.jpg\" alt=\"\" width=\"1024\" height=\"1298\" srcset=\"https:\/\/mrmondialisation.org\/wp-content\/uploads\/2024\/11\/declaration-des-droits-de-lhomme-et-du-citoyen-1789.jpg 1500w, https:\/\/mrmondialisation.org\/wp-content\/uploads\/2024\/11\/declaration-des-droits-de-lhomme-et-du-citoyen-1789-808x1024.jpg 808w, https:\/\/mrmondialisation.org\/wp-content\/uploads\/2024\/11\/declaration-des-droits-de-lhomme-et-du-citoyen-1789-1202x1524.jpg 1202w, https:\/\/mrmondialisation.org\/wp-content\/uploads\/2024\/11\/declaration-des-droits-de-lhomme-et-du-citoyen-1789-768x974.jpg 768w, https:\/\/mrmondialisation.org\/wp-content\/uploads\/2024\/11\/declaration-des-droits-de-lhomme-et-du-citoyen-1789-1211x1536.jpg 1211w, https:\/\/mrmondialisation.org\/wp-content\/uploads\/2024\/11\/declaration-des-droits-de-lhomme-et-du-citoyen-1789-696x883.jpg 696w, https:\/\/mrmondialisation.org\/wp-content\/uploads\/2024\/11\/declaration-des-droits-de-lhomme-et-du-citoyen-1789-1068x1354.jpg 1068w, https:\/\/mrmondialisation.org\/wp-content\/uploads\/2024\/11\/declaration-des-droits-de-lhomme-et-du-citoyen-1789-331x420.jpg 331w\" sizes=\"(max-width: 1024px) 100vw, 1024px\"\/><figcaption id=\"caption-attachment-688846\" class=\"wp-caption-text\">La D\u00e9claration des droits de l\u2019homme et du citoyen de 1789, une des premi\u00e8res cons\u00e9cration juridiques de droits fondamentaux. Par Jean-Jacques-Fran\u00e7ois Le Barbier (1738\u20131826). Source : <a target=\"_blank\" href=\"https:\/\/commons.wikimedia.org\/wiki\/File:Declaration_of_the_Rights_of_Man_and_of_the_Citizen_in_1789.jpg\">Wikimedia Commons<\/a><\/figcaption><\/figure>\n<p>L\u2019<a target=\"_blank\" href=\"https:\/\/www.un.org\/fr\/universal-declaration-human-rights\/\">article 19<\/a> stipule ainsi que :<\/p>\n<blockquote>\n<p><strong><em>\u00ab Tout individu a droit \u00e0 la libert\u00e9 d\u2019opinion et d\u2019expression, ce qui implique le droit de ne pas \u00eatre inqui\u00e9t\u00e9 pour ses opinions et celui de chercher, de recevoir et de r\u00e9pandre, sans consid\u00e9rations de fronti\u00e8res, les informations et les id\u00e9es par quelque moyen d\u2019expression que ce soit. \u00bb<\/em><\/strong><\/p>\n<\/blockquote>\n<p>La F\u00e9d\u00e9ration internationale des journalistes qualifie<strong> <a target=\"_blank\" href=\"https:\/\/www.ifj.org\/fr\/salle-de-presse\/nouvelles\/detail\/category\/communiques-de-presse\/article\/acces-linformation-non-aux-secrets-exhortent-les-journalistes\">l\u2019acc\u00e8s \u00e0 l\u2019information de vital<\/a> pour la libert\u00e9 d\u2019expression et demande aux gouvernements du monde entier de rendre l\u2019information publique qu\u2019ils doivent aux populations<\/strong> et de cesser d\u2019interf\u00e9rer avec le travail des journalistes.<\/p>\n<h2><strong>Le grand d\u00e9tournement de l\u2019extr\u00eame droite<\/strong><\/h2>\n<p>Malheureusement,<strong> l\u2019information peut \u00eatre d\u00e9tourn\u00e9e \u00e0 des<a target=\"_blank\" href=\"https:\/\/mrmondialisation.org\/pericles-extreme-droite-sterin-complot\/\"> fins malveillantes<\/a><\/strong>. <a target=\"_blank\" href=\"https:\/\/mrmondialisation.org\/musk-visage-folie-siecle\/\">Elon Musk<\/a> a rachet\u00e9 Twitter pour le fa\u00e7onner \u00e0 son image : <strong>manipulateur, misogyne et complotiste,<\/strong> comme en t\u00e9moigne l\u2019<a target=\"_blank\" href=\"https:\/\/www.lemonde.fr\/les-decodeurs\/article\/2023\/10\/27\/un-an-de-desinformation-et-d-errements-strategiques-d-elon-musk-sur-x-anciennement-twitter-en-quarante-dates-cles_6196856_4355770.html\">article des D\u00e9codeurs du <em>Monde<\/em><\/a>.<\/p>\n<p><strong><a target=\"_blank\" href=\"https:\/\/mrmondialisation.org\/vincent-bollore-extreme-droite\/\">Vincent Bollor\u00e9<\/a>, actionnaire majoritaire de Vivendi et du groupe Canal Plus, utilise sa fortune et<a target=\"_blank\" href=\"https:\/\/mrmondialisation.org\/tribune-appel-a-desarmer-lempire-bollore\/\"> ses m\u00e9dias<\/a> pour cr\u00e9er et lancer des <a target=\"_blank\" href=\"https:\/\/mrmondialisation.org\/editorialistes-militants-neoliberalisme\/\">marionnettes de sa propagande<\/a> <\/strong>(Pascal Praud, Cyril Hanouna, Eric Zemmour\u2026). Lorsque Hanouna s\u2019en prend ouvertement au d\u00e9put\u00e9 LFI Louis Boyard en direct sur son plateau de t\u00e9l\u00e9vision ou qu\u2019il insulte la maire de Paris Anne Hidalgo,<strong> le grand patron se contente de payer l\u2019amende<\/strong> de l\u2019Arcom.<\/p>\n<p>Le Media a analys\u00e9 cette relation malsaine dans la vid\u00e9o ci-dessous.<\/p>\n<div class=\"td-a-rec td-a-rec-id-content_inlineright  tdi_1 td_block_template_1\">\n<span class=\"td-adspot-title\">&#8211; Pour une information libre ! &#8211;<\/span><a target=\"_blank\" href=\"https:\/\/fr.tipeee.com\/mr-mondialisation\" class=\"tipeee-project-small\">Soutenir Mr Japanization sur Tipeee<\/a>\n<\/div>\n<p><iframe loading=\"lazy\" title=\"HANOUNA-BOLLOR\u00c9 : POURQUOI ILS N&#039;ONT VRAIMENT AUCUNE LIMITE\" width=\"1110\" height=\"624\" src=\"https:\/\/www.youtube.com\/embed\/nWoHfr9WkHg?feature=oembed\" frameborder=\"0\" allow=\"accelerometer; autoplay; clipboard-write; encrypted-media; gyroscope; picture-in-picture; web-share\" referrerpolicy=\"strict-origin-when-cross-origin\" allowfullscreen><\/iframe><\/p>\n<h2><strong>L\u2019ampleur des r\u00e9seaux sociaux<\/strong><\/h2>\n<p>Lorsque l\u2019on \u00e9voque les r\u00e9seaux sociaux, on pense au temps perdu devant des vid\u00e9os vides de sens. Au-del\u00e0 de ce constat se cache d\u2019autres probl\u00e8mes bien plus grave. Ces vid\u00e9os engendrent des <strong>troubles de l\u2019attention qui alt\u00e8rent nos capacit\u00e9s \u00e0 traiter des informations<\/strong> complexes.<\/p>\n<p>Nous sommes noy\u00e9s dans une <strong>quantit\u00e9 dantesque d\u2019informations au d\u00e9triment de la qualit\u00e9<\/strong>. Les fake news ont induit une polarisation dramatique de la soci\u00e9t\u00e9 am\u00e9ricaine, au point que la <a target=\"_blank\" href=\"https:\/\/www.rtbf.be\/article\/les-etats-unis-sont-ils-au-bord-de-la-guerre-civile-une-polarisation-croissante-depuis-la-seconde-guerre-mondiale-11458577\">RTBF s\u2019interroge sur un risque de guerre civile<\/a>. Sans parler des <strong>cons\u00e9quences concr\u00e8tes que ces r\u00e9seaux sociaux ont sur nos actions et nos \u00e9motions<\/strong>, comme le montre <em>The Social Dilemma<\/em>.<\/p>\n<p><iframe loading=\"lazy\" title=\"The Social Dilemma | Official Trailer | Netflix\" width=\"1110\" height=\"624\" src=\"https:\/\/www.youtube.com\/embed\/uaaC57tcci0?feature=oembed\" frameborder=\"0\" allow=\"accelerometer; autoplay; clipboard-write; encrypted-media; gyroscope; picture-in-picture; web-share\" referrerpolicy=\"strict-origin-when-cross-origin\" allowfullscreen><\/iframe><\/p>\n<h2><strong>S\u2019informer aujourd\u2019hui<\/strong><\/h2>\n<p>Alors que l\u2019information n\u2019a jamais \u00e9t\u00e9 aussi accessible,<strong> il est devenu paradoxalement difficile de s\u2019informer aujourd\u2019hui<\/strong>. Nous sommes perdus dans cette surinformation gangr\u00e9n\u00e9e de <a target=\"_blank\" href=\"https:\/\/mrmondialisation.org\/loi-brandolini-mensonge\/\">fake news<\/a>.<\/p>\n<p>Cependant, <strong>des solutions simples existent<\/strong>. Il est devenu primordial de <strong>v\u00e9rifier les sources d\u2019information<\/strong> (issues trop souvent de m\u00e9dias d\u00e9tenus par des milliardaires \u00e0 des fins politiques) et de les croiser. Il est aussi n\u00e9cessaire de <strong>prendre conscience des biais cognitifs<\/strong> afin de les surpasser. Le biais de confirmation fait privil\u00e9gier les informations qui <a target=\"_blank\" href=\"https:\/\/mrmondialisation.org\/ultracrepidarianisme-ils-donnent-leur-avis-sur-tout-sans-sy-connaitre\/\">confortent nos pr\u00e9jug\u00e9s et convictions<\/a> et le biais d\u2019ancrage donne une forte importance \u00e0 la premi\u00e8re information qui nous avons sur un sujet (pour ne citer qu\u2019eux).<\/p>\n<hr\/>\n<p><a target=\"_blank\" href=\"https:\/\/fr.tipeee.com\/mr-mondialisation\"><strong>Gratuit, sans subvention et ind\u00e9pendant depuis 10 ans, nous avons besoin de vous pour continuer ce travail en 2024. Sens-toi libre d\u2019activer un abonnement volontaire sur ce lien en offrant un th\u00e9 \u00e0 l\u2019\u00e9quipe. Merci infiniment.<\/strong><\/a><\/p>\n<hr\/>\n<p>Enfin, lorsque <a target=\"_blank\" href=\"https:\/\/reporterre.net\/Pour-un-front-commun-des-medias-contre-l-extreme-droite\">Reporterre<\/a> signe une tribune<a target=\"_blank\" href=\"https:\/\/mrmondialisation.org\/90-medias-signent-une-tribune-contre-lextreme-droite\/\"> <i>Pour un front commun des m\u00e9dias contre l\u2019extr\u00eame droite<\/i><\/a>, il nous rappelle<strong> le r\u00f4le primordial des <a target=\"_blank\" href=\"https:\/\/mrmondialisation.org\/medias-independants-contre-prives-la-guerre-info\/\">m\u00e9dias ind\u00e9pendants<\/a><\/strong> (Blast, MediaPart, Le M\u00e9dia, Reporterre\u2026) qui repr\u00e9sentent une source d\u2019information cruciale pour le bien de tous.<\/p>\n<p style=\"text-align: right;\"><strong><em>\u2013 Than Urb<\/em><\/strong><\/p>\n<p><strong>Sources\u00a0:<\/strong><\/p>\n<ul>\n<li><em>Des migrants traversant ill\u00e9galement pour voter Biden : une infox<\/em> ; <a target=\"_blank\" href=\"https:\/\/www.lematin.ch\/story\/presidentielle-americaine-des-migrants-traversant-illegalement-pour-voter-biden-une-infox-103097387\">Le<em>m<\/em>atin<\/a><\/li>\n<li><em>D\u00e9bat Trump-Harris : migrants \u00ab\u00a0tueurs de chatons\u00a0\u00bb, immigr\u00e9s \u00e9vad\u00e9s de prisons\u2026 Trois fausses affirmations sur l\u2019immigration<\/em> ; <a target=\"_blank\" href=\"https:\/\/www.francetvinfo.fr\/monde\/usa\/migrants-aux-etats-unis\/debat-trump-harris-migrants-tueurs-de-chatons-immigres-evades-de-prisons-trois-fausses-affirmations-sur-l-immigration_6775633.html\">Franceinfo<\/a><\/li>\n<li><span class=\"mw-page-title-main\"><em>Censure en r\u00e9publique populaire de Chin<\/em>e ;<a target=\"_blank\" href=\"https:\/\/fr.wikipedia.org\/wiki\/Censure_en_r%C3%A9publique_populaire_de_Chine\"> Wikip\u00e9dia<\/a><\/span><\/li>\n<li><em style=\"font-family: Verdana, BlinkMacSystemFont, -apple-system, 'Segoe UI', Roboto, Oxygen, Ubuntu, Cantarell, 'Open Sans', 'Helvetica Neue', sans-serif;\">Un Fran\u00e7ais sur 10 pense que la Terre est plate<\/em><span style=\"font-family: Verdana, BlinkMacSystemFont, -apple-system, 'Segoe UI', Roboto, Oxygen, Ubuntu, Cantarell, 'Open Sans', 'Helvetica Neue', sans-serif;\"> ; <\/span><a target=\"_blank\" style=\"font-family: Verdana, BlinkMacSystemFont, -apple-system, 'Segoe UI', Roboto, Oxygen, Ubuntu, Cantarell, 'Open Sans', 'Helvetica Neue', sans-serif;\" href=\"https:\/\/www.nationalgeographic.fr\/sciences\/un-francais-sur-10-pense-que-la-terre-est-plate\">National Geographic<\/a><\/li>\n<\/ul>\n<ul>\n<li><em>Acc\u00e8s \u00e0 l\u2019information : \u00abNon aux secrets\u00bb, exhortent les journalistes du monde entier<\/em> ; <a target=\"_blank\" href=\"https:\/\/www.ifj.org\/fr\/salle-de-presse\/nouvelles\/detail\/category\/communiques-de-presse\/article\/acces-linformation-non-aux-secrets-exhortent-les-journalistes\">F\u00e9d\u00e9ration internationale des journalistes<\/a><\/li>\n<li><em style=\"font-family: Verdana, BlinkMacSystemFont, -apple-system, 'Segoe UI', Roboto, Oxygen, Ubuntu, Cantarell, 'Open Sans', 'Helvetica Neue', sans-serif;\">Un an de d\u00e9sinformation et d\u2019errements strat\u00e9giques d\u2019Elon Musk sur Twitter, puis sur X en 40 dates-cl\u00e9s<\/em><span style=\"font-family: Verdana, BlinkMacSystemFont, -apple-system, 'Segoe UI', Roboto, Oxygen, Ubuntu, Cantarell, 'Open Sans', 'Helvetica Neue', sans-serif;\"> ; <\/span><a target=\"_blank\" style=\"font-family: Verdana, BlinkMacSystemFont, -apple-system, 'Segoe UI', Roboto, Oxygen, Ubuntu, Cantarell, 'Open Sans', 'Helvetica Neue', sans-serif;\" href=\"https:\/\/www.lemonde.fr\/les-decodeurs\/article\/2023\/10\/27\/un-an-de-desinformation-et-d-errements-strategiques-d-elon-musk-sur-x-anciennement-twitter-en-quarante-dates-cles_6196856_4355770.html\">LeMonde<\/a><\/li>\n<li><em style=\"font-family: Verdana, BlinkMacSystemFont, -apple-system, 'Segoe UI', Roboto, Oxygen, Ubuntu, Cantarell, 'Open Sans', 'Helvetica Neue', sans-serif;\">Les \u00c9tats-Unis sont-ils au bord de la guerre civile ? Une polarisation croissante depuis la Seconde Guerre mondiale<\/em><span style=\"font-family: Verdana, BlinkMacSystemFont, -apple-system, 'Segoe UI', Roboto, Oxygen, Ubuntu, Cantarell, 'Open Sans', 'Helvetica Neue', sans-serif;\"> ; <\/span><a target=\"_blank\" style=\"font-family: Verdana, BlinkMacSystemFont, -apple-system, 'Segoe UI', Roboto, Oxygen, Ubuntu, Cantarell, 'Open Sans', 'Helvetica Neue', sans-serif;\" href=\"https:\/\/www.rtbf.be\/article\/les-etats-unis-sont-ils-au-bord-de-la-guerre-civile-une-polarisation-croissante-depuis-la-seconde-guerre-mondiale-11458577\">RTBF Actus<\/a><\/li>\n<li><em style=\"font-family: Verdana, BlinkMacSystemFont, -apple-system, 'Segoe UI', Roboto, Oxygen, Ubuntu, Cantarell, 'Open Sans', 'Helvetica Neue', sans-serif;\">Pour un front commun des m\u00e9dias contre l\u2019extr\u00eame droite<\/em><span style=\"font-family: Verdana, BlinkMacSystemFont, -apple-system, 'Segoe UI', Roboto, Oxygen, Ubuntu, Cantarell, 'Open Sans', 'Helvetica Neue', sans-serif;\"> ; <\/span><a target=\"_blank\" style=\"font-family: Verdana, BlinkMacSystemFont, -apple-system, 'Segoe UI', Roboto, Oxygen, Ubuntu, Cantarell, 'Open Sans', 'Helvetica Neue', sans-serif;\" href=\"https:\/\/reporterre.net\/Pour-un-front-commun-des-medias-contre-l-extreme-droite\">Reporterre<\/a><\/li>\n<\/ul>\n<p><strong>Nos articles en relation :<\/strong><\/p>\n<ul>\n<li><em>P\u00e9ricl\u00e8s, le complot d\u2019extr\u00eame-droite qui menace la France<\/em> ; <a target=\"_blank\" href=\"https:\/\/mrmondialisation.org\/pericles-extreme-droite-sterin-complot\/\">21\/08\/24<\/a><\/li>\n<li><em>Elon Musk : le vrai visage du capitalisme sauvage<\/em> ; <a target=\"_blank\" href=\"https:\/\/mrmondialisation.org\/musk-visage-folie-siecle\/\">23\/12\/24<\/a><\/li>\n<li><em style=\"font-family: Verdana, BlinkMacSystemFont, -apple-system, 'Segoe UI', Roboto, Oxygen, Ubuntu, Cantarell, 'Open Sans', 'Helvetica Neue', sans-serif;\">Vincent Bollor\u00e9, une fortune au service de l\u2019extr\u00eame droite<\/em><span style=\"font-family: Verdana, BlinkMacSystemFont, -apple-system, 'Segoe UI', Roboto, Oxygen, Ubuntu, Cantarell, 'Open Sans', 'Helvetica Neue', sans-serif;\"> ; <\/span><a target=\"_blank\" style=\"font-family: Verdana, BlinkMacSystemFont, -apple-system, 'Segoe UI', Roboto, Oxygen, Ubuntu, Cantarell, 'Open Sans', 'Helvetica Neue', sans-serif;\" href=\"https:\/\/mrmondialisation.org\/vincent-bollore-extreme-droite\/\">17\/05\/23<\/a><\/li>\n<li><em>Tribune : Appel \u00e0 d\u00e9sarmer l\u2019empire Bollor\u00e9 !<\/em> ; <a target=\"_blank\" href=\"https:\/\/mrmondialisation.org\/tribune-appel-a-desarmer-lempire-bollore\/\">15\/07\/24<\/a><\/li>\n<li><em>\u00c9ditorialistes TV : ces soldats du n\u00e9olib\u00e9ralisme<\/em> ; <a target=\"_blank\" href=\"https:\/\/mrmondialisation.org\/editorialistes-militants-neoliberalisme\/\">26\/05\/23<\/a><\/li>\n<li><em>Loi de Brandolini : d\u00e9mentir une intox prend 10 fois plus d\u2019\u00e9nergie que de la diffuser<\/em> ; <a target=\"_blank\" href=\"https:\/\/mrmondialisation.org\/loi-brandolini-mensonge\/\">14\/09\/23<\/a><\/li>\n<li><em>Ultracr\u00e9pidarianisme : ils donnent leur avis sur tout sans s\u2019y conna\u00eetre<\/em> ;<a target=\"_blank\" href=\"https:\/\/mrmondialisation.org\/ultracrepidarianisme-ils-donnent-leur-avis-sur-tout-sans-sy-connaitre\/\"> 13\/04\/23<\/a><\/li>\n<li><em>90 m\u00e9dias signent une tribune contre l\u2019extr\u00eame droite <\/em>; <a target=\"_blank\" href=\"https:\/\/mrmondialisation.org\/90-medias-signent-une-tribune-contre-lextreme-droite\/\">20\/06\/24<\/a><\/li>\n<li><em>M\u00e9dias ind\u00e9pendants contre priv\u00e9s : la guerre de l\u2019info est d\u00e9clar\u00e9e<\/em> ; <a target=\"_blank\" href=\"https:\/\/mrmondialisation.org\/medias-independants-contre-prives-la-guerre-info\/\">12\/08\/23<\/a><\/li>\n<\/ul>\n<p><strong>En-t\u00eate : <\/strong><span class=\"mw-page-title-main\">Donald Trump en <time class=\"nowrap\" datetime=\"2021-07\" data-sort-value=\"2021-07\">juillet 2021<\/time><\/span> ; <a target=\"_blank\" href=\"https:\/\/commons.wikimedia.org\/wiki\/File:Donald_Trump_(51336312710).jpg?uselang=fr\">Wikimedia Commons<\/a><\/p>\n<div class=\"td-a-rec td-a-rec-id-content_bottom  tdi_2 td_block_template_1\">\n<span class=\"td-adspot-title\">&#8211; Cet article gratuit et ind\u00e9pendant existe gr\u00e2ce \u00e0 vous &#8211;<\/span><\/p>\n<div class=\"td-all-devices\">\n    <a target=\"_blank\" href=\"https:\/\/mrmondialisation.org\/donation\/\" title=\"Faire_un_don\"><img decoding=\"async\" class=\"donationArticle\" src=\"https:\/\/mrmondialisation.org\/wp-content\/uploads\/2022\/12\/220405-flikalicious-final.jpg\" alt=\"Donation\"\/><\/a>\n<\/div>\n<\/div><\/div>\n<p><br \/>\n<br \/><a href=\"https:\/\/mrmondialisation.org\/information-desinformation\/\" target=\"_blank\"\">Source link <\/a><\/p>\n","protected":false},"excerpt":{"rendered":"<p>Donald Trump a \u00e9t\u00e9 r\u00e9\u00e9lu pr\u00e9sident des \u00c9tats-Unis apr\u00e8s une campagne de d\u00e9sinformation sans pr\u00e9c\u00e9dent dans l\u2019histoire des USA. En Chine, la r\u00e9publique populaire\u00a0censure toute information portant sur le r\u00e9gime,&hellip; <\/p>\n","protected":false},"author":1,"featured_media":1026,"comment_status":"open","ping_status":"open","sticky":false,"template":"","format":"standard","meta":{"footnotes":""},"categories":[1],"tags":[],"class_list":["post-1025","post","type-post","status-publish","format-standard","has-post-thumbnail","hentry","category-non-classe"],"_links":{"self":[{"href":"https:\/\/monde25.info\/index.php\/wp-json\/wp\/v2\/posts\/1025","targetHints":{"allow":["GET"]}}],"collection":[{"href":"https:\/\/monde25.info\/index.php\/wp-json\/wp\/v2\/posts"}],"about":[{"href":"https:\/\/monde25.info\/index.php\/wp-json\/wp\/v2\/types\/post"}],"author":[{"embeddable":true,"href":"https:\/\/monde25.info\/index.php\/wp-json\/wp\/v2\/users\/1"}],"replies":[{"embeddable":true,"href":"https:\/\/monde25.info\/index.php\/wp-json\/wp\/v2\/comments?post=1025"}],"version-history":[{"count":0,"href":"https:\/\/monde25.info\/index.php\/wp-json\/wp\/v2\/posts\/1025\/revisions"}],"wp:featuredmedia":[{"embeddable":true,"href":"https:\/\/monde25.info\/index.php\/wp-json\/wp\/v2\/media\/1026"}],"wp:attachment":[{"href":"https:\/\/monde25.info\/index.php\/wp-json\/wp\/v2\/media?parent=1025"}],"wp:term":[{"taxonomy":"category","embeddable":true,"href":"https:\/\/monde25.info\/index.php\/wp-json\/wp\/v2\/categories?post=1025"},{"taxonomy":"post_tag","embeddable":true,"href":"https:\/\/monde25.info\/index.php\/wp-json\/wp\/v2\/tags?post=1025"}],"curies":[{"name":"wp","href":"https:\/\/api.w.org\/{rel}","templated":true}]}}