{"id":103,"date":"2024-11-14T17:11:18","date_gmt":"2024-11-14T16:11:18","guid":{"rendered":"https:\/\/monde25.info\/index.php\/2024\/11\/14\/les-parlementaires-alertent-sur-les-dangers\/"},"modified":"2024-11-14T17:11:18","modified_gmt":"2024-11-14T16:11:18","slug":"les-parlementaires-alertent-sur-les-dangers","status":"publish","type":"post","link":"https:\/\/monde25.info\/index.php\/2024\/11\/14\/les-parlementaires-alertent-sur-les-dangers\/","title":{"rendered":"les parlementaires alertent sur les dangers"},"content":{"rendered":"<p> <br \/>\n<\/p>\n<div style=\"position:relative;\">\n        <picture><source type=\"image\/webp\" srcset=\"https:\/\/reporterre.net\/local\/cache-gd2\/63\/55be75c9e234004e058b0b94f8e4ae.jpg@.webp?1731600673\"><img loading=\"lazy\" decoding=\"async\" src=\"https:\/\/reporterre.net\/local\/cache-gd2\/63\/55be75c9e234004e058b0b94f8e4ae.jpg?1731600673\" width=\"720\" height=\"480\" alt=\"Plastique\u00a0: les parlementaires alertent sur les dangers\" class=\"image_logo voir_logo\"\/><\/p>\n<p><\/source><\/picture>\n<p class=\"legende_logo\">Les particules de plastique s\u2019accumulent dans l\u2019air, le sol, l\u2019eau. <span class=\"copyright_logo\">&#8211; Flickr\/CC BY 2.0\/Emilian Robert<\/span><\/p>\n<p class=\"legende_logo_480\">Les particules de plastique s\u2019accumulent dans l\u2019air, le sol, l\u2019eau. <span class=\"copyright_logo\">&#8211; Flickr\/CC BY 2.0\/Emilian Robert<\/span><\/p>\n<\/p><\/div>\n<div>\n        <span class=\"date\">14 novembre 2024  \u00e0 17h10<\/span><\/p>\n<p class=\"duree_lecture\">\n        Dur\u00e9e de lecture : 2 minutes\n      <\/p>\n<\/p><\/div>\n<div>\n<p>Les signaux d\u2019alarme se multiplient. Les particules de plastique s\u2019accumulent dans l\u2019air, le sol, l\u2019eau. On les respire, on les ing\u00e8re. On finit par les retrouver dans nos poumons, nos intestins, notre sang, nos nerfs, notre cerveau. Elles feraient peser de vrais risques sur la sant\u00e9 humaine. C\u2019est l\u2019un des constats <a target=\"_blank\" href=\"https:\/\/www.senat.fr\/fileadmin\/Presse\/Documents_pdf\/20241113_rapport_plastiques_sante_projet.pdf\" class=\"spip_out\" rel=\"external\">du rapport<\/a> publi\u00e9 par l\u2019Office parlementaire d\u2019\u00e9valuation des choix scientifiques et technologiques (Opecst) le 14\u00a0novembre.<\/p>\n<p>Les parlementaires ont auditionn\u00e9 une dizaine de scientifiques experts de ces probl\u00e9matiques afin de mieux comprendre l\u2019\u00e9tat des connaissances actuelles. \u00c0 la suite de ce travail, ils \u00e9mettent <a target=\"_blank\" href=\"https:\/\/www.senat.fr\/fileadmin\/Presse\/Documents_pdf\/20241113_Synthese_Plastique_sante.pdf\" class=\"spip_out\" rel=\"external\">neuf recommandations<\/a>, destin\u00e9es \u00e0 \u00eatre soumises aux n\u00e9gociateurs du futur trait\u00e9 mondial contre la pollution plastique. La derni\u00e8re session de ces n\u00e9gociations aura lieu du 25\u00a0novembre au 1<sup class=\"typo_exposants\">er<\/sup>\u00a0d\u00e9cembre 2024 \u00e0 Busan (Cor\u00e9e du Sud).<\/p>\n<p><i>\u00ab<small class=\"fine d-inline\">\u00a0<\/small>Beaucoup d\u2019aspects ne font pas consensus dans le cadre de ces n\u00e9gociations, mais s\u2019il y a un sujet sur lequel tout le monde est d\u2019accord, c\u2019est celui de la n\u00e9cessit\u00e9 de prot\u00e9ger la sant\u00e9 humaine face \u00e0 la pollution plastique<small class=\"fine d-inline\">\u00a0<\/small>\u00bb<\/i>, a expliqu\u00e9 Philippe Bolo, d\u00e9put\u00e9, lors de la pr\u00e9sentation. Les chercheurs auditionn\u00e9s ont cit\u00e9 de multiples \u00e9tudes qui r\u00e9v\u00e8lent <a target=\"_blank\" href=\"https:\/\/reporterre.net\/Du-penis-au-cerveau-l-invasion-microplastique-se-poursuit\">des corr\u00e9lations inqui\u00e9tantes<\/a> entre pr\u00e9sence de plastiques et alt\u00e9ration de certains organes (poumons, intestin&#8230;), pouvant conduire \u00e0 l\u2019apparition de diverses pathologies.<\/p>\n<h2 class=\"spip\">Le plastique ne co\u00fbterait pas cher<\/h2>\n<p>La communaut\u00e9 scientifique se heurte encore \u00e0 des difficult\u00e9s m\u00e9thodologiques. Identifier et quantifier les micro ou nanoplastiques reste complexe, notamment en raison de leurs composition, taille et forme tr\u00e8s variables. Autre obstacle\u00a0: plus de 16 000 produits chimiques ont \u00e9t\u00e9 identifi\u00e9s dans les plastiques, dont un quart est class\u00e9 comme dangereux. Mais pour les 10 000 autres, il n\u2019existe aucune donn\u00e9e sur leur dangerosit\u00e9.<\/p>\n<p>Le rapport pointe \u00e9galement des co\u00fbts sanitaires <i>\u00ab<small class=\"fine d-inline\">\u00a0<\/small>particuli\u00e8rement inqui\u00e9tants<small class=\"fine d-inline\">\u00a0<\/small>\u00bb<\/i>. Selon une \u00e9tude exploratoire men\u00e9e uniquement aux \u00c9tats-Unis et sur trois mol\u00e9cules (<span class=\"caps\">PBDE<\/span>, <span class=\"caps\">BPA<\/span> et <span class=\"caps\">DEHP<\/span>), les co\u00fbts s\u2019\u00e9l\u00e8veraient d\u00e9j\u00e0 \u00e0 675\u00a0milliards de dollars (environ 637\u00a0milliards d\u2019euros). <i>\u00ab<small class=\"fine d-inline\">\u00a0<\/small>La quantification des externalit\u00e9s n\u00e9gatives du plastique remet en cause l\u2019id\u00e9e r\u00e9pandue selon laquelle le plastique ne co\u00fbte pas cher. C\u2019est la population qui subit les effets et les co\u00fbts li\u00e9s \u00e0 ces substances chimiques et non leurs producteurs<small class=\"fine d-inline\">\u00a0<\/small>\u00bb<\/i>, jugent les parlementaires.<\/p>\n<aside class=\"boite_encarts\">\n<div class=\"encart encart_gris noprint\">\n<p><strong>Il est de retour.<\/strong><\/p>\n<p>Dans quelques semaines, Donald Trump se r\u00e9-installera \u00e0 la Maison Blanche.<\/p>\n<p>Un milliardaire, pour qui le r\u00e9chauffement climatique est \u00ab<small class=\"fine d-inline\">\u00a0<\/small>un canular<small class=\"fine d-inline\">\u00a0<\/small>\u00bb, sera \u00e0 la t\u00eate de la plus grande puissance mondiale.<\/p>\n<p>Dans une d\u00e9cennie cruciale pour l\u2019\u00e9cologie, nous ne pouvons pas nous permettre de perdre plus de temps.<\/p>\n<p>La soci\u00e9t\u00e9 civile doit continuer de se soulever, de se mobiliser et de faire pression sur les puissants.<\/p>\n<p>Mais pour agir, il faut savoir.<\/p>\n<p><strong>Depuis 11 ans, nous publions des articles de qualit\u00e9 sur l\u2019\u00e9cologie, en acc\u00e8s libre et sans publicit\u00e9, pour tous.<\/strong><\/p>\n<p>Nous avons la conviction que l\u2019urgence \u00e9cologique est l\u2019enjeu majeur de notre \u00e9poque.<br class=\"autobr\"\/><br \/>\n Et comme plus de 2 millions de lectrices et lecteurs chaque mois, vous partagez sans doute cette conviction&#8230;<\/p>\n<p>Alors si vous en avez les moyens, sachez qu\u2019un don, m\u00eame d\u20191\u20ac, est un acte de soutien fort pour l\u2019\u00e9cologie et le journalisme ind\u00e9pendant.<br class=\"autobr\"\/><br \/>\n (Et \u00e7a vous prendra moins de temps que la lecture de ce texte).<\/p>\n<p><strong>Si vous le pouvez, choisissez un soutien mensuel. Merci.<\/strong><\/p>\n<p><a target=\"_blank\" href=\"https:\/\/reporterre.net\/dons\" class=\"bt_soutenir\">Je soutiens <i>Reporterre<\/i><\/a><\/p>\n<\/p><\/div>\n<div class=\"encart encart_vert noprint montre_1023\">\n<div class=\"infolettre-form-container noprint\">\n<p>Abonnez-vous \u00e0 la lettre d\u2019info de Reporterre<\/p>\n<\/div><\/div>\n<\/aside>\n<aside class=\"boite_apresarticle encart_note\">\n<h4>Apr\u00e8s cet article<\/h4>\n<p>      <a target=\"_blank\" href=\"https:\/\/reporterre.net\/Nos-corps-sont-contamines-par-des-microplastiques-dangereux\" class=\"lien_article\">\n      <picture class=\"vignette_gauche\"><source type=\"image\/webp\" srcset=\"https:\/\/reporterre.net\/local\/cache-gd2\/48\/fc4380dac5b89098c97f6f8c101cfb.jpg@.webp?1730135614\"><img decoding=\"async\" src=\"https:\/\/reporterre.net\/local\/cache-gd2\/48\/fc4380dac5b89098c97f6f8c101cfb.jpg?1730135614\" width=\"450\" height=\"300\" alt=\"\" class=\"marge12\" loading=\"lazy\"\/><br \/>\n<\/source><\/picture>\n<p class=\"libelle\">\n<p>          Enqu\u00eate \u2014<\/p>\n<p>      Pollutions\n    <\/p>\n<p class=\"titre pol20\">Nos corps sont contamin\u00e9s par des microplastiques dangereux<\/p>\n<p>      <\/a><br \/>\n    <\/aside>\n<aside class=\"boite_complement texte\">\n<p>      <!-- zone_forum --><br \/>\n          <\/aside>\n<aside class=\"boite_lireaussi noprint\">\n<\/aside>\n<aside class=\"colonne\">\n<div class=\"article_info cache_1023 noprint\">\n        <span class=\"date\">14 novembre 2024  \u00e0 17h10<\/span><\/p>\n<p class=\"duree_lecture\">\n        Dur\u00e9e de lecture : 2 minutes\n      <\/p>\n<\/p><\/div>\n<div class=\"bloc_infolettre\">\n<div class=\"infolettre-form-container noprint\">\n<p>Abonnez-vous \u00e0 la lettre d\u2019info de Reporterre<\/p>\n<\/div><\/div>\n<\/aside>\n<div id=\"galerie\">\n  <img decoding=\"async\" src=\"\" class=\"principale\" id=\"principale\"\/><\/p>\n<p id=\"legende\">legende<\/p>\n<\/div>\n<footer class=\"noprint\">\n<\/footer>\n<\/div>\n<p><br \/>\n<br \/><a href=\"https:\/\/reporterre.net\/Plastique-les-parlementaires-alertent-sur-les-dangers\" target=\"_blank\"\">Source link <\/a><\/p>\n","protected":false},"excerpt":{"rendered":"<p>Les particules de plastique s\u2019accumulent dans l\u2019air, le sol, l\u2019eau. &#8211; Flickr\/CC BY 2.0\/Emilian Robert Les particules de plastique s\u2019accumulent dans l\u2019air, le sol, l\u2019eau. &#8211; Flickr\/CC BY 2.0\/Emilian Robert&hellip; <\/p>\n","protected":false},"author":1,"featured_media":104,"comment_status":"open","ping_status":"open","sticky":false,"template":"","format":"standard","meta":{"footnotes":""},"categories":[1],"tags":[],"class_list":["post-103","post","type-post","status-publish","format-standard","has-post-thumbnail","hentry","category-non-classe"],"_links":{"self":[{"href":"https:\/\/monde25.info\/index.php\/wp-json\/wp\/v2\/posts\/103","targetHints":{"allow":["GET"]}}],"collection":[{"href":"https:\/\/monde25.info\/index.php\/wp-json\/wp\/v2\/posts"}],"about":[{"href":"https:\/\/monde25.info\/index.php\/wp-json\/wp\/v2\/types\/post"}],"author":[{"embeddable":true,"href":"https:\/\/monde25.info\/index.php\/wp-json\/wp\/v2\/users\/1"}],"replies":[{"embeddable":true,"href":"https:\/\/monde25.info\/index.php\/wp-json\/wp\/v2\/comments?post=103"}],"version-history":[{"count":0,"href":"https:\/\/monde25.info\/index.php\/wp-json\/wp\/v2\/posts\/103\/revisions"}],"wp:featuredmedia":[{"embeddable":true,"href":"https:\/\/monde25.info\/index.php\/wp-json\/wp\/v2\/media\/104"}],"wp:attachment":[{"href":"https:\/\/monde25.info\/index.php\/wp-json\/wp\/v2\/media?parent=103"}],"wp:term":[{"taxonomy":"category","embeddable":true,"href":"https:\/\/monde25.info\/index.php\/wp-json\/wp\/v2\/categories?post=103"},{"taxonomy":"post_tag","embeddable":true,"href":"https:\/\/monde25.info\/index.php\/wp-json\/wp\/v2\/tags?post=103"}],"curies":[{"name":"wp","href":"https:\/\/api.w.org\/{rel}","templated":true}]}}