{"id":1041,"date":"2024-11-27T22:09:02","date_gmt":"2024-11-27T21:09:02","guid":{"rendered":"https:\/\/monde25.info\/index.php\/2024\/11\/27\/pour-les-medias-le-turbo-cancer-est-une-invention-des-antivax-enfant-de-la-societe-sott-net\/"},"modified":"2024-11-27T22:09:02","modified_gmt":"2024-11-27T21:09:02","slug":"pour-les-medias-le-turbo-cancer-est-une-invention-des-antivax-enfant-de-la-societe-sott-net","status":"publish","type":"post","link":"https:\/\/monde25.info\/index.php\/2024\/11\/27\/pour-les-medias-le-turbo-cancer-est-une-invention-des-antivax-enfant-de-la-societe-sott-net\/","title":{"rendered":"Pour les m\u00e9dias, le turbo-cancer est une invention des antivax \u2014 Enfant de la Soci\u00e9t\u00e9 \u2014 Sott.net"},"content":{"rendered":"<p> <br \/>\n<\/p>\n<div>\n      Lien ou pas lien ? Les scientifiques se d\u00e9chirent, alors que pour les agents m\u00e9diatiques, il n&rsquo;y a aucun rapport entre le boum des cancers depuis 2021, le boum de la mortalit\u00e9 qui a suivi les campagnes de vaccination massive depuis janvier 2021.<br \/>\n<\/p>\n<div class=\"article-image-super to-center\"><a target=\"_blank\" href=\"https:\/\/fr.sott.net\/image\/s35\/717559\/full\/arton77017_d1867.jpg\" target=\"_blank\"><img decoding=\"async\" src=\"https:\/\/fr.sott.net\/image\/s35\/717559\/super\/arton77017_d1867.jpg\" alt=\"kjhg\" title=\"Cliquer pour agrandir\"\/><\/a><\/div>\n<p>En feuilletant le mensuel <em>Que Choisir<\/em> du mois de novembre 2024, on est tomb\u00e9s sur un dr\u00f4le d&rsquo;entrefilet, en bas de page \u00e0 droite, qui \u00e9value \u00e0 54 000 le nombre de morts surnum\u00e9raires par rapport \u00e0 l&rsquo;exercice pr\u00e9c\u00e9dent, si l&rsquo;on peut dire.<\/p>\n<p>Les auteurs de l&rsquo;\u00e9tude rel\u00e8vent, sur l&rsquo;ann\u00e9e, un exc\u00e8s de mortalit\u00e9 de 54 000 personnes par rapport aux chiffres attendus. Il serait d\u00fb \u00e0 la progression des d\u00e9c\u00e8s par affections de l&rsquo;appareil circulatoire, mais aussi \u00e0 un rebond des pathologies respiratoires, en d\u00e9pit du reflux des d\u00e9c\u00e8s par covid.<\/p>\n<div class=\"article-image-super to-center\"><a target=\"_blank\" href=\"https:\/\/fr.sott.net\/image\/s35\/717557\/full\/_2049_04b00.jpg\" target=\"_blank\"><img decoding=\"async\" loading=\"lazy\" src=\"https:\/\/fr.sott.net\/image\/s35\/717557\/super\/_2049_04b00.jpg\" alt=\"kjhg\" title=\"Cliquer pour agrandir\"\/><\/a><\/div>\n<p>On ne parle pas explicitement de morts du cancer, mais personne ne s&rsquo;explique cette surmortalit\u00e9. Il y a environ 433 000 nouveaux cas de cancer par an, et environ 162 000 morts. Quant aux affections de l&rsquo;appareil circulatoire, faut-il y inclure les AVC ? On a \u00e9t\u00e9 taper \u00ab affections de l&rsquo;appareil circulatoire \u00bb sur un site de recherche am\u00e9ricain, et voil\u00e0 ce qu&rsquo;on a trouv\u00e9 :<\/p>\n<blockquote class=\"typ1\"><p>\n<em>Les plus fr\u00e9quentes sont la cardiopathie isch\u00e9mique (qui inclut l&rsquo;infarctus aigu du myocarde ou crise cardiaque), l&rsquo;insuffisance cardiaque congestive et la maladie vasculaire c\u00e9r\u00e9brale (accident vasculaire c\u00e9r\u00e9bral).<\/em>\n<\/p><\/blockquote>\n<p>Bingo. M\u00eame <em>Que Choisir<\/em> n&rsquo;ose pas entrer dans la pol\u00e9mique et utilise une expression technique que le grand public ne d\u00e9crypte pas spontan\u00e9ment ! Quand on parle covid, vaccin et AVC, les gens qui ont eu des proches touch\u00e9s savent concr\u00e8tement de quoi on parle. Avec \u00ab affections de l&rsquo;appareil circulatoire \u00bb, on a un \u00e9cran.<\/p>\n<p><em>France Culture<\/em> s&rsquo;est empar\u00e9e non pas de cette info, mais du bruit qui court sur le Net, les Fran\u00e7ais gobant de moins en moins la p\u00e2t\u00e9e m\u00e9diatico-m\u00e9dicale, au moment o\u00f9 la presse, encore elle, nous enjoint \u00e0 nous faire vacciner et contre le covid et contre la grippe, un shoot dans chaque \u00e9paule !<\/p>\n<p><iframe loading=\"lazy\" title=\"Campagne de vaccination contre la grippe et la Covid-19\" width=\"1110\" height=\"624\" src=\"https:\/\/www.youtube.com\/embed\/rlK4uHRq9FM?feature=oembed\" frameborder=\"0\" allow=\"accelerometer; autoplay; clipboard-write; encrypted-media; gyroscope; picture-in-picture; web-share\" referrerpolicy=\"strict-origin-when-cross-origin\" allowfullscreen><\/iframe><\/p>\n<p>Cependant, aux \u00c9tats-Unis, certains \u00c9tats appliquent un vrai principe de pr\u00e9caution. RFK Jr. est pass\u00e9 par l\u00e0.<\/p>\n<p><iframe loading=\"lazy\" width=\"600\" height=\"676\" src=\"https:\/\/www.sott.net\/embed\/vQXOLB4sv-ySo0V6861R4lOEeUS\" allowfullscreen=\"\"><\/iframe><\/p>\n<p><span class=\"BoldGrey\">Turbo-mensonges<\/span><\/p>\n<p>Chez nous, le principe de pr\u00e9caution s&rsquo;appelle, il y a peut-\u00eatre un lien entre vaccination et cancers, ou AVC, ou thromboses, vous le voyez autour de vous, mais globalement, ce n&rsquo;est pas grave, il vaut mieux se vacciner quand on a peur. C&rsquo;est \u00e7a, le message. Le principe de pr\u00e9caution saute par-dessus 54 000 morts surnum\u00e9raires, dont \u00e9norm\u00e9ment d&rsquo;AVC. On serait les journalistes de <a target=\"_blank\" href=\"https:\/\/www.lexpress.fr\/sciences-sante\/liens-entre-vaccins-anti-covid-et-cancer-nous-cancerologues-refutons-cette-theorie-ZQYVN7RDFZGOTCAEVDL7F3447M\/\"><em>L&rsquo;Express<\/em><\/a><em>,<\/em> on ne serait pas aussi cat\u00e9goriques.\n<\/p>\n<blockquote class=\"typ1\"><p>\n<em>Nous, canc\u00e9rologues, tenons \u00e0 prendre publiquement position sur la th\u00e9matique actuellement tr\u00e8s m\u00e9diatis\u00e9e d&rsquo;un lien suppos\u00e9 entre la vaccination anti-Covid et une augmentation de cas de cancers. Ainsi, certains ont-ils pu parler de \u00ab turbo cancers \u00bb (de mani\u00e8re impropre car ce terme n&rsquo;est pas m\u00e9dical et n&rsquo;est jamais utilis\u00e9) c&rsquo;est-\u00e0-dire de cas de cancers tr\u00e8s agressifs ou \u00ab fulgurants \u00bb, survenant juste au d\u00e9cours d&rsquo;une vaccination. De mani\u00e8re tr\u00e8s ferme, nous contestons formellement ces informations qui ne sont bas\u00e9es sur aucune publication, sur aucune donn\u00e9e \u00e9pid\u00e9miologique fran\u00e7aise ou internationale, malheureusement relay\u00e9es sans mod\u00e9ration par certains grands m\u00e9dias ou sur les r\u00e9seaux sociaux, et qui ne correspondent en rien \u00e0 ce que nous, professionnels de sant\u00e9 en premi\u00e8re ligne de la prise en charge des cancers, avons constat\u00e9 \u00e0 ce jour dans notre quotidien ni dans nos bilans d&rsquo;activit\u00e9 au cours des ann\u00e9es 2021 et 2022.<\/em>\n<\/p><\/blockquote>\n<p>Sauf que le boum a eu lieu en 2022-2023, donn\u00e9es qui ont \u00e9t\u00e9 officialis\u00e9es en 2024, et que cet article date de mars 2023. On rappelle que <em>L&rsquo;Express<\/em> a \u00e9t\u00e9 en pointe dans le covidisme et dans la r\u00e9pression sanitaire des r\u00e9calcitrants.<\/p>\n<p>Cependant, devant la pr\u00e9cision de la menace, des m\u00e9dias mainstream commencent \u00e0 ouvrir quelques vannes dans le barrage, car la pression populaire devient trop forte. C&rsquo;est ainsi que F<em>rance Culture<\/em> a essay\u00e9 de bloquer la mont\u00e9e des eaux, \u00e0 l&rsquo;instar des Chinois \u00e0 coups de sacs de sable lors des <a target=\"_blank\" href=\"https:\/\/www.letemps.ch\/monde\/un-million-chinois-sactivent-colmater-digues-menacees-crues-yangtse?\">crues du Yang-tse<\/a> de 1998 et 2002&#8230;<\/p>\n<p>Naturellement, les fausses informations sont sur le Net, et les vraies sur <em>Radio France<\/em>. On notera l&rsquo;usage des guillemets, destin\u00e9es \u00e0 mettre le doute sur l&rsquo;expression d\u00e9rangeante.<\/p>\n<p>Pour comprendre comment les fausses informations scientifiques se construisent, se propagent et persistent, \u00ab <em>Avec Sciences<\/em> \u00bb propose une programmation sp\u00e9ciale. Toute la semaine, nous allons diss\u00e9quer des fake news. Et aujourd&rsquo;hui sur notre table d&rsquo;autopsie : les \u00ab turbo-cancers \u00bb.<\/p>\n<p>Il faut le dire d&#8217;embl\u00e9e, les \u00ab turbo-cancers \u00bb ne renvoient \u00e0 aucun terme m\u00e9dical. Ils ont \u00e9t\u00e9 popularis\u00e9s par Alexandra Henrion-Caude, ancienne directrice de recherche \u00e0 l&rsquo;Inserm, devenue figure de proue des opposants \u00e0 la vaccination contre le coronavirus. Ces \u00ab turbo-cancers \u00bb seraient des cancers particuli\u00e8rement agressifs, caus\u00e9s par la vaccination.<\/p>\n<div class=\"article-image-super to-center\"><a target=\"_blank\" href=\"https:\/\/fr.sott.net\/image\/s35\/717558\/full\/_2048png_1ce1ced_3fcc1.jpg\" target=\"_blank\"><img decoding=\"async\" loading=\"lazy\" src=\"https:\/\/fr.sott.net\/image\/s35\/717558\/super\/_2048png_1ce1ced_3fcc1.jpg\" alt=\"jhgf\" title=\"Cliquer pour agrandir\"\/><\/a><\/div>\n<p>(<a target=\"_blank\" href=\"https:\/\/www.radiofrance.fr\/franceculture\/podcasts\/avec-sciences\/vaccin-contre-la-covid-19-a-l-origine-des-turbo-cancers-3868093\">Cliquez<\/a> pour \u00e9couter le d\u00e9partement Sant\u00e9 du minist\u00e8re de la V\u00e9rit\u00e9)<\/p>\n<p>Cependant, l&rsquo;\u00e9mission le reconna\u00eet \u00e0 demi-mot et sans crainte des oxymores :\n<\/p>\n<blockquote class=\"typ1\"><p>\nUn lien existe bel et bien entre lymphome et vaccination, mais c&rsquo;est extr\u00eamement rare, dix cas sur les milliards de doses inject\u00e9es. En r\u00e9alit\u00e9, c&rsquo;est le changement d&rsquo;\u00e9chelle qui nous permet de les observer. Plus on vaccine, plus on a de risque de voir appara\u00eetre des effets secondaires tr\u00e8s rares. C&rsquo;est d&rsquo;ailleurs ce qu&rsquo;il s&rsquo;\u00e9tait pass\u00e9 avec les myocardites, on ne pouvait tout simplement pas les voir dans les premi\u00e8res \u00e9tudes de d\u00e9veloppement des vaccins.\n<\/p><\/blockquote>\n<p>Donc il y a plus d&rsquo;effets secondaires, plus de myocardites et plus de cancers, parce qu&rsquo;on a plus vaccin\u00e9.\n\t\t<\/p><\/div>\n<p><br \/>\n<br \/><a href=\"https:\/\/fr.sott.net\/article\/44087-Pour-les-medias-le-turbo-cancer-est-une-invention-des-antivax\" target=\"_blank\"\">Source link <\/a><\/p>\n","protected":false},"excerpt":{"rendered":"<p>Lien ou pas lien ? Les scientifiques se d\u00e9chirent, alors que pour les agents m\u00e9diatiques, il n&rsquo;y a aucun rapport entre le boum des cancers depuis 2021, le boum de&hellip; <\/p>\n","protected":false},"author":1,"featured_media":1042,"comment_status":"open","ping_status":"open","sticky":false,"template":"","format":"standard","meta":{"footnotes":""},"categories":[1],"tags":[],"class_list":["post-1041","post","type-post","status-publish","format-standard","has-post-thumbnail","hentry","category-non-classe"],"_links":{"self":[{"href":"https:\/\/monde25.info\/index.php\/wp-json\/wp\/v2\/posts\/1041","targetHints":{"allow":["GET"]}}],"collection":[{"href":"https:\/\/monde25.info\/index.php\/wp-json\/wp\/v2\/posts"}],"about":[{"href":"https:\/\/monde25.info\/index.php\/wp-json\/wp\/v2\/types\/post"}],"author":[{"embeddable":true,"href":"https:\/\/monde25.info\/index.php\/wp-json\/wp\/v2\/users\/1"}],"replies":[{"embeddable":true,"href":"https:\/\/monde25.info\/index.php\/wp-json\/wp\/v2\/comments?post=1041"}],"version-history":[{"count":0,"href":"https:\/\/monde25.info\/index.php\/wp-json\/wp\/v2\/posts\/1041\/revisions"}],"wp:featuredmedia":[{"embeddable":true,"href":"https:\/\/monde25.info\/index.php\/wp-json\/wp\/v2\/media\/1042"}],"wp:attachment":[{"href":"https:\/\/monde25.info\/index.php\/wp-json\/wp\/v2\/media?parent=1041"}],"wp:term":[{"taxonomy":"category","embeddable":true,"href":"https:\/\/monde25.info\/index.php\/wp-json\/wp\/v2\/categories?post=1041"},{"taxonomy":"post_tag","embeddable":true,"href":"https:\/\/monde25.info\/index.php\/wp-json\/wp\/v2\/tags?post=1041"}],"curies":[{"name":"wp","href":"https:\/\/api.w.org\/{rel}","templated":true}]}}