{"id":1043,"date":"2024-11-27T23:47:34","date_gmt":"2024-11-27T22:47:34","guid":{"rendered":"https:\/\/monde25.info\/index.php\/2024\/11\/27\/brutalisation-de-lordre-manifestant-par-laurent-bonelli-le-monde-diplomatique-mai-2023\/"},"modified":"2024-11-27T23:47:34","modified_gmt":"2024-11-27T22:47:34","slug":"brutalisation-de-lordre-manifestant-par-laurent-bonelli-le-monde-diplomatique-mai-2023","status":"publish","type":"post","link":"https:\/\/monde25.info\/index.php\/2024\/11\/27\/brutalisation-de-lordre-manifestant-par-laurent-bonelli-le-monde-diplomatique-mai-2023\/","title":{"rendered":"Brutalisation de l\u2019ordre manifestant, par Laurent Bonelli (Le Monde diplomatique, mai 2023)"},"content":{"rendered":"<p> <br \/>\n<\/p>\n<div>\n<p class=\"crayon article-surtitre-65761 surtitre\">De la canalisation \u00e0 l\u2019affrontement<\/p>\n<div class=\"crayon article-chapo-65761 chapo\">\n<p>\u00c0 partir du d\u00e9but du XXe si\u00e8cle, la r\u00e9publique a cherch\u00e9 \u00e0 mieux encadrer les protestations populaires dans la rue en privil\u00e9giant l\u2019\u00e9vitement. Depuis les ann\u00e9es\u00a02000, l\u2019approche est plus punitive. La priorit\u00e9 est donn\u00e9e \u00e0 l\u2019arrestation des \u00ab<small class=\"fine\">\u00a0<\/small>fauteurs de troubles<small class=\"fine\">\u00a0<\/small>\u00bb. Une \u00e9volution qui favorise les violences et pose la question du respect du droit de manifester.<\/p>\n<\/div><\/div>\n<div couleurfade=\"e5e5e6\" couleurclaire=\"e2e4e8\" couleurpale=\"b9c3de\" couleurmi=\"5b6170\" couleurfoncee=\"3e465a\" couleursombre=\"16181c\" couleurfond=\"4c4d4e\" couleurtexte=\"ffffff\">\n<div class=\"enapercu\">\n<figure class=\"spip_document_31367 spip_documents spip_documents_center xl\" style=\"width:890px;\">\n<div class=\"limage\">\n<p>\t\t\t<img loading=\"lazy\" decoding=\"async\" src=\"https:\/\/www.monde-diplomatique.fr\/\/local\/cache-vignettes\/L890xH588\/img019-49-ee54e.jpg?1682609193\" width=\"890\" height=\"588\" class=\"spip_logos\" alt=\"JPEG - 69.7\u00a0ko\"\/><\/p><\/div><figcaption>\n<p>Mathieu Cl\u00e9ment. \u2013 \u00ab<small class=\"fine\">\u00a0<\/small>CRS<small class=\"fine\">\u00a0<\/small>\u00bb, 2021<\/p>\n<p>\u00a9 Mathieu Cl\u00e9ment\n<\/p>\n<\/figcaption><\/figure>\n<p><span class=\"mot-lettrine\"><span class=\"lettrine\">\u00c0<\/span><\/span> la tribune du Palais-Bourbon, un d\u00e9put\u00e9 d\u00e9nonce les violences qu\u2019ont subies quelques jours plus t\u00f4t des protestataires, dans une petite ville du nord de la France. La journ\u00e9e a d\u00e9but\u00e9 par un regroupement devant une usine. Vers 9\u00a0heures, <i>\u00ab<small class=\"fine\">\u00a0<\/small>les gendarmes, sur ordre du lieutenant et sans provocation, ont charg\u00e9. Un homme a \u00e9t\u00e9 bless\u00e9, un enfant a eu l\u2019oreille \u00e0 moiti\u00e9 coup\u00e9e. La col\u00e8re de la foule a commenc\u00e9 l\u00e0 et s\u2019est manifest\u00e9e en effet par des pierres lanc\u00e9es<small class=\"fine\">\u00a0<\/small>\u00bb.<\/i> Apr\u00e8s un moment d\u2019apaisement, la situation se tend \u00e0 nouveau\u00a0: <i>\u00ab<small class=\"fine\">\u00a0<\/small>Vers 3\u00a0heures [de l\u2019apr\u00e8s-midi], de nouvelles bousculades ont lieu et le nombre des manifestants grossit.<small class=\"fine\">\u00a0<\/small>\u00bb<\/i> Puis la violence se d\u00e9cha\u00eene\u00a0: <i>\u00ab<small class=\"fine\">\u00a0<\/small>Les gendarmes frappent de tous c\u00f4t\u00e9s. Des femmes, des enfants et des vieillards sont renvers\u00e9s. L\u2019exasp\u00e9ration monte. Un grand nombre de citoyens ripostent aux gendarmes avec des pierres.<small class=\"fine\">\u00a0<\/small>\u00bb<\/i> Soudain, c\u2019est le drame\u00a0: <i>\u00ab<small class=\"fine\">\u00a0<\/small>Un grand d\u00e9sordre r\u00e8gne et c\u2019est \u00e0 ce moment que, sans qu\u2019on sache qui en a donn\u00e9 l\u2019ordre, sans sommation pr\u00e9alable, un terrible feu de peloton a \u00e9t\u00e9 tir\u00e9 dans cette masse de monde.<\/i> (\u2026) <i>La place \u00e9tait couverte de bless\u00e9s et de morts.<small class=\"fine\">\u00a0<\/small>\u00bb<\/i> Interpell\u00e9, le ministre de l\u2019int\u00e9rieur r\u00e9pond avec v\u00e9h\u00e9mence\u00a0: <i>\u00ab<small class=\"fine\">\u00a0<\/small>Nous avons donn\u00e9 des ordres pour assurer la tranquillit\u00e9 publique<small class=\"fine\">\u00a0<\/small>; nous les avons donn\u00e9s avec nettet\u00e9, fermet\u00e9 et prudence.<small class=\"fine\">\u00a0<\/small>\u00bb<\/i> Il livre ensuite son propre r\u00e9cit\u00a0: <i>\u00ab<small class=\"fine\">\u00a0<\/small>La gendarmerie locale a pu distinguer dans la foule toute la client\u00e8le ordinaire des contrebandiers et des gens sans aveu qu\u2019on peut \u00e9valuer \u00e0 cinq ou six cents, parmi lesquels plus d\u2019un quart d\u2019\u00e9trangers. Toute la journ\u00e9e la force publique et l\u2019arm\u00e9e ont eu \u00e0 subir les injures, provocations et agressions de plus en plus violentes de la foule, et ce n\u2019est qu\u2019\u00e0 la derni\u00e8re extr\u00e9mit\u00e9 et sous l\u2019impression du danger qu\u2019il n\u2019\u00e9tait plus en leur pouvoir de conjurer autrement qu\u2019elles ont d\u00fb recourir \u00e0 la force des armes.<small class=\"fine\">\u00a0<\/small>\u00bb<\/i><\/p>\n<p>Il conclut\u00a0: <i>\u00ab<small class=\"fine\">\u00a0<\/small>Je ne sais si les agents, lass\u00e9s par les provocations de la foule, se sont laiss\u00e9 entra\u00eener \u00e0 quelques\u00a0(&#8230;)<\/i><\/p>\n<\/p><\/div>\n<p>Taille de l\u2019article complet\u00a0:\u00a0<span>4\u00a0589<\/span>\u00a0mots.<\/p>\n<div class=\"promo_dispo_article\">\n<h2 class=\"avantbloc\">\n\tCet article est r\u00e9serv\u00e9 aux\u00a0abonn\u00e9s<\/p>\n<\/h2>\n<div class=\"abo_inst\">\n\t<strong>Lyc\u00e9es, biblioth\u00e8ques, administrations, entreprises,<\/strong><br \/>\n\tacc\u00e9dez \u00e0 la base de donn\u00e9es en ligne de tous les articles du <i>Monde diplomatique<\/i> de 1954 \u00e0 nos\u00a0jours.<br \/>\n\t<a target=\"_blank\" id=\"pw-institutions\" class=\"suivi\" href=\"https:\/\/www.monde-diplomatique.fr\/archives\/institutions\">Retrouvez cette\u00a0offre sp\u00e9cifique<\/a>.\n<\/div>\n<\/div><\/div>\n<p><br \/>\n<br \/><a href=\"https:\/\/www.monde-diplomatique.fr\/2023\/05\/BONELLI\/65761\" target=\"_blank\"\">Source link <\/a><\/p>\n","protected":false},"excerpt":{"rendered":"<p>De la canalisation \u00e0 l\u2019affrontement \u00c0 partir du d\u00e9but du XXe si\u00e8cle, la r\u00e9publique a cherch\u00e9 \u00e0 mieux encadrer les protestations populaires dans la rue en privil\u00e9giant l\u2019\u00e9vitement. Depuis les&hellip; <\/p>\n","protected":false},"author":1,"featured_media":1044,"comment_status":"open","ping_status":"open","sticky":false,"template":"","format":"standard","meta":{"footnotes":""},"categories":[1],"tags":[],"class_list":["post-1043","post","type-post","status-publish","format-standard","has-post-thumbnail","hentry","category-non-classe"],"_links":{"self":[{"href":"https:\/\/monde25.info\/index.php\/wp-json\/wp\/v2\/posts\/1043","targetHints":{"allow":["GET"]}}],"collection":[{"href":"https:\/\/monde25.info\/index.php\/wp-json\/wp\/v2\/posts"}],"about":[{"href":"https:\/\/monde25.info\/index.php\/wp-json\/wp\/v2\/types\/post"}],"author":[{"embeddable":true,"href":"https:\/\/monde25.info\/index.php\/wp-json\/wp\/v2\/users\/1"}],"replies":[{"embeddable":true,"href":"https:\/\/monde25.info\/index.php\/wp-json\/wp\/v2\/comments?post=1043"}],"version-history":[{"count":0,"href":"https:\/\/monde25.info\/index.php\/wp-json\/wp\/v2\/posts\/1043\/revisions"}],"wp:featuredmedia":[{"embeddable":true,"href":"https:\/\/monde25.info\/index.php\/wp-json\/wp\/v2\/media\/1044"}],"wp:attachment":[{"href":"https:\/\/monde25.info\/index.php\/wp-json\/wp\/v2\/media?parent=1043"}],"wp:term":[{"taxonomy":"category","embeddable":true,"href":"https:\/\/monde25.info\/index.php\/wp-json\/wp\/v2\/categories?post=1043"},{"taxonomy":"post_tag","embeddable":true,"href":"https:\/\/monde25.info\/index.php\/wp-json\/wp\/v2\/tags?post=1043"}],"curies":[{"name":"wp","href":"https:\/\/api.w.org\/{rel}","templated":true}]}}