{"id":105,"date":"2024-11-14T17:44:35","date_gmt":"2024-11-14T16:44:35","guid":{"rendered":"https:\/\/monde25.info\/index.php\/2024\/11\/14\/des-animaux-decoupes-vivants-dans-un-abattoir-de-savoie\/"},"modified":"2024-11-14T17:44:35","modified_gmt":"2024-11-14T16:44:35","slug":"des-animaux-decoupes-vivants-dans-un-abattoir-de-savoie","status":"publish","type":"post","link":"https:\/\/monde25.info\/index.php\/2024\/11\/14\/des-animaux-decoupes-vivants-dans-un-abattoir-de-savoie\/","title":{"rendered":"Des animaux d\u00e9coup\u00e9s vivants dans un abattoir de Savoie"},"content":{"rendered":"<p> <br \/>\n<\/p>\n<div>\n<h4><strong>L214 publie ce jeudi 14 novembre des images provenant de l\u2019abattoir de Maurienne \u00e0 Saint-\u00c9tienne-de-Cuines (Savoie), dirig\u00e9 notamment par le pr\u00e9sident d\u2019Interbev Auvergne-Rh\u00f4ne-Alpes. Reportage.\u00a0<\/strong><\/h4>\n<p>L214 porte plainte pour <strong>actes de cruaut\u00e9 et mauvais traitements <a target=\"_blank\" href=\"https:\/\/www.l214.com\/wp-content\/uploads\/2024\/11\/Abattoir-de-Maurienne-Manquements.pdf?utm_medium=email&amp;utm_source=newsletter&amp;utm_campaign=2024%2F11%2F14-abattoir-maurienne\">sur 10 manquements graves identifi\u00e9s<\/a><\/strong> au cours des 10 jours d\u2019abattage film\u00e9s entre le 29 ao\u00fbt et le 1er octobre 2024.<\/p>\n<p>L214 demande \u00e0 Annie Genevard, nouvelle ministre de l\u2019Agriculture, de <strong>fermer l\u2019\u00e9tablissement et de r\u00e9aliser un audit g\u00e9n\u00e9ralis\u00e9<\/strong> des abattoirs en France.<\/p>\n<p><iframe loading=\"lazy\" title=\"Abattoir de Maurienne : des animaux d\u00e9coup\u00e9s vivants\" src=\"https:\/\/player.vimeo.com\/video\/1024679086?dnt=1&amp;app_id=122963\" width=\"696\" height=\"392\" frameborder=\"0\" allow=\"autoplay; fullscreen; picture-in-picture; clipboard-write\"><\/iframe><\/p>\n<p><strong>\u00c0 l\u2019abattoir de Maurienne, des moutons (b\u00e9liers, brebis et agneaux) et des bovins (b\u0153ufs, vaches et veaux) sont\u00a0<a target=\"_blank\" href=\"https:\/\/vimeo.com\/1024768990\/e708536ba2?share=copy\" target=\"_blank\" rel=\"noopener\">abattus encore sensibles et conscients<\/a>, et\u00a0<a target=\"_blank\" href=\"https:\/\/vimeo.com\/1024758391\/510af34176?share=copy\" target=\"_blank\" rel=\"noopener\">certains sont d\u00e9coup\u00e9s alors qu\u2019ils sont encore vivants<\/a>.<\/strong><\/p>\n<p>\u00c0 l\u2019affalage (sortie de la contention apr\u00e8s l\u2019\u00e9tourdissement) ou apr\u00e8s la saign\u00e9e, les animaux pr\u00e9sentent des\u00a0<strong><a target=\"_blank\" href=\"https:\/\/www.l214.com\/wp-content\/uploads\/2024\/10\/Extraits-sur-letourdissement.pdf?utm_medium=email&amp;utm_source=newsletter&amp;utm_campaign=2024%2F11%2F14-abattoir-maurienne\" target=\"_blank\" rel=\"noopener\">signes de conscience caract\u00e9ristiques<\/a><\/strong>\u00a0<strong>dont des mouvements de redressement une fois suspendus.<\/strong> La plupart se d\u00e9battent violemment.<\/p>\n<blockquote>\n<p><strong>\u00ab\u00a0S\u2019ensuit une d\u00e9coupe primaire au couteau sur des animaux encore vivants,\u00a0alors qu\u2019\u00e0 ce stade ils devraient \u00eatre morts\u00a0\u00bb.<\/strong><\/p>\n<\/blockquote>\n<p>S\u2019ensuit <strong>une d\u00e9coupe primaire au couteau sur des animaux encore vivants<\/strong> (mouvements de la patte arri\u00e8re), alors qu\u2019\u00e0 ce stade ils devraient \u00eatre morts.<\/p>\n<p><strong>D\u2019autres graves infractions ont \u00e9t\u00e9 relev\u00e9es dans cette enqu\u00eate\u00a0:<\/strong><\/p>\n<figure id=\"attachment_688686\" aria-describedby=\"caption-attachment-688686\" style=\"width: 1280px\" class=\"wp-caption alignnone\"><img fetchpriority=\"high\" decoding=\"async\" class=\"size-full wp-image-688686\" src=\"https:\/\/mrmondialisation.org\/wp-content\/uploads\/2024\/11\/abattoir-maurienne-savoie-moutons-amenee-moutons-retournes.jpg\" alt=\"\" width=\"1280\" height=\"720\" srcset=\"https:\/\/mrmondialisation.org\/wp-content\/uploads\/2024\/11\/abattoir-maurienne-savoie-moutons-amenee-moutons-retournes.jpg 1280w, https:\/\/mrmondialisation.org\/wp-content\/uploads\/2024\/11\/abattoir-maurienne-savoie-moutons-amenee-moutons-retournes-1024x576.jpg 1024w, https:\/\/mrmondialisation.org\/wp-content\/uploads\/2024\/11\/abattoir-maurienne-savoie-moutons-amenee-moutons-retournes-768x432.jpg 768w, https:\/\/mrmondialisation.org\/wp-content\/uploads\/2024\/11\/abattoir-maurienne-savoie-moutons-amenee-moutons-retournes-696x392.jpg 696w, https:\/\/mrmondialisation.org\/wp-content\/uploads\/2024\/11\/abattoir-maurienne-savoie-moutons-amenee-moutons-retournes-1068x601.jpg 1068w, https:\/\/mrmondialisation.org\/wp-content\/uploads\/2024\/11\/abattoir-maurienne-savoie-moutons-amenee-moutons-retournes-747x420.jpg 747w\" sizes=\"(max-width: 1280px) 100vw, 1280px\"\/><figcaption id=\"caption-attachment-688686\" class=\"wp-caption-text\">@L214<\/figcaption><\/figure>\n<p><strong>Cet abattoir fournit\u00a0<a target=\"_blank\" href=\"https:\/\/www.l214.com\/wp-content\/uploads\/2024\/11\/GMS-Savoie-Abattoir-de-Maurienne.pdf?utm_medium=email&amp;utm_source=newsletter&amp;utm_campaign=2024%2F11%2F14-abattoir-maurienne\" target=\"_blank\" rel=\"noopener\">des magasins Super U, Intermarch\u00e9 et E.Leclerc du d\u00e9partement<\/a>, et des\u00a0<a target=\"_blank\" href=\"https:\/\/www.l214.com\/wp-content\/uploads\/2024\/10\/Boucheries-locales-Abattoir-de-Maurienne.pdf?utm_medium=email&amp;utm_source=newsletter&amp;utm_campaign=2024%2F11%2F14-abattoir-maurienne\" target=\"_blank\" rel=\"noopener\">boucheries locales<\/a>. La viande est aussi vendue en direct dans les \u00e9levages o\u00f9 ont \u00e9t\u00e9 \u00e9lev\u00e9s les animaux tu\u00e9s dans cet abattoir.<\/strong><\/p>\n<p>L\u2019\u00e9tablissement appartient au Syndicat du pays de Maurienne regroupant\u00a0<a target=\"_blank\" href=\"http:\/\/www.maurienne.fr\/fr\/il4-maurienne_p21-presentation.aspx\" target=\"_blank\" rel=\"noopener\">5 communaut\u00e9s de communes.<\/a>\u00a0Il est g\u00e9r\u00e9 par la profession agricole (coop\u00e9ratives et \u00e9leveurs) et des bouchers.\u00a0<strong>On compte parmi ses dirigeants Lionel Rittaud,\u00a0<a target=\"_blank\" href=\"https:\/\/www.interbev.fr\/interbev\/comites-regionaux\/auvergne-rhone-alpes\/\" target=\"_blank\" rel=\"noopener\">pr\u00e9sident d\u2019Interbev Auvergne-Rh\u00f4ne-Alpes<\/a>\u00a0(interprofession de la viande) et artisan-boucher propri\u00e9taire de la boucherie Rittaud.<\/strong><\/p>\n<div class=\"td-a-rec td-a-rec-id-content_inlineright  tdi_1 td_block_template_1\">\n<span class=\"td-adspot-title\">&#8211; Pour une information libre ! &#8211;<\/span><a target=\"_blank\" href=\"https:\/\/fr.tipeee.com\/mr-mondialisation\" class=\"tipeee-project-small\">Soutenir Mr Japanization sur Tipeee<\/a>\n<\/div>\n<p>\u00ab <em><strong>\u00ab\u00a0Ces agneaux l\u00e0-bas, ils sont trop mignons, [\u2026] vaut mieux pas trop les regarder\u00a0\u00bb<\/strong>. Ces mots entendus \u00e0 l\u2019abattoir de Maurienne, <\/em>rapporte B\u00e9r\u00e9nice Riaux, charg\u00e9e des enqu\u00eates de L214, <em>ont \u00e9t\u00e9 prononc\u00e9s par la v\u00e9t\u00e9rinaire en charge de la protection animale, et rattach\u00e9e \u00e0 la pr\u00e9fecture de Savoie. <strong>Ils r\u00e9v\u00e8lent \u00e0 quel point nos pratiques sont en opposition avec nos valeurs.<\/strong><\/em><\/p>\n<figure id=\"attachment_688683\" aria-describedby=\"caption-attachment-688683\" style=\"width: 2560px\" class=\"wp-caption alignnone\"><img loading=\"lazy\" decoding=\"async\" class=\"size-full wp-image-688683\" src=\"https:\/\/mrmondialisation.org\/wp-content\/uploads\/2024\/11\/abattoir-maurienne-savoie-moutons-bouverie-saint-etienne-de-cuines-scaled.jpg\" alt=\"\" width=\"2560\" height=\"1440\" srcset=\"https:\/\/mrmondialisation.org\/wp-content\/uploads\/2024\/11\/abattoir-maurienne-savoie-moutons-bouverie-saint-etienne-de-cuines-scaled.jpg 2560w, https:\/\/mrmondialisation.org\/wp-content\/uploads\/2024\/11\/abattoir-maurienne-savoie-moutons-bouverie-saint-etienne-de-cuines-1024x576.jpg 1024w, https:\/\/mrmondialisation.org\/wp-content\/uploads\/2024\/11\/abattoir-maurienne-savoie-moutons-bouverie-saint-etienne-de-cuines-1524x857.jpg 1524w, https:\/\/mrmondialisation.org\/wp-content\/uploads\/2024\/11\/abattoir-maurienne-savoie-moutons-bouverie-saint-etienne-de-cuines-768x432.jpg 768w, https:\/\/mrmondialisation.org\/wp-content\/uploads\/2024\/11\/abattoir-maurienne-savoie-moutons-bouverie-saint-etienne-de-cuines-1536x864.jpg 1536w, https:\/\/mrmondialisation.org\/wp-content\/uploads\/2024\/11\/abattoir-maurienne-savoie-moutons-bouverie-saint-etienne-de-cuines-2048x1152.jpg 2048w, https:\/\/mrmondialisation.org\/wp-content\/uploads\/2024\/11\/abattoir-maurienne-savoie-moutons-bouverie-saint-etienne-de-cuines-696x392.jpg 696w, https:\/\/mrmondialisation.org\/wp-content\/uploads\/2024\/11\/abattoir-maurienne-savoie-moutons-bouverie-saint-etienne-de-cuines-1068x601.jpg 1068w, https:\/\/mrmondialisation.org\/wp-content\/uploads\/2024\/11\/abattoir-maurienne-savoie-moutons-bouverie-saint-etienne-de-cuines-747x420.jpg 747w\" sizes=\"auto, (max-width: 2560px) 100vw, 2560px\"\/><figcaption id=\"caption-attachment-688683\" class=\"wp-caption-text\">@L214<\/figcaption><\/figure>\n<p><em>Cet abattoir est <a target=\"_blank\" href=\"https:\/\/mrmondialisation.org\/abattoir-du-comminges-des-conditions-dabattage-chaotiques\/\">le quatri\u00e8me que nous \u00e9pinglons en l\u2019espace d\u2019un an.<\/a> \u00c0 chaque fois, nous constatons des animaux en grande souffrance, et \u00e0 chaque fois, nous relevons des infractions ayant de graves cons\u00e9quences sur eux. Des images qui indignent la plupart des citoyens et des consommateurs.<strong> La souffrance des animaux dans les abattoirs ne devrait plus \u00eatre sujet \u00e0 d\u00e9bat.<\/strong> Il est grand temps que le gouvernement \u00e9tablisse un plan d\u2019action visant une r\u00e9duction du nombre d\u2019animaux tu\u00e9s.<\/em>\u00a0\u00bb<\/p>\n<h2><strong>L214 interpelle la nouvelle ministre de l\u2019Agriculture<\/strong><\/h2>\n<p><strong>L214 demande \u00e0 Annie Genevard de conduire un audit interne dans les \u00e9tablissements fran\u00e7ais d\u2019abattage d\u2019animaux\u00a0<\/strong>pour faire un \u00e9tat des lieux des conditions d\u2019abattage. L\u2019association demande \u00e0 ce que les rapports d\u2019inspection issus de cet audit soient rendus publics.<\/p>\n<p>Par ailleurs,\u00a0<strong>L214 demande \u00e0 la ministre et \u00e0 Fran\u00e7ois Ravier, pr\u00e9fet de la Savoie, la fermeture imm\u00e9diate de l\u2019abattoir de Maurienne.<\/strong><\/p>\n<h2><strong>L214 appelle les \u00e9leveurs \u00e0 se porter partie civile<\/strong><\/h2>\n<figure id=\"attachment_688684\" aria-describedby=\"caption-attachment-688684\" style=\"width: 1280px\" class=\"wp-caption alignnone\"><img loading=\"lazy\" decoding=\"async\" class=\"size-full wp-image-688684\" src=\"https:\/\/mrmondialisation.org\/wp-content\/uploads\/2024\/11\/abattoir-maurienne-savoie-moutons-avant-abattage-torsion-queue.jpg\" alt=\"\" width=\"1280\" height=\"720\" srcset=\"https:\/\/mrmondialisation.org\/wp-content\/uploads\/2024\/11\/abattoir-maurienne-savoie-moutons-avant-abattage-torsion-queue.jpg 1280w, https:\/\/mrmondialisation.org\/wp-content\/uploads\/2024\/11\/abattoir-maurienne-savoie-moutons-avant-abattage-torsion-queue-1024x576.jpg 1024w, https:\/\/mrmondialisation.org\/wp-content\/uploads\/2024\/11\/abattoir-maurienne-savoie-moutons-avant-abattage-torsion-queue-768x432.jpg 768w, https:\/\/mrmondialisation.org\/wp-content\/uploads\/2024\/11\/abattoir-maurienne-savoie-moutons-avant-abattage-torsion-queue-696x392.jpg 696w, https:\/\/mrmondialisation.org\/wp-content\/uploads\/2024\/11\/abattoir-maurienne-savoie-moutons-avant-abattage-torsion-queue-1068x601.jpg 1068w, https:\/\/mrmondialisation.org\/wp-content\/uploads\/2024\/11\/abattoir-maurienne-savoie-moutons-avant-abattage-torsion-queue-747x420.jpg 747w\" sizes=\"auto, (max-width: 1280px) 100vw, 1280px\"\/><figcaption id=\"caption-attachment-688684\" class=\"wp-caption-text\">@L214<\/figcaption><\/figure>\n<p><strong>L214 porte plainte pour actes de cruaut\u00e9 et mauvais traitements commis par un professionnel<\/strong>\u00a0aupr\u00e8s de la procureure de la R\u00e9publique du tribunal judiciaire d\u2019Albertville. Ce mercredi 13 novembre, l\u2019association lui a remis 3\u00a0h\u00a030 d\u2019images de preuves.<\/p>\n<p><strong>Les \u00e9leveurs clients de l\u2019abattoir, qui ne pourront qu\u2019\u00eatre choqu\u00e9s par ces m\u00e9thodes d\u2019abattage, peuvent se porter partie civile.<\/strong>\u00a0Pour toute question sur cette affaire ou sur la proc\u00e9dure en justice entam\u00e9e par L214, ils peuvent contacter l\u2019association \u00e0 l\u2019adresse abattoir-maurienne@L214.com.<\/p>\n<h2><strong>Que dit la r\u00e9glementation\u00a0?<\/strong><\/h2>\n<figure id=\"attachment_688685\" aria-describedby=\"caption-attachment-688685\" style=\"width: 1280px\" class=\"wp-caption alignnone\"><img loading=\"lazy\" decoding=\"async\" class=\"size-full wp-image-688685\" src=\"https:\/\/mrmondialisation.org\/wp-content\/uploads\/2024\/11\/abattoir-maurienne-savoie-moutons-etourdissement-matador.jpg\" alt=\"\" width=\"1280\" height=\"720\" srcset=\"https:\/\/mrmondialisation.org\/wp-content\/uploads\/2024\/11\/abattoir-maurienne-savoie-moutons-etourdissement-matador.jpg 1280w, https:\/\/mrmondialisation.org\/wp-content\/uploads\/2024\/11\/abattoir-maurienne-savoie-moutons-etourdissement-matador-1024x576.jpg 1024w, https:\/\/mrmondialisation.org\/wp-content\/uploads\/2024\/11\/abattoir-maurienne-savoie-moutons-etourdissement-matador-768x432.jpg 768w, https:\/\/mrmondialisation.org\/wp-content\/uploads\/2024\/11\/abattoir-maurienne-savoie-moutons-etourdissement-matador-696x392.jpg 696w, https:\/\/mrmondialisation.org\/wp-content\/uploads\/2024\/11\/abattoir-maurienne-savoie-moutons-etourdissement-matador-1068x601.jpg 1068w, https:\/\/mrmondialisation.org\/wp-content\/uploads\/2024\/11\/abattoir-maurienne-savoie-moutons-etourdissement-matador-747x420.jpg 747w\" sizes=\"auto, (max-width: 1280px) 100vw, 1280px\"\/><figcaption id=\"caption-attachment-688685\" class=\"wp-caption-text\">@L214<\/figcaption><\/figure>\n<p><strong>Un animal doit \u00eatre inconscient au moment de la saign\u00e9e.<br \/><\/strong><a target=\"_blank\" href=\"https:\/\/eur-lex.europa.eu\/LexUriServ\/LexUriServ.do?uri=OJ:L:2009:303:0001:0030:FR:PDF\" target=\"_blank\" rel=\"noopener\">Article 4 du r\u00e8glement 1099\/2009<\/a><br \/>\u00ab\u00a0<em>L\u2019animal est maintenu dans un \u00e9tat d\u2019inconscience et d\u2019insensibilit\u00e9 jusqu\u2019\u00e0 sa mort.<\/em>\u00a0\u00bb<br \/><a target=\"_blank\" href=\"https:\/\/www.legifrance.gouv.fr\/codes\/article_lc\/LEGIARTI000006587911\" target=\"_blank\" rel=\"noopener\">Article R 214-71 du Code rural et de la p\u00eache maritime<\/a><br \/>\u00ab\u00a0<em>La saign\u00e9e doit commencer le plus t\u00f4t possible apr\u00e8s l\u2019\u00e9tourdissement et en tout \u00e9tat de cause avant que l\u2019animal ne reprenne conscience.<\/em>\u00a0\u00bb<\/p>\n<p><strong>Un animal doit \u00eatre mort au moment de la d\u00e9coupe.<br \/><\/strong><a target=\"_blank\" href=\"https:\/\/eur-lex.europa.eu\/LexUriServ\/LexUriServ.do?uri=OJ:L:2009:303:0001:0030:FR:PDF\" target=\"_blank\" rel=\"noopener\">Annexe III du r\u00e8glement 1099\/2009<\/a><br \/>\u00ab\u00a0<em>3.2 L\u2019habillage ou l\u2019\u00e9chaudage ne sont pratiqu\u00e9s qu\u2019apr\u00e8s v\u00e9rification de l\u2019absence de signe de vie de l\u2019animal.<\/em>\u00a0\u00bb<\/p>\n<p style=\"text-align: right;\"><strong><a target=\"_blank\" href=\"https:\/\/www.l214.com\/enquetes\/2024\/abattoir-maurienne\/?utm_medium=email&amp;utm_source=newsletter&amp;utm_campaign=2024%2F11%2F14-abattoir-maurienne\"><em>Signer la p\u00e9tition ici.\u00a0<\/em><\/a><\/strong><\/p>\n<p style=\"text-align: right;\"><em>\u2013 L214<\/em><\/p>\n<div class=\"td-a-rec td-a-rec-id-content_bottom  tdi_2 td_block_template_1\">\n<span class=\"td-adspot-title\">&#8211; Cet article gratuit et ind\u00e9pendant existe gr\u00e2ce \u00e0 vous &#8211;<\/span><\/p>\n<div class=\"td-all-devices\">\n    <a target=\"_blank\" href=\"https:\/\/mrmondialisation.org\/donation\/\" title=\"Faire_un_don\"><img decoding=\"async\" class=\"donationArticle\" src=\"https:\/\/mrmondialisation.org\/wp-content\/uploads\/2022\/12\/220405-flikalicious-final.jpg\" alt=\"Donation\"\/><\/a>\n<\/div>\n<\/div><\/div>\n<p><br \/>\n<br \/><a href=\"https:\/\/mrmondialisation.org\/des-animaux-decoupes-vivants-dans-un-abattoir-de-savoie\/\" target=\"_blank\"\">Source link <\/a><\/p>\n","protected":false},"excerpt":{"rendered":"<p>L214 publie ce jeudi 14 novembre des images provenant de l\u2019abattoir de Maurienne \u00e0 Saint-\u00c9tienne-de-Cuines (Savoie), dirig\u00e9 notamment par le pr\u00e9sident d\u2019Interbev Auvergne-Rh\u00f4ne-Alpes. Reportage.\u00a0 L214 porte plainte pour actes de&hellip; <\/p>\n","protected":false},"author":1,"featured_media":106,"comment_status":"open","ping_status":"open","sticky":false,"template":"","format":"standard","meta":{"footnotes":""},"categories":[1],"tags":[],"class_list":["post-105","post","type-post","status-publish","format-standard","has-post-thumbnail","hentry","category-non-classe"],"_links":{"self":[{"href":"https:\/\/monde25.info\/index.php\/wp-json\/wp\/v2\/posts\/105","targetHints":{"allow":["GET"]}}],"collection":[{"href":"https:\/\/monde25.info\/index.php\/wp-json\/wp\/v2\/posts"}],"about":[{"href":"https:\/\/monde25.info\/index.php\/wp-json\/wp\/v2\/types\/post"}],"author":[{"embeddable":true,"href":"https:\/\/monde25.info\/index.php\/wp-json\/wp\/v2\/users\/1"}],"replies":[{"embeddable":true,"href":"https:\/\/monde25.info\/index.php\/wp-json\/wp\/v2\/comments?post=105"}],"version-history":[{"count":0,"href":"https:\/\/monde25.info\/index.php\/wp-json\/wp\/v2\/posts\/105\/revisions"}],"wp:featuredmedia":[{"embeddable":true,"href":"https:\/\/monde25.info\/index.php\/wp-json\/wp\/v2\/media\/106"}],"wp:attachment":[{"href":"https:\/\/monde25.info\/index.php\/wp-json\/wp\/v2\/media?parent=105"}],"wp:term":[{"taxonomy":"category","embeddable":true,"href":"https:\/\/monde25.info\/index.php\/wp-json\/wp\/v2\/categories?post=105"},{"taxonomy":"post_tag","embeddable":true,"href":"https:\/\/monde25.info\/index.php\/wp-json\/wp\/v2\/tags?post=105"}],"curies":[{"name":"wp","href":"https:\/\/api.w.org\/{rel}","templated":true}]}}