{"id":1053,"date":"2024-11-28T02:32:42","date_gmt":"2024-11-28T01:32:42","guid":{"rendered":"https:\/\/monde25.info\/index.php\/2024\/11\/28\/nous-sommes-prets-a-faire-face-a-toute-evolution-de-la-situation-assure-lavrov-rt-en-francais\/"},"modified":"2024-11-28T02:32:42","modified_gmt":"2024-11-28T01:32:42","slug":"nous-sommes-prets-a-faire-face-a-toute-evolution-de-la-situation-assure-lavrov-rt-en-francais","status":"publish","type":"post","link":"https:\/\/monde25.info\/index.php\/2024\/11\/28\/nous-sommes-prets-a-faire-face-a-toute-evolution-de-la-situation-assure-lavrov-rt-en-francais\/","title":{"rendered":"\u00abNous sommes pr\u00eats \u00e0 faire face \u00e0 toute \u00e9volution de la situation\u00bb, assure Lavrov \u2014 RT en fran\u00e7ais"},"content":{"rendered":"<p> <br \/>\n<br \/><img decoding=\"async\" src=\"https:\/\/mf.b37mrtl.ru\/french\/images\/2024.11\/thumbnail\/6746fc9187f3ec2f5b5f0f1e.jpg\" \/><\/p>\n<div>\n<p class=\"text__summary\">\n                                        Dans un entretien exclusif accord\u00e9 au journal Rossiyskaya Gazeta, le ministre russe des Affaires \u00e9trang\u00e8res, Sergue\u00ef Lavrov, a abord\u00e9 plusieurs sujets d\u2019actualit\u00e9 mondiale. De la crise ukrainienne au n\u00e9ocolonialisme en passant par le climat et les tensions au Moyen-Orient, il a soulign\u00e9 la position ferme de la Russie face aux d\u00e9fis actuels.\n                                    <\/p>\n<p>Dans un\u00a0<a target=\"_blank\" href=\"https:\/\/rg.ru\/2024\/11\/27\/my-gotovy-k-liubomu-razvitiiu-sobytij.html\" target=\"_blank\" rel=\"noopener noreferrer\">entretien<\/a> accord\u00e9 \u00e0 <em>Rossiyskaya Gazeta<\/em> publi\u00e9 ce 27 novembre, le ministre russe des Affaires \u00e9trang\u00e8res, Sergue\u00ef Lavrov, a notamment abord\u00e9 la crise ukrainienne, qu\u2019il a d\u00e9crite comme une cons\u00e9quence de la \u00abcr\u00e9ation de menaces \u00e0 long terme\u00bb pour la s\u00e9curit\u00e9 de la Russie \u00aby compris l&rsquo;expansion de l&rsquo;OTAN\u00bb et \u00abdes violations syst\u00e9matiques\u00bb par les autorit\u00e9s ukrainiennes\u00a0\u00abdes droits des Russes et des personnes associ\u00e9es \u00e0 la Russie, \u00e0 la culture russe et \u00e0 la foi orthodoxe\u00bb.<\/p>\n<p>Le chef de la diplomatie russe a r\u00e9affirm\u00e9 la d\u00e9termination de Moscou \u00e0 d\u00e9fendre ses int\u00e9r\u00eats, tout en pr\u00f4nant une r\u00e9solution pacifique. \u00abNous sommes pr\u00eats \u00e0 faire face \u00e0 toute \u00e9volution de\u00a0la situation, mais nous pr\u00e9f\u00e9rons toujours r\u00e9soudre les diff\u00e9rends par des moyens pacifiques\u00bb, a d\u00e9clar\u00e9 Lavrov.<\/p>\n<h2>\u00abTous nos avertissements [&#8230;] ont \u00e9t\u00e9 ignor\u00e9s\u00bb<\/h2>\n<p>Un\u00a0\u00ab\u00e9l\u00e9ment n\u00e9cessaire\u00bb \u00e0 une telle r\u00e9solution politique, a-t-il soulign\u00e9, est \u00abla d\u00e9militarisation et la d\u00e9nazification, ainsi que la garantie du statut de non-alignement, de neutralit\u00e9 et de d\u00e9nucl\u00e9arisation des territoires sous le contr\u00f4le du r\u00e9gime de Kiev, devraient \u00eatre des \u00e9l\u00e9ments n\u00e9cessaires \u00e0 un r\u00e8glement politique du conflit\u00bb.<\/p>\n<p>\u00abTous nos avertissements concernant une r\u00e9ponse ad\u00e9quate \u00e0 ces actions inacceptables ont \u00e9t\u00e9 ignor\u00e9s\u00bb a-t-il par ailleurs regrett\u00e9, revenant sur l&rsquo;escalade provoqu\u00e9e par l&rsquo;utilisation de missiles \u00e0 longue port\u00e9e am\u00e9ricains, par Kiev, afin de frapper dans la profondeur de la Russie.<\/p>\n<p>\u00abLe pr\u00e9sident Vladimir Poutine a clairement indiqu\u00e9 comment la Russie r\u00e9pondrait \u00e0 ces mesures dans une allocution t\u00e9l\u00e9vis\u00e9e le 21 novembre\u00bb a-t-il ajout\u00e9, avant de poursuivre:\u00a0\u00abJe suis convaincu que tous ceux qui sont responsables des dommages caus\u00e9s aux citoyens et aux infrastructures de la Russie recevront le ch\u00e2timent qu&rsquo;ils m\u00e9ritent\u00bb.<\/p>\n<p>\u00abLa Russie pr\u00e9f\u00e8re les moyens pacifiques, mais elle est \u00e9galement pr\u00eate \u00e0 faire face \u00e0 toute \u00e9volution des \u00e9v\u00e9nements, il y aura toujours une r\u00e9ponse\u00bb avait d\u00e9clar\u00e9 le pr\u00e9sident russe le 21 novembre, lors d&rsquo;une allocution t\u00e9l\u00e9vis\u00e9e. Une prise de parole qui suivait plusieurs frappes ukrainiennes men\u00e9es par des missiles \u00e0 longue port\u00e9e am\u00e9ricains et franco-britanniques. Lors de cette intervention, Vladimir Poutine avait\u00a0\u00e9voqu\u00e9 le\u00a0succ\u00e8s d&rsquo;un\u00a0test du nouveau missile balistique\u00a0de moyenne port\u00e9e \u00abOrechnik\u00bb.<\/p>\n<h2>\u00abL\u2019exploitation par les m\u00e9tropoles de leurs anciennes colonies n\u2019a jamais cess\u00e9\u00bb<\/h2>\n<p>Sur la sc\u00e8ne internationale, Sergue\u00ef Lavrov a de nouveau d\u00e9nonc\u00e9 les tentatives des pays occidentaux d\u2019\u00abukrainiser \u00bb les discussions lors du sommet du G20 \u00e0 Rio de Janeiro. \u00abAucun repr\u00e9sentant des pays de la majorit\u00e9 mondiale, du Sud, ne l\u2019a soutenu. Nos coll\u00e8gues du monde en d\u00e9veloppement et nous-m\u00eames avons insist\u00e9 pour que le texte soit consacr\u00e9 \u00e0 tous les conflits\u00bb a d\u00e9clar\u00e9 Lavrov.<\/p>\n<p>Celui-ci\u00a0a \u00e9galement consacr\u00e9 une partie de son entretien \u00e0 d\u00e9noncer le \u00abn\u00e9ocolonialisme moderne\u00bb, notamment dans ses \u00e9changes r\u00e9cents avec les dirigeants africains. \u00abL\u2019exploitation par les m\u00e9tropoles de leurs anciennes colonies n\u2019a jamais cess\u00e9. Elle a seulement chang\u00e9 de forme, mais l\u2019objectif est rest\u00e9 le m\u00eame : siphonner les ressources des pays d\u2019Asie, d\u2019Afrique et d\u2019Am\u00e9rique latine afin de pr\u00e9server la domination de l\u2019Occident\u00bb a-t-il d\u00e9clar\u00e9 au quotidien russe.<\/p>\n<p>\u00abApr\u00e8s le tremblement de terre d\u00e9vastateur qui a frapp\u00e9 Ha\u00efti en 2010, seuls 2,6% des 2,5 milliards de dollars d\u2019aide promis par les \u00c9tats-Unis sont parvenus aux entreprises et organisations ha\u00eftiennes. Le reste a \u00e9t\u00e9 absorb\u00e9 par des entrepreneurs am\u00e9ricains\u00bb a relat\u00e9 Lavrov, pour illustrer son propos.<\/p>\n<h2>Transition \u00e9nerg\u00e9tique : une\u00a0\u00abobsession\u00bb des pays Occidentaux<\/h2>\n<p>Le chef de la diplomatie russe a salu\u00e9 les efforts de la pr\u00e9sidence br\u00e9silienne du G20 pour \u00ablib\u00e9rer les formats sectoriels des questions g\u00e9opolitiques\u00bb. Insistant sur une approche pragmatique, il a d\u00e9clar\u00e9 : \u00abNous pensons qu\u2019il est n\u00e9cessaire d\u2019investir dans tous les combustibles disponibles afin d\u2019\u00e9viter les chocs sur les march\u00e9s de l\u2019\u00e9nergie et d\u2019aggraver le probl\u00e8me de la pauvret\u00e9 \u00e9nerg\u00e9tique\u00bb.<\/p>\n<p>Critiquant ce qu\u2019il appelle \u00abl\u2019obsession\u00bb des pays occidentaux pour une transition \u00e9nerg\u00e9tique pr\u00e9cipit\u00e9e, il a averti que cette d\u00e9marche avait des r\u00e9percussions mondiales : \u00abL\u2019obsession de ce th\u00e8me a d\u00e9j\u00e0 conduit \u00e0 une hausse injustifi\u00e9e des prix de l\u2019\u00e9nergie et, par cons\u00e9quent, au co\u00fbt record des engrais min\u00e9raux\u00bb.<\/p>\n<p><strong\/>Enfin,\u00a0Sergue\u00ef Lavrov a d\u00e9crit la situation au Moyen-Orient comme \u00abextr\u00eamement dangereuse\u00bb, en particulier dans le contexte de la crise isra\u00e9lo-palestinienne : \u00abTout cela est la cons\u00e9quence directe de la politique agressive et militariste d\u2019Isra\u00ebl et de la volont\u00e9 de Washington de monopoliser les fonctions de m\u00e9diation\u00bb a-t-il, de nouveau d\u00e9nonc\u00e9, <a target=\"_blank\" href=\"https:\/\/francais.rt.com\/international\/107478-conference-presse-lavrov-secretaire-ligue-arabe-gheit\">r\u00e9it\u00e9rant<\/a> une ligne qu&rsquo;il tient depuis les premiers jours du conflit.<\/p>\n<p>Dans cette m\u00eame ligne, le ministre russe a de nouveau plaid\u00e9 pour une solution \u00e0 deux \u00c9tats, en insistant sur une approche guid\u00e9e par les pays de la r\u00e9gion.<\/p>\n<\/div>\n<p><br \/>\n<br \/><a href=\"https:\/\/francais.rt.com\/russie\/114974-serguei-lavrov-nous-preferons-la-paix\" target=\"_blank\"\">Source link <\/a><\/p>\n","protected":false},"excerpt":{"rendered":"<p>Dans un entretien exclusif accord\u00e9 au journal Rossiyskaya Gazeta, le ministre russe des Affaires \u00e9trang\u00e8res, Sergue\u00ef Lavrov, a abord\u00e9 plusieurs sujets d\u2019actualit\u00e9 mondiale. De la crise ukrainienne au n\u00e9ocolonialisme en&hellip; <\/p>\n","protected":false},"author":1,"featured_media":1054,"comment_status":"open","ping_status":"open","sticky":false,"template":"","format":"standard","meta":{"footnotes":""},"categories":[1],"tags":[],"class_list":["post-1053","post","type-post","status-publish","format-standard","has-post-thumbnail","hentry","category-non-classe"],"_links":{"self":[{"href":"https:\/\/monde25.info\/index.php\/wp-json\/wp\/v2\/posts\/1053","targetHints":{"allow":["GET"]}}],"collection":[{"href":"https:\/\/monde25.info\/index.php\/wp-json\/wp\/v2\/posts"}],"about":[{"href":"https:\/\/monde25.info\/index.php\/wp-json\/wp\/v2\/types\/post"}],"author":[{"embeddable":true,"href":"https:\/\/monde25.info\/index.php\/wp-json\/wp\/v2\/users\/1"}],"replies":[{"embeddable":true,"href":"https:\/\/monde25.info\/index.php\/wp-json\/wp\/v2\/comments?post=1053"}],"version-history":[{"count":0,"href":"https:\/\/monde25.info\/index.php\/wp-json\/wp\/v2\/posts\/1053\/revisions"}],"wp:featuredmedia":[{"embeddable":true,"href":"https:\/\/monde25.info\/index.php\/wp-json\/wp\/v2\/media\/1054"}],"wp:attachment":[{"href":"https:\/\/monde25.info\/index.php\/wp-json\/wp\/v2\/media?parent=1053"}],"wp:term":[{"taxonomy":"category","embeddable":true,"href":"https:\/\/monde25.info\/index.php\/wp-json\/wp\/v2\/categories?post=1053"},{"taxonomy":"post_tag","embeddable":true,"href":"https:\/\/monde25.info\/index.php\/wp-json\/wp\/v2\/tags?post=1053"}],"curies":[{"name":"wp","href":"https:\/\/api.w.org\/{rel}","templated":true}]}}