{"id":1055,"date":"2024-11-28T03:05:47","date_gmt":"2024-11-28T02:05:47","guid":{"rendered":"https:\/\/monde25.info\/index.php\/2024\/11\/28\/au-proces-mazan-malgre-moi-je-suis-devenue-lavocate-du-diable\/"},"modified":"2024-11-28T03:05:47","modified_gmt":"2024-11-28T02:05:47","slug":"au-proces-mazan-malgre-moi-je-suis-devenue-lavocate-du-diable","status":"publish","type":"post","link":"https:\/\/monde25.info\/index.php\/2024\/11\/28\/au-proces-mazan-malgre-moi-je-suis-devenue-lavocate-du-diable\/","title":{"rendered":"Au proc\u00e8s Mazan, \u00abmalgr\u00e9 moi, je suis devenue l\u2019avocate du diable\u00bb"},"content":{"rendered":"<p> <br \/>\n<br \/>Apr\u00e8s les r\u00e9quisitions, les plaidoiries des avocats de la d\u00e9fense ont d\u00e9but\u00e9 devant la cour criminelle du Vaucluse, charg\u00e9e de juger les hommes accus\u00e9s de viols aggrav\u00e9s sur Gis\u00e8le Pelicot. C\u2019est l\u2019avocate de Dominique Pelicot qui a pris la parole en premier.<br \/>\n<br \/><br \/>\n<br \/><a href=\"https:\/\/www.mediapart.fr\/journal\/france\/271124\/au-proces-mazan-malgre-moi-je-suis-devenue-l-avocate-du-diable\" target=\"_blank\"\">Source link <\/a><\/p>\n","protected":false},"excerpt":{"rendered":"<p>Apr\u00e8s les r\u00e9quisitions, les plaidoiries des avocats de la d\u00e9fense ont d\u00e9but\u00e9 devant la cour criminelle du Vaucluse, charg\u00e9e de juger les hommes accus\u00e9s de viols aggrav\u00e9s sur Gis\u00e8le Pelicot.&hellip; <\/p>\n","protected":false},"author":1,"featured_media":1056,"comment_status":"open","ping_status":"open","sticky":false,"template":"","format":"standard","meta":{"footnotes":""},"categories":[1],"tags":[],"class_list":["post-1055","post","type-post","status-publish","format-standard","has-post-thumbnail","hentry","category-non-classe"],"_links":{"self":[{"href":"https:\/\/monde25.info\/index.php\/wp-json\/wp\/v2\/posts\/1055","targetHints":{"allow":["GET"]}}],"collection":[{"href":"https:\/\/monde25.info\/index.php\/wp-json\/wp\/v2\/posts"}],"about":[{"href":"https:\/\/monde25.info\/index.php\/wp-json\/wp\/v2\/types\/post"}],"author":[{"embeddable":true,"href":"https:\/\/monde25.info\/index.php\/wp-json\/wp\/v2\/users\/1"}],"replies":[{"embeddable":true,"href":"https:\/\/monde25.info\/index.php\/wp-json\/wp\/v2\/comments?post=1055"}],"version-history":[{"count":0,"href":"https:\/\/monde25.info\/index.php\/wp-json\/wp\/v2\/posts\/1055\/revisions"}],"wp:featuredmedia":[{"embeddable":true,"href":"https:\/\/monde25.info\/index.php\/wp-json\/wp\/v2\/media\/1056"}],"wp:attachment":[{"href":"https:\/\/monde25.info\/index.php\/wp-json\/wp\/v2\/media?parent=1055"}],"wp:term":[{"taxonomy":"category","embeddable":true,"href":"https:\/\/monde25.info\/index.php\/wp-json\/wp\/v2\/categories?post=1055"},{"taxonomy":"post_tag","embeddable":true,"href":"https:\/\/monde25.info\/index.php\/wp-json\/wp\/v2\/tags?post=1055"}],"curies":[{"name":"wp","href":"https:\/\/api.w.org\/{rel}","templated":true}]}}