{"id":1060,"date":"2024-11-28T04:44:34","date_gmt":"2024-11-28T03:44:34","guid":{"rendered":"https:\/\/monde25.info\/index.php\/2024\/11\/28\/quand-les-elites-meprisent-les-peuples-les-maitres-du-monde-sott-net\/"},"modified":"2024-11-28T04:44:34","modified_gmt":"2024-11-28T03:44:34","slug":"quand-les-elites-meprisent-les-peuples-les-maitres-du-monde-sott-net","status":"publish","type":"post","link":"https:\/\/monde25.info\/index.php\/2024\/11\/28\/quand-les-elites-meprisent-les-peuples-les-maitres-du-monde-sott-net\/","title":{"rendered":"Quand les \u00ab \u00e9lites \u00bb m\u00e9prisent les peuples \u2014 Les Ma\u00eetres du Monde \u2014 Sott.net"},"content":{"rendered":"<p> <br \/>\n<\/p>\n<div>\n<div class=\"article-image-super to-center\"><a target=\"_blank\" href=\"https:\/\/fr.sott.net\/image\/s35\/718997\/full\/673f3fcd59bf5b796c0d62b6.jpg\" target=\"_blank\"><img decoding=\"async\" src=\"https:\/\/fr.sott.net\/image\/s35\/718997\/super\/673f3fcd59bf5b796c0d62b6.jpg\" alt=\"kjhg\" title=\"Cliquer pour agrandir\"\/><\/a><\/div>\n<p>Non, vos dirigeants ne sont pas des personnes bienveillantes \u00e0 votre \u00e9gard !<br \/>\n<br \/>Il y a bien long\u00adtemps que les \u00ab \u00e9lites \u00bb agissent mas\u00adqu\u00e9es pour faire avan\u00adcer leur pro\u00adjet glo\u00adbal qui peut se divi\u00adser en cinq objec\u00adtifs prin\u00adci\u00adpaux qui sont mis en \u0153uvre simul\u00adta\u00adn\u00e9\u00adment sur l&rsquo;ensemble de la plan\u00e8te :<\/p>\n<ol>\n<li><strong>Conditionner les popu\u00adla\u00adtions et leur men\u00adtir<\/strong> : tout ce qui nous a \u00e9t\u00e9 incul\u00adqu\u00e9 depuis long\u00adtemps va exac\u00adte\u00adment \u00e0 l&rsquo;inverse de la v\u00e9ri\u00adt\u00e9 et de la r\u00e9a\u00adli\u00adt\u00e9 ; un palier impor\u00adtant a \u00e9t\u00e9 fran\u00adchi avec l&rsquo;av\u00e8nement de la R\u00e9volution fran\u00ad\u00e7aise qui fut un s\u00e9isme dont les miasmes conti\u00adnuent encore de nos jours \u00e0 infes\u00adter l&rsquo;air que nous res\u00adpi\u00adrons ; dans le pro\u00adlon\u00adge\u00adment de cette R\u00e9volution bour\u00adgeoise, on a vu, au cours de la deuxi\u00e8me moi\u00adti\u00e9 du XIXe si\u00e8cle l&rsquo;av\u00e8nement d&rsquo;une notion com\u00adpl\u00e8\u00adte\u00adment \u00e9tran\u00adg\u00e8re \u00e0 la nature des choses et au cours de la vie que leurs cr\u00e9a\u00adteurs ont appe\u00adl\u00e9 \u00ab progressisme \u00bb, b\u00e9n\u00e9\u00adfi\u00adciant au m\u00eame moment de d\u00e9cou\u00advertes tech\u00adniques diverses et d&rsquo;une th\u00e9o\u00adrie far\u00adfe\u00adlue, l&rsquo;\u00e9volutionnisme, ten\u00adtant de prou\u00adver que l&rsquo;esp\u00e8ce humaine des\u00adcend du singe.<\/li>\n<li><strong>D\u00e9truire les soci\u00e9\u00adt\u00e9s tra\u00addi\u00adtion\u00adnelles<\/strong> en com\u00admen\u00ad\u00e7ant par tout ce qui peut les main\u00adte\u00adnir debout et qui consti\u00adtue le ciment sus\u00adcep\u00adtible de r\u00e9unir les hommes et les femmes qui en font par\u00adtie : reli\u00adgions, sym\u00adboles, his\u00adtoire com\u00admune, \u00e9du\u00adca\u00adtion, ins\u00adtruc\u00adtion, entre\u00adprises et pro\u00adjets d&rsquo;avenir, valeurs posi\u00adtives d&rsquo;entraide, d&rsquo;identit\u00e9, de par\u00adtage, de des\u00adtin, de conni\u00advence, de bien\u00adveillance, bref, tout ce qui peut entre\u00adte\u00adnir le sen\u00adti\u00adment d&rsquo;appartenir \u00e0 une com\u00admu\u00adnau\u00adt\u00e9 et qui consti\u00adtue jus\u00adte\u00adment la force de cette communaut\u00e9.<\/li>\n<li><strong>S&rsquo;approprier les terres et les biens pri\u00adv\u00e9s<\/strong> des membres de ces soci\u00e9\u00adt\u00e9s tra\u00addi\u00adtion\u00adnelles par tous moyens.<\/li>\n<li><strong>R\u00e9duire le nombre de leurs popu\u00adla\u00adtions<\/strong> phy\u00adsi\u00adque\u00adment l\u00e0 aus\u00adsi par n&rsquo;importe quels moyens.<\/li>\n<li><strong>Transformer les sur\u00advi\u00advants en robots<\/strong> ou les uti\u00adli\u00adser comme esclaves.<\/li>\n<\/ol>\n<p> L&rsquo;une des rai\u00adsons prin\u00adci\u00adpales qui font dou\u00adter cer\u00adtains de la r\u00e9a\u00adli\u00adt\u00e9 de ce pro\u00adjet est qu&rsquo;ils ont tou\u00adjours cru que leurs diri\u00adgeants, ceux pour les\u00adquels ils ont vot\u00e9 pour qu&rsquo;ils les repr\u00e9\u00adsentent, fai\u00adsaient de leur mieux pour que la soci\u00e9\u00adt\u00e9 fonc\u00adtionne tant bien que mal, qu&rsquo;ils les pen\u00adsaient bien\u00adveillants envers leurs admi\u00adnis\u00adtr\u00e9s et conscients de l&rsquo;importance de la t\u00e2che qui leur avait \u00e9t\u00e9 confi\u00e9e, m\u00eame si ces scep\u00adtiques voyaient bien quand m\u00eame qu&rsquo;il sem\u00adblait y avoir quelques dif\u00adfi\u00adcul\u00adt\u00e9s pour ces \u00ab \u00e9lites \u00bb pour arri\u00adver \u00e0 leurs sup\u00adpo\u00ads\u00e9s objec\u00adtifs, \u00e0 r\u00e9a\u00adli\u00adser le tra\u00advail pour lequel elles avaient \u00e9t\u00e9 man\u00adda\u00adt\u00e9es. J&rsquo;ai mis le mot \u00ab \u00e9lite \u00bb entre guille\u00admets parce que les per\u00adson\u00adnages que les m\u00e9dias de grand che\u00admin regroupent sous ce vocable ne sont pas du tout adap\u00adt\u00e9s \u00e0 rece\u00advoir cette d\u00e9fi\u00adni\u00adtion :<\/p>\n<p>\u00ab Au <em>sein d&rsquo;un groupe ou d&rsquo;une com\u00admu\u00adnau\u00adt\u00e9, l&rsquo;\u00e9\u00adlite est l&rsquo;en\u00adsemble des indi\u00advi\u00addus consi\u00add\u00e9\u00adr\u00e9s comme les meilleurs, les plus dignes d&rsquo;\u00eatre choi\u00adsis, les plus remar\u00adquables par leur qualit\u00e9 \u00bb<\/em> (La Toupie) qui me semble cependant d\u00e9fi\u00adnir plu\u00adt\u00f4t l&rsquo;aristocrate ou la classe aris\u00adto\u00adcra\u00adtique telle qu&rsquo;on la per\u00adce\u00advait ori\u00adgi\u00adnel\u00adle\u00adment en Gr\u00e8ce et telle qu&rsquo;elle avait encore cours dans la che\u00adva\u00adle\u00adrie du Moyen \u00c2ge.<\/p>\n<p>En fait, la plu\u00adpart de ces diri\u00adgeants et de ces \u00e9lus, ces \u00e9diles, ces ministres, pr\u00e9\u00adsi\u00addents de la R\u00e9publique, d&rsquo;associations gras\u00adse\u00adment sub\u00adven\u00adtion\u00adn\u00e9es ou de comi\u00adt\u00e9s Th\u00e9odule, d\u00e9pu\u00adt\u00e9s, s\u00e9na\u00adteurs, conseillers, maires, syn\u00addi\u00adca\u00adlistes, etc. fai\u00adsaient seule\u00adment sem\u00adblant, leur seul but \u00e9tant de s&rsquo;ins\u00e9rer le plus confor\u00adta\u00adble\u00adment pos\u00adsible dans le Syst\u00e8me mis en place, que ces gens fassent par\u00adtie de la majo\u00adri\u00adt\u00e9 ou de l&rsquo;opposition, en vue d&rsquo;assurer leur car\u00adri\u00e8re et d&rsquo;accro\u00eetre le mon\u00adtant de leurs reve\u00adnus, les indi\u00advi\u00addus ayant vot\u00e9 pour eux et ce que pensent les citoyens de leur action n&rsquo;ayant aucune esp\u00e8ce d&rsquo;importance une fois atteint leur v\u00e9ri\u00adtable objec\u00adtif qui n&rsquo;\u00e9tait que per\u00adson\u00adnel. La grande majo\u00adri\u00adt\u00e9 de ces \u00ab dirigeants \u00bb que vous avez mis en place ne savent rien, par igno\u00adrance crasse ou d\u00e9s\u00adin\u00adt\u00e9\u00adr\u00eat, du plan glo\u00adbal dans lequel ils ne figurent que comme pions \u00e0 ren\u00adver\u00adser apr\u00e8s usage, ou comme idiots utiles. Les plus fut\u00e9s d&rsquo;entre eux en ont quelque vague notion, mais, par l\u00e2che\u00adt\u00e9 et par confort, ils ne veulent sur\u00adtout rien en savoir.<\/p>\n<p>En ce qui concerne les indi\u00advi\u00addus, ou le groupe d&rsquo;individus, qui op\u00e8rent plus ou moins secr\u00e8\u00adte\u00adment et qui dirigent vos diri\u00adgeants, ils ne cor\u00adres\u00adpondent pas plus \u00e0 notre d\u00e9fi\u00adni\u00adtion cit\u00e9e plus haut, car leurs des\u00adseins sont hau\u00adte\u00adment toxiques. C&rsquo;est l&rsquo;Europe des peuples, tra\u00addi\u00adtion\u00adnelle et his\u00adto\u00adrique (sans aucun rap\u00adport avec l&rsquo;Europe de Bruxelles qui en est l&rsquo;antith\u00e8se et l&rsquo;ennemie la plus achar\u00adn\u00e9e) qui est vis\u00e9e en prio\u00adri\u00adt\u00e9 par ce plan n\u00e9faste parce que sa civi\u00adli\u00adsa\u00adtion s&rsquo;est impo\u00ads\u00e9e sur la pla\u00adn\u00e8te enti\u00e8re et a conduit les civi\u00adli\u00adsa\u00adtions les plus anciennes \u00e0 adop\u00adter ou \u00e0 imi\u00adter ses valeurs et son mode de vie.<\/p>\n<p>Except\u00e9 quelques tri\u00adbus ama\u00adzo\u00adniennes ou afri\u00adcaines, per\u00adsonne sur notre Terre ne peut igno\u00adrer les \u00ab bienfaits \u00bb de la civi\u00adli\u00adsa\u00adtion, ou plu\u00adt\u00f4t de la culture, qui fut euro\u00adp\u00e9enne pen\u00addant de nom\u00adbreux si\u00e8cles et qui s&rsquo;est ensuite d\u00e9gra\u00add\u00e9e en \u00ab civilisation occidentale \u00bb avec la cr\u00e9a\u00adtion des \u00c9tats am\u00e9\u00adri\u00adcains (voir \u00ab Le <em>d\u00e9clin de l&rsquo;Occident \u00bb<\/em> d&rsquo;<strong>Oswald Spengler<\/strong>) et le rajout de l&rsquo;\u00c9tat d&rsquo;Isra\u00ebl \u00e0 ce bloc occi\u00adden\u00adtal, qui s&rsquo;est m\u00e9ta\u00admor\u00adpho\u00ads\u00e9 en Ordre mon\u00addial, d\u00e9sor\u00admais consti\u00adtu\u00e9 par les U.S.A. (nous igno\u00adrons encore si l&rsquo;arriv\u00e9e de <strong>Trump<\/strong> au pou\u00advoir va chan\u00adger quelque chose \u00e0 cet \u00e9tat de fait), Isra\u00ebl (nous igno\u00adrons de m\u00eame si la pos\u00adsible \u00e9vic\u00adtion de <strong>Netanyahou<\/strong> va modi\u00adfier l&rsquo;influence d&rsquo;Isra\u00ebl \u00e0 ce niveau) et l&rsquo;Union euro\u00adp\u00e9enne, cr\u00e9a\u00adtion arti\u00adfi\u00adcielle sans aucune l\u00e9gi\u00adti\u00admi\u00adt\u00e9, pure \u00e9ma\u00adna\u00adtion de ce bloc. Il convient de rajou\u00adter \u00e0 ce trio infer\u00adnal quan\u00adti\u00adt\u00e9s de satel\u00adlites qui tra\u00advaillent en \u00e9troite col\u00adla\u00adbo\u00adra\u00adtion entre eux et avec la puis\u00adsance de tutelle : OTAN, OMS, ONU, CIA, Mossad, etc. gr\u00e2ce aux\u00adquels l&rsquo;Ordre mon\u00addial va orga\u00adni\u00adser des actions qui vont lui per\u00admettre de pour\u00adsuivre ses objec\u00adtifs sans s&rsquo;impliquer dans une guerre fron\u00adtale avec les populations.<\/p>\n<p><strong>L&rsquo;Ukraine<\/strong><br \/>\n<br \/>C&rsquo;est ain\u00adsi que l&rsquo;op\u00e9ration Ukraine a pu \u00eatre men\u00e9e sous faux dra\u00adpeau, \u00e9li\u00admi\u00adnant au moins 1 mil\u00adlion d&rsquo;Ukrainiens et quelques cen\u00adtaines de mil\u00adliers de Russes et per\u00admet\u00adtant \u00e0 un orga\u00adnisme finan\u00adcier comme BlackRock de voler une grande par\u00adtie des terres ukrai\u00adniennes, en accu\u00adsant la Russie d&rsquo;avoir d\u00e9clen\u00adch\u00e9 le conflit alors que cette der\u00adni\u00e8re n&rsquo;a fait que d\u00e9fendre ses par\u00adti\u00adsans pour les sous\u00adtraire \u00e0 un mas\u00adsacre per\u00adp\u00e9\u00adtr\u00e9 par les forces ota\u00adnesques sous faux dra\u00adpeau ukrai\u00adnien qui avaient d\u00e9j\u00e0 fait 15 000 victimes.<\/p>\n<p><strong>La Serbie<\/strong><\/p>\n<p>Rappelons que la Serbie avait subi les bom\u00adbar\u00adde\u00adments de l&rsquo;OTAN avec la col\u00adla\u00adbo\u00adra\u00adtion z\u00e9l\u00e9e de l&rsquo;Union euro\u00adp\u00e9enne pour cr\u00e9er au sein des Balkans un \u00c9tat mafieux sous contr\u00f4le de l&rsquo;Ordre mon\u00addial, le Kossovo, qui \u00e9tait aupa\u00adra\u00advant, et qui demeure, le ber\u00adceau m\u00eame de la Serbie (tout comme l&rsquo;Ukraine est celui de la Russie, d&rsquo;ailleurs).<\/p>\n<p>Ce qui reste des soci\u00e9\u00adt\u00e9s tra\u00addi\u00adtion\u00adnelles et des forces vives en Europe, soci\u00e9\u00adt\u00e9s ori\u00adgi\u00adnelles non encore sou\u00admises \u00e0 l&rsquo;Ordre mon\u00addial, dont la culture et le carac\u00adt\u00e8re se sont for\u00adg\u00e9s au cours des dizaines de si\u00e8cles de l&rsquo;histoire euro\u00adp\u00e9enne, ces reli\u00adquats tou\u00adjours debout contre vents et mar\u00e9es, doivent \u00eatre pareille\u00adment \u00e9ra\u00addi\u00adqu\u00e9s, car ces r\u00e9sis\u00adtants consti\u00adtuent le der\u00adnier obs\u00adtacle au bon d\u00e9rou\u00adle\u00adment du pro\u00adjet mon\u00addia\u00adliste et transhumaniste.<\/p>\n<p><strong><span class=\"BoldGrey\">Les inondations en Espagne, une illustration caricaturale de l&rsquo;arrogance des \u00ab \u00e9lites \u00bb<\/span><\/strong><br \/>\n<\/p>\n<div class=\"article-image-super to-center\"><a target=\"_blank\" href=\"https:\/\/fr.sott.net\/image\/s35\/718951\/full\/image_278.jpg\" target=\"_blank\"><img decoding=\"async\" loading=\"lazy\" src=\"https:\/\/fr.sott.net\/image\/s35\/718951\/super\/image_278.jpg\" alt=\"jhgf\" title=\"Cliquer pour agrandir\"\/><\/a><\/div>\n<p>Des inon\u00adda\u00adtions cata\u00adclys\u00admiques ont d\u00e9vas\u00adt\u00e9 le sud de l&rsquo;Espagne, prin\u00adci\u00adpa\u00adle\u00adment la r\u00e9gion de Valence, les 29 et 30 octobre. Quelques jours aupa\u00adra\u00advant, les ser\u00advices de la m\u00e9t\u00e9o\u00adro\u00adlo\u00adgie espa\u00adgnole ont annon\u00adc\u00e9 la for\u00adma\u00adtion d&rsquo;une goutte froide, terme tech\u00adnique qui d\u00e9signe un volume d&rsquo;air froid dont le dia\u00adm\u00e8tre peut atteindre plu\u00adsieurs cen\u00adtaines de kilo\u00adm\u00e8tres et d\u00e9clen\u00adcher de fortes pr\u00e9\u00adci\u00adpi\u00adta\u00adtions. Le ph\u00e9\u00adno\u00adm\u00e8ne est appe\u00adl\u00e9 Dana en Espagne, acro\u00adnyme de <em>depre\u00adsion ais\u00adla\u00adda en niveles alto<\/em> ou en fran\u00ad\u00e7ais : <strong>d\u00e9pres\u00adsion iso\u00adl\u00e9e \u00e0 niveau \u00e9le\u00adv\u00e9<\/strong>. Plusieurs causes expliquent le d\u00e9cha\u00ee\u00adne\u00adment de ces forces natu\u00adrelles ; mais ces causes, elles, sont loin d&rsquo;\u00eatre toutes natu\u00adrelles. En 1957, Valence fut d\u00e9j\u00e0 tou\u00adch\u00e9e par d&rsquo;importantes inon\u00adda\u00adtions qui avaient fait entre 600 et 1000 vic\u00adtimes. Les auto\u00adri\u00adt\u00e9s et les m\u00e9dias de grand che\u00admin insistent \u00e9vi\u00addem\u00adment sur ces pr\u00e9\u00adc\u00e9\u00addents, natu\u00adrels donc, et mettent en cause le \u00ab changement climatique \u00bb, un concept far\u00adfe\u00adlu, mais bien pra\u00adtique, inven\u00adt\u00e9 par les pseudoscientifiques du GIEC \u00e0 des\u00adti\u00adna\u00adtion des foules en voie de lobotomisation.<\/p>\n<p><strong>Destruction du \u00ab jardin de l&rsquo;Europe \u00bb<\/strong><\/p>\n<p>Les auto\u00adri\u00adt\u00e9s en place admettent cepen\u00addant que, par le pas\u00ads\u00e9, leurs pr\u00e9\u00add\u00e9\u00adces\u00adseurs &#8211; \u00abce n&rsquo;est pas moi, c&rsquo;est lui \u00bb \u2014 ont mas\u00adsi\u00adve\u00adment accor\u00add\u00e9 des per\u00admis de construire (mai\u00adsons indi\u00advi\u00adduelles, immeubles, grandes sur\u00adfaces&#8230;) qui ont b\u00e9ton\u00adn\u00e9 et donc imper\u00adm\u00e9a\u00adbi\u00adli\u00ads\u00e9 le sol. Autrefois, la r\u00e9gion de Valence \u00e9tait c\u00e9l\u00e8bre pour ses innom\u00adbrables ver\u00adgers \u2014 on appe\u00adlait cette r\u00e9gion \u00ab le jar\u00addin de l&rsquo;Europe \u00bb \u2014 qui ont \u00e9t\u00e9 ven\u00addus aux pro\u00admo\u00adteurs : \u00ab <em>ASi, des\u00adpu\u00e9s de 50 a\u00f1os, la huer\u00adta del \u00e1rea metro\u00adpo\u00adli\u00adta\u00adna ha pasa\u00addo de 15 000 a 6 000 hect\u00e1\u00adreas<\/em> \u00bb : Ainsi, depuis 50 ans, la super\u00adfi\u00adcie des cultures de l&rsquo;aire m\u00e9tro\u00adpo\u00adli\u00adtaine est pas\u00ads\u00e9e de 15 000 \u00e0 6 000 hec\u00adtares ; 9 000 hec\u00adtares ont donc \u00e9t\u00e9 trans\u00adfor\u00adm\u00e9s en b\u00e9ton (<a target=\"_blank\" href=\"https:\/\/www.hortanoticias.com\/\">Hortanoticias<\/a> : 3 octobre 2014, article r\u00e9di\u00adg\u00e9 10 ans avant la catas\u00adtrophe). Comme Valence est un port et se situe donc \u00e0 l&rsquo;altitude 0, toutes les pluies qui ne peuvent plus s&rsquo;infiltrer dans une terre qui n&rsquo;existe plus se d\u00e9versent sans rete\u00adnue dans ce bas\u00adsin pour aller jusqu&rsquo;\u00e0 la mer en d\u00e9trui\u00adsant tout sur leur passage.<\/p>\n<div class=\"article-image-super to-center\"><a target=\"_blank\" href=\"https:\/\/fr.sott.net\/image\/s35\/718993\/full\/image_279.jpg\" target=\"_blank\"><img decoding=\"async\" loading=\"lazy\" src=\"https:\/\/fr.sott.net\/image\/s35\/718993\/super\/image_279.jpg\" alt=\"fghj\" title=\"Cliquer pour agrandir\"\/><\/a><\/p>\n<p><span class=\"caption\">La ville de Picanya en 1956-57 (\u00e0 gauche) et en 2021 (\u00e0 droite), en Espagne<\/span><\/p>\n<\/div>\n<blockquote class=\"typ1\"><p>\n D&rsquo;autres r\u00e9gions m\u00e9di\u00adter\u00adra\u00adn\u00e9ennes ou non, espa\u00adgnoles ou non, sont appe\u00adl\u00e9es \u00e0 subir ce m\u00eame sort : les terres agri\u00adcoles sont rem\u00adpla\u00adc\u00e9es par d&rsquo;immenses zones arti\u00adfi\u00adcielles de serres en plas\u00adtique qui s&rsquo;\u00e9tendent sur des kilo\u00adm\u00e8tres car\u00adr\u00e9s (comme en Andalousie o\u00f9 sont \u00ab cultiv\u00e9es \u00bb les fameuses tomates espa\u00adgnoles, r\u00e9gion qui a subi, elle aus\u00adsi, de fortes inon\u00adda\u00adtions), ou par des concen\u00adtra\u00adtions de dizaines d&rsquo;\u00e9oliennes dont on sait que cha\u00adcune n\u00e9ces\u00adsite un sou\u00adbas\u00adse\u00adment de 1300 tonnes de b\u00e9ton (en France, 70 \u00e9oliennes pour le parc de Fruges, en Artois), ou par des concen\u00adtra\u00adtions de pan\u00adneaux solaires de m\u00eame ampleur, bref, tout ce qui consti\u00adtue la pano\u00adplie du par\u00adfait petit \u00e9co\u00adlo\u00adgiste de gauche qui ruine la terre et les paysans.\n<\/p><\/blockquote>\n<p> <strong><span class=\"BoldGrey\">Destruction des barrages<\/span><\/strong><\/p>\n<p><strong>Tiens justement \u00e0 pro\u00adpos des pr\u00e9\u00add\u00e9\u00adces\u00adseurs et des (faux) \u00e9co\u00adlo\u00adgistes : on a beau\u00adcoup par\u00adl\u00e9 des nom\u00adbreux bar\u00adrages qui auraient \u00e9t\u00e9 d\u00e9truits par le pr\u00e9\u00adc\u00e9\u00addent gou\u00adver\u00adne\u00adment de gauche de la Communaut\u00e9 valen\u00adcienne sous la hou\u00adlette de sa frange \u00e9co\u00adlo\u00adgiste et qui per\u00admet\u00adtaient de rete\u00adnir ces trombes d&rsquo;eau.<\/strong> Les <em>fact\u00adche\u00adckers<\/em> (offi\u00adcines sub\u00adven\u00adtion\u00adn\u00e9es dites de \u00ab v\u00e9rification \u00bb qui sont en fait sp\u00e9\u00adcia\u00adli\u00ads\u00e9es dans la pro\u00adduc\u00adtion de fausses infor\u00adma\u00adtions) se sont lev\u00e9s comme pour Danette et ont d\u00e9non\u00adc\u00e9 les \u00e9ter\u00adnels \u00ab complotistes d&rsquo;extr\u00eame-droite \u00bb qui ont os\u00e9 sou\u00adle\u00adver le pro\u00adbl\u00e8me ; c&rsquo;est le maga\u00adzine de gauche, <em>L&rsquo;Express<\/em>, du 2 novembre 2024, qui nous met la puce \u00e0 l&rsquo;oreille (ben oui, ils croient bien faire et, fina\u00adle\u00adment, ils servent le \u00ab m\u00e9chant \u00bb) :\n<\/p>\n<blockquote class=\"typ1\"><p>\n \u00ab Car <em>s&rsquo;il va fal\u00adloir relo\u00adger des mil\u00adliers d&rsquo;habitants, il va sur\u00adtout fal\u00adloir redon\u00adner ses droits \u00e0 la nature, avant qu&rsquo;elle ne cherche \u00e0 nou\u00adveau \u00e0 se les r\u00e9ap\u00adpro\u00adprier par la force. La pr\u00e9\u00adc\u00e9\u00addente coa\u00adli\u00adtion socia\u00adliste et \u00e9co\u00adlo\u00adgiste de Valence avait com\u00admen\u00adc\u00e9 \u00e0 le faire avant 2023, en d\u00e9trui\u00adsant d&rsquo;anciens bar\u00adrages pour redon\u00adner leur liber\u00adt\u00e9 aux rivi\u00e8res. Certes, le d\u00e9tour\u00adne\u00adment du cours du fleuve Turia, \u00e0 la suite de la grande crue de 1957, a per\u00admis cette semaine de sau\u00adver le centre-ville de Valence, troi\u00adsi\u00e8me agglo\u00adm\u00e9\u00adra\u00adtion d&rsquo;Espagne, des inon\u00adda\u00adtions meur\u00adtri\u00e8res. \u00c0 contra\u00adrio, le domp\u00adtage des moindres cours d&rsquo;eau et l&rsquo;imperm\u00e9abilisation des sols ont acc\u00e9\u00adl\u00e9\u00adr\u00e9 les d\u00e9bits et aggra\u00adv\u00e9 la vio\u00adlence de la crue sou\u00addaine dans les fau\u00adbourgs envi\u00adron\u00adnants, \u00e0 Chiva, Picanya, Paiporta<\/em>&#8230; \u00bb\n<\/p><\/blockquote>\n<p> Il y a donc bien eu des\u00adtruc\u00adtion des rete\u00adnues d&rsquo;eau, n&rsquo;en d\u00e9plaise \u00e0 l&rsquo;offensive des offi\u00adcines de d\u00e9s\u00adin\u00adfor\u00adma\u00adtion : comme d&rsquo;habitude, les m\u00e9dias de grand che\u00admin, dans leur logique que nul \u00eatre sen\u00ads\u00e9 ne com\u00adprend, inversent la r\u00e9a\u00adli\u00adt\u00e9 (d\u00e9truire d&rsquo;anciens bar\u00adrages pour \u00ab redonner leur liber\u00adt\u00e9 aux rivi\u00e8res \u00bb : oui, eh bien, c&rsquo;est mignon, dit comme \u00e7a, mais on a vu ce que \u00e7&rsquo;a don\u00adn\u00e9 !) et font un amal\u00adgame avec d&rsquo;autres causes comme \u00ab l&rsquo;imperm\u00e9abilisation des sols \u00bb, grave erreur que per\u00adsonne ne conteste et qui concerne aus\u00adsi bien les gou\u00adver\u00adne\u00adments de droite que de gauche.<\/p>\n<p><strong><span class=\"BoldGrey\">Les inondations : une opportunit\u00e9 pour l&rsquo;\u00e9lite financi\u00e8re de racheter \u00e0 vil prix de bonnes terres agricoles<\/span><\/strong><\/p>\n<p>Enfin, si nous \u00e9car\u00adtons d&rsquo;autres causes pos\u00adsibles \u00e0 ces inon\u00adda\u00adtions, qui seraient des agres\u00adsions directes li\u00e9es \u00e0 la guerre cli\u00adma\u00adto\u00adlo\u00adgique, qui ont \u00e9t\u00e9 \u00e9vo\u00adqu\u00e9es mais dont nous n&rsquo;avons pas d&rsquo;\u00e9l\u00e9ments pro\u00adbants : inter\u00adven\u00adtion du sys\u00adt\u00e8me HAARP ou riposte d&rsquo;Isra\u00ebl par g\u00e9o-ing\u00e9nierie au refus de l&rsquo;Espagne de livrer des armes \u00e0 cet \u00c9tat voyou et g\u00e9no\u00adci\u00addaire, nous retien\u00addrons l&rsquo;enqu\u00eate effec\u00adtu\u00e9e par Tatiana Vent\u00f4se qui est la par\u00adfaite illus\u00adtra\u00adtion de l&rsquo;objectif n\u00b03 des \u00ab \u00e9lites \u00bb mon\u00addiales que nous avons d\u00e9fi\u00adni en d\u00e9but d&rsquo;article : <strong>s&rsquo;approprier les terres et les biens pri\u00adv\u00e9s des membres de ces soci\u00e9\u00adt\u00e9s tra\u00addi\u00adtion\u00adnelles par tous moyens<\/strong>.<\/p>\n<p>L&rsquo;enqu\u00eate de Tatiana Vent\u00f4se inti\u00adtu\u00adl\u00e9e : \u00ab Les <em>inon\u00adda\u00adtions en Espagne et le plan (pas) secret de l&rsquo;\u00e9lite finan\u00adci\u00e8re qui va nous affamer \u00bb<\/em>, se base sur une ten\u00addance glo\u00adbale que les per\u00adsonnes bien infor\u00adm\u00e9es connaissent d\u00e9j\u00e0, \u00e0 savoir que <strong>nos \u00e9lites mon\u00addia\u00adlistes retrouvent depuis peu une valeur \u00e0 la terre<\/strong>, valeur bien mar\u00adchande, bien s\u00fbr, sus\u00adcep\u00adtible de concur\u00adren\u00adcer l&rsquo;\u00e9talon-or, car la terre per\u00admet encore de nour\u00adrir les indi\u00advi\u00addus pen\u00addant quelques ann\u00e9es, avant qu&rsquo;ils ne soient trans\u00adfor\u00adm\u00e9s en robots (qu&rsquo;on ne nour\u00adrit pas) ou en esclaves (qu&rsquo;on nour\u00adri\u00adra avec des insectes), un pro\u00adjet d\u00e9j\u00e0 en cours qui se met len\u00adte\u00adment en place paral\u00adl\u00e8\u00adle\u00adment \u00e0 l&rsquo;urgence qui est de voler aux petits pay\u00adsans les bonnes terres qui vont ali\u00admen\u00adter avec des pro\u00adduits agri\u00adcoles de mau\u00advaise qua\u00adli\u00adt\u00e9 plus ou moins trans\u00adfor\u00adm\u00e9s chi\u00admi\u00adque\u00adment (mais plu\u00adt\u00f4t plus que moins) les huit mil\u00adliards d&rsquo;individus qui peuplent notre pla\u00adn\u00e8te.<\/p>\n<p>On sait, par exemple, que <strong>Bill Gates<\/strong> est deve\u00adnu le plus grand pro\u00adpri\u00e9\u00adtaire de terres agri\u00adcoles aux USA (envi\u00adron 100 000 hec\u00adtares) et que, si <strong>BlackRock<\/strong> s&rsquo;est int\u00e9\u00adres\u00ads\u00e9 \u00e0 l&rsquo;Ukraine en m\u00eame temps que les USA et son bras arm\u00e9, l&rsquo;OTAN, <span class=\"BoldRed\">c&rsquo;est parce que la terre est la nou\u00advelle lubie des fonds d&rsquo;investissements<\/span> et que l&rsquo;Ukraine est appe\u00adl\u00e9e, non pas <em>le jar\u00addin<\/em>, comme la r\u00e9gion de Valence, mais <em>le gre\u00adnier \u00e0 bl\u00e9<\/em> de l&rsquo;Europe.<\/p>\n<p>La mon\u00addia\u00adli\u00adsa\u00adtion a fait que toutes les terres de n&rsquo;importe quel pays (sauf si ce der\u00adnier adopte des mesures pour s&rsquo;en pro\u00adt\u00e9\u00adger) appar\u00adtiennent \u00e0 tout le monde, s&rsquo;il a les moyens de les ache\u00adter ; c&rsquo;est le triomphe de l&rsquo;argent comme valeur supr\u00eame, <strong><em>le r\u00e8gne de la quan\u00adtit\u00e9<\/em><\/strong>. Tatiana Vent\u00f4se nous explique que le minis\u00adt\u00e8re de l&rsquo;Agriculture espa\u00adgnol a conclu avec la banque Caixa, le 9 octobre 2024, un accord en vue de trans\u00adfor\u00admer struc\u00adtu\u00adrel\u00adle\u00adment le sec\u00adteur agri\u00adcole espa\u00adgnol ; le pro\u00adjet est pr\u00e9\u00adsen\u00adt\u00e9 avec maintes cir\u00adcon\u00advo\u00adlu\u00adtions o\u00f9 on retien\u00addra l&rsquo;habituel sou\u00adci de regrou\u00adper les petites struc\u00adtures et les outils de tra\u00advail, d&rsquo;uniformiser les m\u00e9thodes de tra\u00advail, de mutua\u00adli\u00adser les \u00e9ner\u00adgies (en gros, pour une bonne com\u00adpa\u00adrai\u00adson : tout ce qu&rsquo;on a fait en France pour d\u00e9truire les ser\u00advices publics de proxi\u00admi\u00adt\u00e9), mais le but r\u00e9el serait <span class=\"BoldRed\">d&rsquo;acheter \u00e0 bas prix des terres \u00e0 des pay\u00adsans sans res\u00adsources puisque leur outil de tra\u00advail et leur mai\u00adson auront \u00e9t\u00e9 sac\u00adca\u00adg\u00e9s ou d\u00e9t\u00e9\u00adrio\u00adr\u00e9s ;<\/span> il faut savoir que, sp\u00e9\u00adci\u00adfi\u00adque\u00adment dans les r\u00e9gions tou\u00adch\u00e9es par les inon\u00adda\u00adtions, 95 % des exploi\u00adta\u00adtions agri\u00adcoles font moins de 20 hec\u00adtares, et, encore, la majo\u00adri\u00adt\u00e9, sur ces 95 %, font moins de cinq hec\u00adtares, donc, de tout petits pro\u00adpri\u00e9\u00adtaires accu\u00adl\u00e9s \u00e0 la vente puisqu&rsquo;ils ne pour\u00adront jamais se remettre de cette catas\u00adtrophe, sauf \u00e0 esp\u00e9\u00adrer une aide \u00e9ta\u00adtique, cal\u00adcu\u00adl\u00e9e pr\u00e9\u00adci\u00ads\u00e9\u00adment au plus juste, <strong>c&rsquo;est-\u00e0-dire au strict mini\u00admum<\/strong>, pour qu&rsquo;ils n&rsquo;aient d&rsquo;autre alter\u00adna\u00adtive que de vendre leur bien. Tatiana Vent\u00f4se ne dit pas que ces inon\u00adda\u00adtions ont \u00e9t\u00e9 cr\u00e9\u00e9es inten\u00adtion\u00adnel\u00adle\u00adment et arti\u00adfi\u00adciel\u00adle\u00adment par les orga\u00adnismes finan\u00adciers qui vont rache\u00adter les terres, mais que ces inon\u00adda\u00adtions tombent \u00e0 pic pour favo\u00adri\u00adser ce pro\u00adjet tout r\u00e9cent ; le hasard fait bien les choses. Elle conclut son inter\u00adven\u00adtion avec cette phrase : \u00ab Souvenez<em>-vous de qui veut vous affa\u00admer et qui vous nourrit \u00bb<\/em>.<\/p>\n<p><strong><span class=\"BoldGrey\">Les dirigeants (ir) responsables<\/span><\/strong><\/p>\n<p>La ges\u00adtion de cette catas\u00adtrophe, dont le bilan humain s&rsquo;\u00e9l\u00e8ve \u00e0 ce jour \u00e0 pr\u00e8s de 300 morts, est une par\u00adfaite illus\u00adtra\u00adtion du m\u00e9pris, de la d\u00e9sin\u00advol\u00adture et de l&rsquo;arrogance avec les\u00adquelles les poli\u00adti\u00adciens traitent leurs com\u00adpa\u00adtriotes et admi\u00adnis\u00adtr\u00e9s et n&rsquo;assument pas leurs charges, que ce soit comme ici en Espagne, mais aus\u00adsi en France, en Europe, ou par\u00adtout ailleurs, \u00e0 quelques excep\u00adtions pr\u00e8s.<\/p>\n<p>Nous avons donc affaire ici \u00e0 du petit per\u00adson\u00adnel. Sont mis en cause : le pr\u00e9\u00adsident de la com\u00admu\u00adnau\u00adt\u00e9 valen\u00adcienne, la ministre socia\u00adliste de l&rsquo;\u00c9cologie du gou\u00adver\u00adne\u00adment espa\u00adgnol et le chef du gou\u00adver\u00adne\u00adment. <strong>Carlos Maz\u00f3n<\/strong> est le Pr\u00e9sident de la Communaut\u00e9 valen\u00adcienne depuis 2023, issu du Partido Popular, un par\u00adti dit de \u00ab droite \u00bb et \u00ab conservateur \u00bb. <em>Lib\u00e9ration<\/em> du 15 novembre 2024 r\u00e9sume assez bien l&rsquo;implication de Maz\u00f3n au cours de cette ter\u00adrible jour\u00adn\u00e9e ; non pas son impli\u00adca\u00adtion \u00e0 ten\u00adter d&rsquo;organiser les secours, mais \u00e0 d\u00e9gus\u00adter un bon repas entre 14 heures 30 et 18 heures dans un res\u00adtau\u00adrant connu de Valence, <strong>El Ventorro<\/strong>, \u00e0 faire le joli c\u0153ur avec une pul\u00adpeuse jour\u00adna\u00adliste pen\u00addant que ses admi\u00adnis\u00adtr\u00e9s mou\u00adraient noy\u00e9s sans que, comme disait <strong>Chirac<\/strong>, \u00ab cela <em>lui en touche une sans faire bou\u00adger l&rsquo;autre \u00bb<\/em>, expres\u00adsion pied-noire assez bien adap\u00adt\u00e9e \u00e0 la situa\u00adtion. Aux der\u00adni\u00e8res nou\u00advelles, Maz\u00f3n n&rsquo;a pas du tout l&rsquo;intention de d\u00e9mis\u00adsion\u00adner : <strong>ni res\u00adpon\u00adsable, ni cou\u00adpable<\/strong>.\n<\/p>\n<blockquote class=\"typ1\"><p>\n \u00ab Samedi <em>9 novembre, des mil\u00adliers de per\u00adsonnes avaient mani\u00adfes\u00adt\u00e9 dans les rues de Valence pour exi\u00adger la d\u00e9mis\u00adsion du diri\u00adgeant du PP (Partido Popular, conser\u00adva\u00adteur), accu\u00ads\u00e9 d&rsquo;avoir igno\u00adr\u00e9 la gra\u00advi\u00adt\u00e9 des alertes et r\u00e9agi avec len\u00adteur. Ce jeu\u00addi-l\u00e0, Maz\u00f3n d\u00e9jeu\u00adnait avec une jour\u00adna\u00adliste de t\u00e9l\u00e9\u00advi\u00adsion \u00e0 qui il pro\u00adpo\u00adsait la direc\u00adtion de \u00c0 Punt, l&rsquo;agence audio\u00advi\u00adsuelle publique de la r\u00e9gion. Les agapes se sont pro\u00adlon\u00adg\u00e9es pen\u00addant plus de trois heures, sans que le pr\u00e9\u00adsident juge utile de les \u00e9cour\u00adter. \u00c0 18 heures, quand Carlos Maz\u00f3n quitte le res\u00adtau\u00adrant<\/em> (pour arri\u00adver \u00e0 19 h \u00ab\u00e0 cause des embouteillages \u00bb, NDLR), <em>une r\u00e9union de crise est d\u00e9j\u00e0 en route depuis une heure \u00bb<\/em>.\n<\/p><\/blockquote>\n<p> <strong>Pedro S\u00e1nchez<\/strong><\/p>\n<p>Le chef du gou\u00adver\u00adne\u00adment espa\u00adgnol a \u00e9ga\u00adle\u00adment \u00e9t\u00e9 conspu\u00e9, comme Maz\u00f3n (ci-des\u00adsous), par cette foule de 130 000 per\u00adsonnes ras\u00adsem\u00adbl\u00e9e le 9 novembre \u00e0 Valence.<br \/>\n<\/p>\n<div class=\"article-image-super to-center\"><a target=\"_blank\" href=\"https:\/\/fr.sott.net\/image\/s35\/718994\/full\/image_280.jpg\" target=\"_blank\"><img decoding=\"async\" loading=\"lazy\" src=\"https:\/\/fr.sott.net\/image\/s35\/718994\/super\/image_280.jpg\" alt=\"fghjk\" title=\"Cliquer pour agrandir\"\/><\/a><\/div>\n<p>Le dimanche pr\u00e9\u00adc\u00e9\u00addent, 3 novembre, alors qu&rsquo;il allait \u00e0 la ren\u00adcontre des habi\u00adtants de Paiporta, une petite ville tr\u00e8s tou\u00adch\u00e9e par la catas\u00adtrophe, en com\u00adpa\u00adgnie de Maz\u00f3n, pr\u00e9\u00adsident de la Communaut\u00e9 valen\u00adcienne et du roi et de la reine, Sanchez a re\u00e7u des mottes de boue lan\u00adc\u00e9es par la foule et a \u00e9t\u00e9 exfil\u00adtr\u00e9 ; la foule, aux cris d&rsquo;\u00ab assassins \u00bb lui repro\u00adchait, ain\u00adsi qu&rsquo;\u00e0 Carlos Maz\u00f3n, de n&rsquo;avoir pas \u00e9t\u00e9 assez r\u00e9ac\u00adtifs lors des inon\u00adda\u00adtions et d&rsquo;avoir refu\u00ads\u00e9 l&rsquo;aide inter\u00adna\u00adtio\u00adnale ; Sanchez a reje\u00adt\u00e9 la faute sur le chef du gou\u00adver\u00adne\u00adment de la Communaut\u00e9 valen\u00adcienne, \u00e9vi\u00addem\u00adment, lui-m\u00eame pris en d\u00e9faut.<\/p>\n<p><strong>Enric Ravello Barber<\/strong>, dans son article sur <em>Euro-Synergies<\/em> du 16 novembre 2024, Valence, l&rsquo;\u00e9\u00adchec d&rsquo;un mod\u00e8le et d&rsquo;une classe poli\u00adtique, \u00e9cri\u00advait ceci :<\/p>\n<p>\u00ab Le <em>pr\u00e9\u00adsident S\u00e1nchez, dans son immense d\u00e9ma\u00adgo\u00adgie mani\u00adpu\u00adla\u00adtrice, a d\u00e9non\u00adc\u00e9 l&rsquo;a\u00adgres\u00adsion comme \u00e9tant le fait d&rsquo;\u00ab \u00e9l\u00e9ments d&rsquo;ultra-droite \u00bb \u2014 bien s\u00fbr, qui l&rsquo;e\u00fbt cru ! Mais c&rsquo;est tout le peuple, au-del\u00e0 des id\u00e9es et des sen\u00adsi\u00adbi\u00adli\u00adt\u00e9s poli\u00adtiques, qui a r\u00e9agi avec rage contre une classe poli\u00adtique dont l&rsquo;in\u00add\u00e9\u00adcence ne connait pas de bornes \u00bb. Si le degr\u00e9 d&rsquo;i\u00adnef\u00adfi\u00adca\u00adci\u00adt\u00e9 des pre\u00admiers jours de la tra\u00adg\u00e9\u00addie d\u00e9passe tout ce que l&rsquo;on peut ima\u00adgi\u00adner, le degr\u00e9 de mes\u00adqui\u00adne\u00adrie et de b\u00eatise poli\u00adtique les sur\u00adpasse encore. Le pr\u00e9\u00adsident du gou\u00adver\u00adne\u00adment a eu le culot de r\u00e9pondre aux auto\u00adri\u00adt\u00e9s valen\u00adciennes que \u00ab si elles ont besoin de plus de moyens, qu&rsquo;elles les demandent \u00bb, d\u00e9mon\u00adtrant non seule\u00adment son aveu\u00adgle\u00adment et son igno\u00adrance, mais aus\u00adsi un cynisme qui d\u00e9passe toutes les limites \u00bb<\/em>.<\/p>\n<p><strong>Teresa Ribera<\/strong><\/p>\n<p>C&rsquo;est la ministre de la \u00ab Transition \u00e9cologique \u00bb du gou\u00adver\u00adne\u00adment socia\u00adliste de Pedro Sanchez. Elle est d\u00e9si\u00adgn\u00e9e par le gou\u00adver\u00adne\u00adment espa\u00adgnol pour \u00eatre com\u00admis\u00adsaire euro\u00adp\u00e9enne repr\u00e9\u00adsen\u00adtant l&rsquo;Espagne ; cepen\u00addant, le Parti Populaire espa\u00adgnol a deman\u00add\u00e9 \u00e0 ses alli\u00e9s du Parti popu\u00adlaire euro\u00adp\u00e9en de s&rsquo;opposer \u00e0 sa nomi\u00adna\u00adtion, car elle \u00e9tait sans doute, lors des inon\u00adda\u00adtions, trop occu\u00adp\u00e9e \u00e0 pr\u00e9\u00adpa\u00adrer sa future nomi\u00adna\u00adtion pour s&rsquo;int\u00e9resser au sort de ses conci\u00adtoyens dans la d\u00e9tresse. Une belle bro\u00adchette d&rsquo;incapables \u00e9go\u00efstes !<\/p>\n<p><strong><span class=\"BoldGrey\">Nous avons les m\u00eames en France !<\/span><\/strong><\/p>\n<p>Ne soyons pas jaloux, nous avons les m\u00eames en France, et peut-\u00eatre bien pires !<\/p>\n<p>Je rap\u00adpe\u00adlais dans un article du 9 octobre \u00e0 pro\u00adpos de la r\u00e9fec\u00adtion de Notre-Dame-de-Paris, le com\u00adpor\u00adte\u00adment scan\u00adda\u00adleux d&rsquo;<strong>Emmanuel Macron<\/strong> et d&rsquo;<strong>\u00c9douard Philippe<\/strong>, son Premier ministre de l&rsquo;\u00e9poque qui, \u00ab visitant<em> le site d\u00e9vas\u00adt\u00e9 au len\u00adde\u00admain de cette ter\u00adrible jour\u00adn\u00e9e qui a vu Notre-Dame-de-Paris sous les flammes, se rete\u00adnaient de pouf\u00adfer de rire ; quel que soit le motif de leur hila\u00adri\u00adt\u00e9, cette atti\u00adtude d\u00e9no\u00adtait le peu de res\u00adpect que ces his\u00adtrions mani\u00adfestent \u00e0 l&rsquo;\u00e9gard de l&rsquo;un des monu\u00adments les plus embl\u00e9\u00adma\u00adtiques de notre pays \u00bb<\/em>.<\/p>\n<p>Et, pour finir sur une note plus gaie, comme en France, tout finit par une chan\u00adson, ou autour d&rsquo;un bon repas, nous allons \u00e9vo\u00adquer les exc\u00e8s gas\u00adtro\u00adno\u00admiques du pr\u00e9sident de notre S\u00e9nat, <strong>G\u00e9rard Larcher<\/strong>, Pr\u00e9sident qui ne sert pas plus que le S\u00e9nat lui-m\u00eame, mais qui se fait en revanche ser\u00advir copieu\u00adse\u00adment puisqu&rsquo;il emploie pas moins de quatre \u00ab Meilleurs Ouvriers de France \u00bb pour lui concoc\u00adter sa tam\u00adbouille quo\u00adti\u00addienne ; il n&rsquo;est pas utile de pr\u00e9\u00adci\u00adser que c&rsquo;est un bon vivant, mais qu&rsquo;il pour\u00adrait peut-\u00eatre appor\u00adter au moins autant d&rsquo;attention aux pro\u00adbl\u00e8mes des Fran\u00e7ais qu&rsquo;\u00e0 lui-m\u00eame, Fran\u00e7ais qui payent gras\u00adse\u00adment (sic) pour le nour\u00adrir et qui vivent beau\u00adcoup moins bien que lui leur quotidien.\n\t\t<\/p>\n<\/div>\n<p><br \/>\n<br \/><a href=\"https:\/\/fr.sott.net\/article\/44133-Inondations-en-Espagne-Quand-les-elites-meprisent-les-peuples\" target=\"_blank\"\">Source link <\/a><\/p>\n","protected":false},"excerpt":{"rendered":"<p>Non, vos dirigeants ne sont pas des personnes bienveillantes \u00e0 votre \u00e9gard ! Il y a bien long\u00adtemps que les \u00ab \u00e9lites \u00bb agissent mas\u00adqu\u00e9es pour faire avan\u00adcer leur pro\u00adjet&hellip; <\/p>\n","protected":false},"author":1,"featured_media":1061,"comment_status":"open","ping_status":"open","sticky":false,"template":"","format":"standard","meta":{"footnotes":""},"categories":[1],"tags":[],"class_list":["post-1060","post","type-post","status-publish","format-standard","has-post-thumbnail","hentry","category-non-classe"],"_links":{"self":[{"href":"https:\/\/monde25.info\/index.php\/wp-json\/wp\/v2\/posts\/1060","targetHints":{"allow":["GET"]}}],"collection":[{"href":"https:\/\/monde25.info\/index.php\/wp-json\/wp\/v2\/posts"}],"about":[{"href":"https:\/\/monde25.info\/index.php\/wp-json\/wp\/v2\/types\/post"}],"author":[{"embeddable":true,"href":"https:\/\/monde25.info\/index.php\/wp-json\/wp\/v2\/users\/1"}],"replies":[{"embeddable":true,"href":"https:\/\/monde25.info\/index.php\/wp-json\/wp\/v2\/comments?post=1060"}],"version-history":[{"count":0,"href":"https:\/\/monde25.info\/index.php\/wp-json\/wp\/v2\/posts\/1060\/revisions"}],"wp:featuredmedia":[{"embeddable":true,"href":"https:\/\/monde25.info\/index.php\/wp-json\/wp\/v2\/media\/1061"}],"wp:attachment":[{"href":"https:\/\/monde25.info\/index.php\/wp-json\/wp\/v2\/media?parent=1060"}],"wp:term":[{"taxonomy":"category","embeddable":true,"href":"https:\/\/monde25.info\/index.php\/wp-json\/wp\/v2\/categories?post=1060"},{"taxonomy":"post_tag","embeddable":true,"href":"https:\/\/monde25.info\/index.php\/wp-json\/wp\/v2\/tags?post=1060"}],"curies":[{"name":"wp","href":"https:\/\/api.w.org\/{rel}","templated":true}]}}