{"id":1068,"date":"2024-11-28T08:03:52","date_gmt":"2024-11-28T07:03:52","guid":{"rendered":"https:\/\/monde25.info\/index.php\/2024\/11\/28\/kohler-colere-apres-avoir-echoue-en-appel-a-affaiblir-la-procedure-le-visant-pour-prise-illegale-dinterets\/"},"modified":"2024-11-28T08:03:52","modified_gmt":"2024-11-28T07:03:52","slug":"kohler-colere-apres-avoir-echoue-en-appel-a-affaiblir-la-procedure-le-visant-pour-prise-illegale-dinterets","status":"publish","type":"post","link":"https:\/\/monde25.info\/index.php\/2024\/11\/28\/kohler-colere-apres-avoir-echoue-en-appel-a-affaiblir-la-procedure-le-visant-pour-prise-illegale-dinterets\/","title":{"rendered":"Kohler col\u00e8re, apr\u00e8s avoir \u00e9chou\u00e9 en appel \u00e0 affaiblir la proc\u00e9dure le visant pour \u00ab\u00a0prise ill\u00e9gale d&rsquo;int\u00e9r\u00eats\u00a0\u00bb"},"content":{"rendered":"<p> <br \/>\n<\/p>\n<div>\n<p><span data-contrast=\"none\">Revers proc\u00e9dural majeur pour Alexis Kohler : la cour d&rsquo;appel de Paris a \u00e9cart\u00e9 mardi la prescription des faits de prise ill\u00e9gale d&rsquo;int\u00e9r\u00eats reproch\u00e9s au bras droit d&rsquo;Emmanuel Macron pour ses liens familiaux avec l&rsquo;armateur MSC et confirm\u00e9 les poursuites le visant.<\/span><span data-ccp-props=\"{&quot;134233117&quot;:false,&quot;134233118&quot;:false,&quot;335559738&quot;:300,&quot;335559739&quot;:180}\">\u00a0<\/span><\/p>\n<p><span data-contrast=\"none\">Plusieurs sources proches du dossier, confirm\u00e9es par une source judiciaire, ont indiqu\u00e9 \u00e0 l&rsquo;AFP que la chambre de l&rsquo;instruction a confirm\u00e9 les ordonnances des deux magistrates instructrices constatant la non-prescription des faits et a rejet\u00e9 une requ\u00eate en nullit\u00e9.<\/span><span data-ccp-props=\"{&quot;134233117&quot;:false,&quot;134233118&quot;:false,&quot;335559738&quot;:300,&quot;335559739&quot;:180}\">\u00a0<\/span><\/p>\n<p><span data-contrast=\"none\">Avant l&rsquo;audience, plusieurs sources c\u00f4t\u00e9 d\u00e9fense avaient indiqu\u00e9 qu&rsquo;en cas de d\u00e9faite, des pourvois seraient form\u00e9s par M. Kohler et les deux autres grands commis de l&rsquo;Etat mis en cause. Mais \u00e0 l&rsquo;issue du d\u00e9lib\u00e9r\u00e9, aucun avocat de la d\u00e9fense n&rsquo;a souhait\u00e9 commenter.<\/span><span data-ccp-props=\"{&quot;134233117&quot;:false,&quot;134233118&quot;:false,&quot;335559738&quot;:300,&quot;335559739&quot;:180}\">\u00a0<\/span><\/p>\n<p><span data-contrast=\"none\">Le bras droit d&rsquo;Emmanuel Macron est mis en examen depuis 2022 pour prise ill\u00e9gale d&rsquo;int\u00e9r\u00eats pour avoir particip\u00e9 comme haut fonctionnaire de 2009 \u00e0 2016 \u00e0 plusieurs d\u00e9cisions relatives \u00e0 l&rsquo;armateur italo-suisse dirig\u00e9 par les cousins de sa m\u00e8re, la famille Aponte.<\/span><span data-ccp-props=\"{&quot;134233117&quot;:false,&quot;134233118&quot;:false,&quot;335559738&quot;:300,&quot;335559739&quot;:180}\">\u00a0<\/span><\/p>\n<p><span data-contrast=\"none\">Kohler est d&rsquo;abord mis en cause pour des faits remontant aux ann\u00e9es 2009-2012, o\u00f9 il officiait comme repr\u00e9sentant de l&rsquo;Agence des participations de l&rsquo;Etat (APE) au sein du conseil d&rsquo;administration de STX France (devenu Chantiers de l&rsquo;Atlantique) mais aussi au conseil d&rsquo;administration du Grand port maritime du Havre (GPMH).<\/span><\/p>\n<p><span data-contrast=\"none\">Il est ensuite soup\u00e7onn\u00e9 d&rsquo;avoir, entre 2012 et 2016, particip\u00e9 \u00e0 des choix sur des dossiers impliquant MSC \u00e0 Bercy, au cabinet de Pierre Moscovici puis d&rsquo;Emmanuel Macron.<\/span><span data-ccp-props=\"{&quot;134233117&quot;:false,&quot;134233118&quot;:false,&quot;335559738&quot;:300,&quot;335559739&quot;:180}\">\u00a0<\/span><\/p>\n<p><span data-contrast=\"none\">Depuis le d\u00e9but, la d\u00e9fense d&rsquo;Alexis Kohler affirme d&rsquo;une part qu&rsquo;il s&rsquo;est toujours tenu \u00e0 l&rsquo;\u00e9cart de toute d\u00e9cision relative \u00e0 MSC et qu&rsquo;il a inform\u00e9 ses sup\u00e9rieurs de l&rsquo;existence de liens familiaux \u00ab\u00a0tr\u00e8s au-del\u00e0 de ses obligations d\u00e9ontologiques\u00a0\u00bb.<\/span><span data-ccp-props=\"{&quot;134233117&quot;:false,&quot;134233118&quot;:false,&quot;335559738&quot;:300,&quot;335559739&quot;:180}\">\u00a0<\/span><\/p>\n<p><span data-contrast=\"none\">D&rsquo;autre part, elle assure au terme d&rsquo;un calcul juridique qu&rsquo;au moins une partie des faits, ant\u00e9rieurs \u00e0 2014, sont prescrits.<\/span><span data-ccp-props=\"{&quot;134233117&quot;:false,&quot;134233118&quot;:false,&quot;335559738&quot;:300,&quot;335559739&quot;:180}\">\u00a0<\/span><\/p>\n<p><span data-contrast=\"none\" data-ccp-parastyle=\"heading 2\"><strong>&#8211; Pas d'\u00a0\u00bbenterrement\u00a0\u00bb &#8211;<\/strong><\/span><span data-ccp-props=\"{&quot;134233117&quot;:false,&quot;134233118&quot;:false,&quot;134245418&quot;:true,&quot;134245529&quot;:true,&quot;201341983&quot;:0,&quot;335559738&quot;:349,&quot;335559739&quot;:360,&quot;335559740&quot;:450}\">\u00a0<\/span><\/p>\n<p><span data-contrast=\"none\">La chambre de l&rsquo;instruction, qui a \u00e9tudi\u00e9 ce dossier \u00e0 huis clos le 1er octobre, a adopt\u00e9 mardi une position diff\u00e9rente du minist\u00e8re public, partisan d&rsquo;une prescription, en confirmant une ordonnance des magistrats instructeurs d&rsquo;avril 2023 par laquelle ils concluaient que les faits n&rsquo;\u00e9taient pas prescrits, notamment \u00e0 cause des \u00ab\u00a0actes positifs pour dissimuler\u00a0\u00bb ce conflit d&rsquo;int\u00e9r\u00eats all\u00e9gu\u00e9 imput\u00e9s \u00e0 M. Kohler.<\/span><span data-ccp-props=\"{&quot;134233117&quot;:false,&quot;134233118&quot;:false,&quot;335559738&quot;:300,&quot;335559739&quot;:180}\">\u00a0<\/span><\/p>\n<p><span data-contrast=\"none\">Cette position permet de placer le d\u00e9but du d\u00e9lai de prescription au moment o\u00f9 ils ont \u00e9t\u00e9 r\u00e9v\u00e9l\u00e9s par Mediapart, en mai 2018, et donc de d\u00e9clencher des poursuites.<\/span><span data-ccp-props=\"{&quot;134233117&quot;:false,&quot;134233118&quot;:false,&quot;335559738&quot;:300,&quot;335559739&quot;:180}\">\u00a0<\/span><\/p>\n<p><span data-contrast=\"none\">Pour les juges, M. Kohler a en effet tu cette attache en n&rsquo;informant que de mani\u00e8re \u00ab\u00a0restreinte ses collaborateurs directs\u00a0\u00bb et a opt\u00e9 pour une \u00ab\u00a0non-r\u00e9v\u00e9lation d\u00e9lib\u00e9r\u00e9e de ce lien \u00e0 des interlocuteurs majeurs\u00a0\u00bb institutionnels ou \u00e9conomiques impliqu\u00e9s avec lui dans des orientations relatives \u00e0 MSC.<\/span><span data-ccp-props=\"{&quot;134233117&quot;:false,&quot;134233118&quot;:false,&quot;335559738&quot;:300,&quot;335559739&quot;:180}\">\u00a0<\/span><\/p>\n<p><span data-contrast=\"none\">Deux anciens patrons de l&rsquo;APE, Bruno B\u00e9zard (2007-2010) et Jean-Dominique Comolli (2010-2012), mis en cause pour leur \u00ab\u00a0pacte de silence\u00a0\u00bb avec M. Kohler qui r\u00e9sulterait d&rsquo;un \u00ab\u00a0embarras\u00a0\u00bb quant \u00e0 cette situation, se sont \u00e9galement fait retoquer mardi leur demande de reconnaissance de la prescription.<\/span><span data-ccp-props=\"{&quot;134233117&quot;:false,&quot;134233118&quot;:false,&quot;335559738&quot;:300,&quot;335559739&quot;:180}\">\u00a0<\/span><\/p>\n<p><span data-contrast=\"none\">Me Jean-Baptiste Soufron, avocat d&rsquo;Anticor, partie civile \u00e0 l&rsquo;origine de la relance des investigations apr\u00e8s le classement d&rsquo;une enqu\u00eate pr\u00e9liminaire en ao\u00fbt 2019, a qualifi\u00e9 aupr\u00e8s de l&rsquo;AFP la d\u00e9cision de \u00ab\u00a0satisfaisante, surtout au regard des nombreuses tentatives d&rsquo;enterrer le dossier, y compris de la part du pr\u00e9sident (Emmanuel Macron) lui-m\u00eame\u00a0\u00bb.<\/span><span data-ccp-props=\"{&quot;134233117&quot;:false,&quot;134233118&quot;:false,&quot;335559738&quot;:300,&quot;335559739&quot;:180}\">\u00a0<\/span><\/p>\n<p><span data-contrast=\"none\">Emmanuel Macron avait fourni une \u00ab\u00a0attestation d&#8217;employeur\u00a0\u00bb, une note vers\u00e9e \u00e0 l&rsquo;enqu\u00eate initiale, pour d\u00e9douaner son collaborateur. Plus tard, il avait exprim\u00e9 publiquement \u00e0 plusieurs reprises sa \u00ab\u00a0confiance\u00a0\u00bb en son \u00ab\u00a0honn\u00eate\u00a0\u00bb bras droit et estim\u00e9 que la \u00ab\u00a0proc\u00e9dure n'(\u00e9tait) pas en train d&rsquo;aboutir\u00a0\u00bb.<\/span><span data-ccp-props=\"{&quot;134233117&quot;:false,&quot;134233118&quot;:false,&quot;335559738&quot;:300,&quot;335559739&quot;:180}\">\u00a0<\/span><\/p>\n<p><span data-contrast=\"none\">L&rsquo;association anti-corruption s&rsquo;est dite elle \u00ab\u00a0soulag\u00e9e par cette d\u00e9cision qui intervient alors que des efforts colossaux sont d\u00e9ploy\u00e9s pour faire enterrer ce dossier (&#8230;). Personne n&rsquo;est au-dessus des lois\u00a0\u00bb.<\/span><span data-ccp-props=\"{&quot;134233117&quot;:false,&quot;134233118&quot;:false,&quot;335559738&quot;:300,&quot;335559739&quot;:180}\">\u00a0<\/span><\/p>\n<p><span data-contrast=\"none\">Les investigations sont closes depuis avril 2023 et sous r\u00e9serve de l&rsquo;avis de la Cour de cassation en cas de pourvoi, le PNF sera ensuite amen\u00e9 \u00e0 prendre ses r\u00e9quisitions et \u00e0 choisir entre garder sa position initiale d&rsquo;opposition \u00e0 des poursuites ou se ranger \u00e0 l&rsquo;avis de la cour d&rsquo;appel et des juges d&rsquo;instruction.<\/span><span data-ccp-props=\"{&quot;134233117&quot;:false,&quot;134233118&quot;:false,&quot;335559738&quot;:300,&quot;335559739&quot;:180}\">\u00a0<\/span><\/p>\n<p><span data-contrast=\"none\">Ces derniers auront ensuite le dernier mot sur la tenue \u00e9ventuelle d&rsquo;un proc\u00e8s correctionnel.<\/span><span data-ccp-props=\"{&quot;134233117&quot;:false,&quot;134233118&quot;:false,&quot;335559738&quot;:300,&quot;335559739&quot;:180}\">\u00a0<\/span><\/p>\n<\/div>\n<p><script>(function(d, s, id) {  var js, fjs = d.getElementsByTagName(s)[0];  if (d.getElementById(id)) return;  js = d.createElement(s); js.id = id;  js.src = \"\/\/connect.facebook.net\/fr_FR\/sdk.js#xfbml=1&version=v2.3\";  fjs.parentNode.insertBefore(js, fjs);}(document, \"script\", \"facebook-jssdk\"));<\/script><br \/>\n<br \/><br \/>\n<br \/><a href=\"https:\/\/www.francesoir.fr\/politique-france\/kohler-colere-apres-avoir-echoue-en-appel-affaiblir-la-procedure-le-visant-pour\" target=\"_blank\"\">Source link <\/a><\/p>\n","protected":false},"excerpt":{"rendered":"<p>Revers proc\u00e9dural majeur pour Alexis Kohler : la cour d&rsquo;appel de Paris a \u00e9cart\u00e9 mardi la prescription des faits de prise ill\u00e9gale d&rsquo;int\u00e9r\u00eats reproch\u00e9s au bras droit d&rsquo;Emmanuel Macron pour&hellip; <\/p>\n","protected":false},"author":1,"featured_media":1069,"comment_status":"open","ping_status":"open","sticky":false,"template":"","format":"standard","meta":{"footnotes":""},"categories":[1],"tags":[],"class_list":["post-1068","post","type-post","status-publish","format-standard","has-post-thumbnail","hentry","category-non-classe"],"_links":{"self":[{"href":"https:\/\/monde25.info\/index.php\/wp-json\/wp\/v2\/posts\/1068","targetHints":{"allow":["GET"]}}],"collection":[{"href":"https:\/\/monde25.info\/index.php\/wp-json\/wp\/v2\/posts"}],"about":[{"href":"https:\/\/monde25.info\/index.php\/wp-json\/wp\/v2\/types\/post"}],"author":[{"embeddable":true,"href":"https:\/\/monde25.info\/index.php\/wp-json\/wp\/v2\/users\/1"}],"replies":[{"embeddable":true,"href":"https:\/\/monde25.info\/index.php\/wp-json\/wp\/v2\/comments?post=1068"}],"version-history":[{"count":0,"href":"https:\/\/monde25.info\/index.php\/wp-json\/wp\/v2\/posts\/1068\/revisions"}],"wp:featuredmedia":[{"embeddable":true,"href":"https:\/\/monde25.info\/index.php\/wp-json\/wp\/v2\/media\/1069"}],"wp:attachment":[{"href":"https:\/\/monde25.info\/index.php\/wp-json\/wp\/v2\/media?parent=1068"}],"wp:term":[{"taxonomy":"category","embeddable":true,"href":"https:\/\/monde25.info\/index.php\/wp-json\/wp\/v2\/categories?post=1068"},{"taxonomy":"post_tag","embeddable":true,"href":"https:\/\/monde25.info\/index.php\/wp-json\/wp\/v2\/tags?post=1068"}],"curies":[{"name":"wp","href":"https:\/\/api.w.org\/{rel}","templated":true}]}}