{"id":107,"date":"2024-11-14T18:22:43","date_gmt":"2024-11-14T17:22:43","guid":{"rendered":"https:\/\/monde25.info\/index.php\/2024\/11\/14\/les-evenements-damsterdam-et-le-retour-a-linquisition\/"},"modified":"2024-11-14T18:22:43","modified_gmt":"2024-11-14T17:22:43","slug":"les-evenements-damsterdam-et-le-retour-a-linquisition","status":"publish","type":"post","link":"https:\/\/monde25.info\/index.php\/2024\/11\/14\/les-evenements-damsterdam-et-le-retour-a-linquisition\/","title":{"rendered":"Les \u00e9v\u00e8nements d\u2019Amsterdam et le retour \u00e0 l\u2019Inquisition"},"content":{"rendered":"<p> <br \/>\n<\/p>\n<div>\n<p>par <strong>Djamel Labidi<\/strong><\/p>\n<p><strong><em>Les derniers \u00e9v\u00e8nements d\u2019Amsterdam, autour du match de \u00a0football \u00a0entre le club Ajax et le club Maccabi de Tel-Aviv, \u00a0sont significatifs en cela qu\u2019ils illustrent bien le d\u00e9tournement du th\u00e8me de l\u2019antis\u00e9mitisme pour en faire un instrument id\u00e9ologique et de propagande<\/em><\/strong>.<\/p>\n<p>Consid\u00e9rons les faits. Ils parlent d\u2019eux-m\u00eames.<\/p>\n<p>Les supporters isra\u00e9liens du club de Tel-Aviv sont des hooligans. Ils sont connus pour \u00eatre violents, racistes, par leurs manifestations anti- arabes et anti-palestiniennes en Isra\u00ebl m\u00eame..<\/p>\n<p>D\u00e8s leur arriv\u00e9e \u00e0 Amsterdam, le 7 Novembre, ils \u00a0envahissent les rues. Ils\u00a0 crient \u00ab<em>Vivement que les soldats isra\u00e9liens tuent tous ces pu\u2026 d\u2019arabes<\/em>\u00bb, Et \u00ab<em>Pourquoi il n\u2019y a pas \u00e9cole\u00a0 \u00e0 Gaza, c\u2019est \u00a0parce qu\u2019il n\u2019y a pas d\u2019enfants la bas\u00bb <\/em>et d\u2019autres slogans aussi \u00abpacifiques\u00bb. Ils\u00a0arrachent et br\u00fblent deux\u00a0drapeaux palestiniens mais aussi des drapeaux hollandais. Ils tabassent un chauffeur de taxi marocain\u00a0 et d\u00e9truisent son v\u00e9hicule. Au stade ils sifflent la minute de silence en hommage aux victimes des inondations de Valence et crient que \u00ab<em>\u2018Espagne est antis\u00e9mite\u00bb, <\/em>pour avoir reconnu l\u2019\u00c9tat de Palestine.<\/p>\n<p>L\u2019affaire aboutit donc finalement, \u00e0 la sortie du match, \u00e0 des \u00e9chauffour\u00e9es. Des vid\u00e9os montrent des supporters isra\u00e9liens poursuivis dans les rues. On ne sait d\u2019ailleurs pas qui les poursuit. L\u2019enqu\u00eate le d\u00e9terminera. La principale vid\u00e9o, celle qui va \u00eatre utilis\u00e9e intens\u00e9ment par les m\u00e9dias, montre un\u00a0 supporter isra\u00e9lien mis \u00e0 terre. Il crie \u00e0 son agresseur (\u00e9trangement qu\u2019on ne voit \u00a0pas)\u00a0 qu\u2019il n\u2019est pas juif, lui propose de l\u2019argent tandis que celui qui le brutalise lui crie \u00ab<em>tu veux donc tuer des enfants<\/em> !\u00bb\u00a0 Rien \u00a0n\u2019indique la provenance de cette vid\u00e9o.<\/p>\n<p>Ce serait donc une bagarre entre supporters comme il y en a eu beaucoup si ce n\u2019est, qu\u2019ici, elle a pris une tournure politique, par la politisation faite du match,\u00a0 d\u00e8s le d\u00e9part, \u00a0par les supporters isra\u00e9liens qui ne se doutaient pas de la riposte qu\u2019ils allaient causer. Cette \u00a0riposte, prend \u00a0aussi, par le miracle des m\u00e9dias pro-isra\u00e9liens, la signification d\u2019un \u00a0\u00abpogrom antis\u00e9mite\u00bb. Tout \u00a0tend, d\u2019ailleurs, \u00e0 \u00eatre qualifi\u00e9 de \u00abpogrom\u00bb, dans la bouche d\u2019Isra\u00ebl et de ses protecteurs, \u00a0depuis le 7 Octobre 2023. On ajoute m\u00eame, ces derniers temps, \u00abratonnades\u00bb, expression de l\u2019Alg\u00e9rie coloniale, pour d\u00e9signer la \u00abchasse \u00e0 l\u2019Arabe\u00bb dans les rues, et les \u00a0lynchages de\u00a0masse d\u2019Alg\u00e9riens pratiqu\u00e9s alors par les \u00abpieds noirs\u00bb, nom de la population des\u00a0 europ\u00e9ens et juifs d\u2019Alg\u00e9rie.<\/p>\n<h5 class=\"wp-block-heading\"><strong>Les non-dits<\/strong><\/h5>\n<p>Particuli\u00e8rement \u00a0int\u00e9ressants \u00a0sont les non-dits des m\u00e9dias isra\u00e9liens et de ceux qui reprennent leurs propos \u00a0en Occident. Le mensonge par omission est d\u2019ailleurs une des techniques principales de la propagande.<\/p>\n<p>Ainsi, ils ne disent pas,\u00a0 du moins au d\u00e9but de leur compte rendu des faits, que ce sont les supporters isra\u00e9liens qui ont commis des violences, \u00e0 la fois physiques et verbales, par \u00a0le contenu de leurs slogans. On ne le saura que peu \u00e0 peu lorsque que ces m\u00e9dias se r\u00e9soudront \u00e0 dire quelques bribes de v\u00e9rit\u00e9 sur ce point vu la diffusion des images sur les r\u00e9seaux sociaux et dans les premi\u00e8res informations de la police hollandaise.<\/p>\n<p>Il n\u2019y a aucune trace d\u2019antis\u00e9mitisme dans les propos diffus\u00e9s. S\u2019il y a bien de \u00abl\u2019anti-quelque chose\u00bb, c\u2019est chez les supporters isra\u00e9liens, avec des slogans anti arabes, avec leurs appels \u00e0 tuer les Arabes et plus monstrueusement encore \u00a0d\u2019achever le massacre des enfants de Gaza. M\u00eame la sc\u00e8ne du supporter isra\u00e9lien qui crie qu\u2019il n\u2019est pas juif, laquelle est suppos\u00e9e \u00eatre un document antis\u00e9mite \u00e0 charge, se retourne en r\u00e9alit\u00e9 contre les propagandistes puisqu\u2019elle permet de savoir qu\u2019il a cri\u00e9 \u00e0 l\u2019assassinat des enfants palestiniens.<\/p>\n<p>Rien ne permet de dire \u00abqu\u2019il y a eu dans les rues une chasse aux juifs\u00bb. Des juifs d\u2019Amsterdam ont-ils \u00e9t\u00e9 vis\u00e9s ? \u00a0Il s\u2019agit de supporters isra\u00e9liens, d\u2019une \u00e9quipe isra\u00e9lienne, \u00a0agress\u00e9s en tant que tels.<\/p>\n<p>On peut classer de m\u00eame dans les non-dits, le silence m\u00e9diatique occidental incroyable sur le fait qu\u2019Isra\u00ebl, Etat situ\u00e9 au Proche Orient, \u00a0participe aux \u00a0comp\u00e9titions europ\u00e9ennes. C\u2019est donc une anomalie g\u00e9ographique. C\u2019est la d\u00e9finition m\u00eame de la colonie. C\u2019est reconnaitre, de fait,\u00a0qu\u2019Isra\u00ebl est \u00e9tranger au\u00a0Proche orient, qu\u2019il\u00a0est \u00a0un \u00e9l\u00e9ment de l\u2019Occident. Quel aveu ! L\u2019anomalie n\u2019est m\u00eame pas relev\u00e9e, pire on n\u2019y pense m\u00eame pas en Occident. Le matraquage propagandiste et la vision sioniste sur la question ont \u00a0fini par faire perdre le sens des choses, ou plus exactement le bon sens m\u00eame.<\/p>\n<p>Mais Isra\u00ebl et ses soutiens semblent, d\u00e9sormais, apr\u00e8s le g\u00e9nocide de Gaza, pris \u00e0 leur propre pi\u00e8ge puisque d\u2019\u00e9vidence les \u00e9quipes d\u2019Isra\u00ebl ne sont pas les bienvenues dans les capitales europ\u00e9ennes. Cela a \u00e9t\u00e9 d\u00e9j\u00e0 le cas en septembre, en Belgique o\u00f9 le match Belgique-Isra\u00ebl a \u00e9t\u00e9 annul\u00e9 par la ville de Bruxelles pour \u00ab\u00a0raisons de s\u00e9curit\u00e9\u00a0\u00bb.<\/p>\n<h5 class=\"wp-block-heading\"><strong>Tags, Tifo, \u00abl\u2019antis\u00e9mitisme d\u2019atmosph\u00e8re\u00bb\u00a0<\/strong><\/h5>\n<p>Le 10 novembre, \u00a0une\u00a0 manifestation de protestation des \u00e9tudiants a lieu \u00e0 l\u2019Universit\u00e9 de Lyon contre \u00a0la visite de la pr\u00e9sidente de l\u2019Assembl\u00e9e nationale fran\u00e7aise\u00a0 Mme Ya\u00ebl Braun-Pivet\u00a0aux cris de \u00abIsra\u00ebl assassin\u00bb \u00abYa\u00ebl complice\u00bb . On se souvient que c\u2019est elle qui avait exprim\u00e9, \u00e0 l\u2019Assembl\u00e9e fran\u00e7aise, \u00ab<em>son soutien inconditionnel<\/em>\u00bb \u00e0\u00a0Isra\u00ebl qu\u2019elle visite le 20 Octobre, pour lui exprimer ce soutien, et ceci en plein massacres \u00e0 Gaza<\/p>\n<p>A l\u2019Universit\u00e9 de Lyon III \u00a0, des tags ont \u00e9t\u00e9 peints \u00a0sur les murs,\u00a0 d\u00e9non\u00e7ant ce \u00a0\u00absoutien inconditionnel\u00bb. Ils rappellent le nombre de 40 000 morts, les milliers d\u2019enfants tu\u00e9s \u00e0 Gaza. C\u2019est donc la \u00a0stricte v\u00e9rit\u00e9. Mais il n\u2019en faut pas plus aux m\u00e9dias pour y lire de \u00abl\u2019antis\u00e9mitisme.\u00bb. On sugg\u00e8re m\u00eame que c\u2019est parce que la pr\u00e9sidente de l\u2019Assembl\u00e9e fran\u00e7aise est d\u2019origine juive qu\u2019elle est ainsi prise \u00e0 partie. C\u2019est ce qu\u2019elle dit aussi. Sur un plateau d\u2019une chaine d\u2019information, LCI, un commentateur demande \u00e0 un vice-pr\u00e9sident du CRIF en quoi ces tags peuvent \u00eatre consid\u00e9r\u00e9s comme sp\u00e9cifiquement antis\u00e9mites ? Il \u00a0r\u00e9pond\u00a0 que \u00ab<em>c\u2019est l\u2019intention qui est antis\u00e9mite, car elle est de d\u00e9truire Isra\u00ebl\u00bb<\/em>.<\/p>\n<p>Dans la m\u00eame veine, un \u00a0autre argument\u00a0 de propagande a d\u00e9sormais cours, celui d\u2019un \u00abantis\u00e9mitisme d\u2019atmosph\u00e8re\u00bb. C\u2019est dire le d\u00e9lire ambiant.<\/p>\n<p>Dans le m\u00eame contexte, le 8 novembre, un Tifo, une immense banderole \u00abFree Palestine\u00bb avait \u00e9t\u00e9 d\u00e9ploy\u00e9e au stade\u00a0 du Parc\u00a0des princes \u00e0 Paris, pour un match du club PSG. Le Tifo\u00a0demandait la paix.\u00a0Le m\u00eame vice-pr\u00e9sident du CRIF, interrog\u00e9 aussi \u00e0 ce sujet sur la m\u00eame chaine,\u00a0refuse d\u2019y voir un\u00a0appel \u00e0 la paix pourtant \u00e9crit en lettres g\u00e9antes et il \u00a0y per\u00e7oit, de nouveau, une volont\u00e9 de d\u00e9truire Isra\u00ebl \u00e0 travers l\u2019expression \u00abFree Palestine\u00bb et le croquis, dessin\u00e9 sur la Tifo, d\u2019une Palestine aux couleurs du c\u00e9l\u00e8bre foulard \u00a0palestinien, le \u00abkeffieh\u00bb.<\/p>\n<h5 class=\"wp-block-heading\">\u00ab<strong><em>Ils veulent d\u00e9truire Isra\u00ebl<\/em><\/strong>\u00bb<\/h5>\n<p>Parlons justement de ce th\u00e8me sans cesse rab\u00e2ch\u00e9 de volont\u00e9 de \u00abd\u00e9truire Isra\u00ebl\u00bb. C\u2019est un\u00a0 \u00e9l\u00e9ment central de la propagande sioniste au c\u00f4t\u00e9 de la d\u00e9nonciation de \u00a0l\u2019antis\u00e9mitisme. Il est brandi pour tout : pour justifier le refus d\u2019un Etat palestinien , celui de n\u00e9gocier (\u00ab<em>on ne n\u00e9gocie pas avec qui veut nous d\u00e9truire<\/em>\u00bb) , les guerres pour \u00abassurer la s\u00e9curit\u00e9 d\u2019Isra\u00ebl\u00bb,\u00a0 le nettoyage ethnique etc..<\/p>\n<p>La v\u00e9rit\u00e9\u00a0 est que la seule r\u00e9alit\u00e9 de destruction \u00e0\u00a0laquelle on assiste, c\u2019est la destruction des Palestiniens et de la Palestine. Isra\u00ebl n\u2019est, elle, en aucune situation d\u2019\u00eatre d\u00e9truite.\u00a0Et puis quelle est la rationalit\u00e9 d\u2019un tel argument qui se veut d\u00e9finitif, sans appel, dans\u00a0 une propagande qui veut d\u00e9cid\u00e9ment obscurcir jusqu\u2019au bon sens et s\u2019emparer des esprits. Combien de pays ont des adversaires qui r\u00eaveraient\u00a0 les d\u00e9truire. Et parmi les plus grands. Et pourtant ils coexistent. Dans la propagande isra\u00e9lienne l\u2019intention vaut l\u2019action.\u00a0 Reprocher \u00e0 un autre d\u2019avoir des intentions hostiles est une chose,\u00a0 refuser pour cela de n\u00e9gocier avec lui en est une autre. Car \u00e0 ce titre il n\u2019y aurait que la guerre et aucune solution diplomatique. N\u2019est-ce pas ce que veulent les dirigeants isra\u00e9liens ? Et puis il est bien \u00e9trange cet Etat qui vit en permanence dans la hantise d\u2019\u00eatre d\u00e9truit. C\u2019est peut-\u00eatre qu\u2019il sent qu\u2019il se d\u00e9truit lui-m\u00eame. Que Hamas ou le Hizbollah veuillent d\u00e9truire l\u2019\u00c9tat Isra\u00e9lien, peut-\u00eatre. Mais refuser de n\u00e9gocier avec eux c\u2019est ne leur laisser qu\u2019une \u00a0seule solution pour que la Palestine existe c\u2019est \u00a0d\u00e9truire Isra\u00ebl. Et c\u2019est justement ce dont Isra\u00ebl les accuse tout en refusant de n\u00e9gocier. Que d\u2019incoh\u00e9rences.<\/p>\n<h5 class=\"wp-block-heading\"><strong>Isra\u00ebl et les juifs\u00a0\u00a0<\/strong><\/h5>\n<p>On peut remarquer que le discours de propagande pro-isra\u00e9lienne est port\u00e9 de plus en plus souvent, , par un personnel d\u2019origine juive dans les m\u00e9dias\u00a0mainstream. C\u2019est le signe indirect d\u2019un isolement de ce discours. Mais c\u2019est aussi dangereux car cela aboutit, dans l\u2019opinion, \u00e0 un amalgame entre l\u2019identit\u00e9 juive et le discours pro- Isra\u00ebl dans les moyens \u2018information. Beaucoup de juifs ont senti le danger et se sont d\u00e9marqu\u00e9s de ce raccourci.<\/p>\n<p>Les \u00e9v\u00e8nements d\u2019Amsterdam, bien\u00a0 que ce ne soit pas \u00a0le cas, l\u00e0, \u00a0d\u2019un affrontement identitaire \u00a0puisqu\u2019ils concernent des supporters isra\u00e9liens,\u00a0en anticipent\u00a0 pourtant le danger. Tout le monde le sent, les juifs les premiers, qui sont effray\u00e9s par ces d\u00e9rives dangereuses, \u00a0qu\u2019a acc\u00e9l\u00e9r\u00e9 le g\u00e9nocide de Gaza. On peut craindre qu\u2019ils se multiplient un peu partout en Occident au d\u00e9triment des communaut\u00e9s juives dans le monde. En d\u2019autres termes, Netanyahu, dans la pure id\u00e9ologie sioniste,\u00a0veut \u00abmouiller\u00bb les juifs, tous les juifs et ses actes en sont d\u2019autant plus n\u00e9fastes.<\/p>\n<p>Jacques Attali, brillant intellectuel \u00a0lorsqu\u2019il a l\u2019audace de se d\u00e9tacher d\u2019une certaine dictature communautaire et\u00a0 de lui dire \u00a0quelques v\u00e9rit\u00e9s, signalait d\u00e9j\u00e0 en 2007, dans un texte, \u00ab<a target=\"_blank\" href=\"https:\/\/akadem.org\/sommaire\/themes\/vie-juive\/vie-politique\/enquetes-sociologiques\/un-avenir-incertain-23-04-2007-6918_464.php\" target=\"_blank\" rel=\"noopener\" title=\"\">l\u2019avenir incertain<\/a>\u00bb,\u00a0 \u00ab<em>le\u00a0 d\u00e9clin de la communaut\u00e9 juive dans le monde<\/em>\u00bb. Il \u00e9crit alors \u00ab<em>Nous avons donc \u00e0 affronter le fait, souligne-t-il, que la population juive est de plus en plus minoritaire, faible et en voie de disparition<\/em>\u00bb. En Europe, poursuit-il<em>,\u00a0\u00abIl y aura un jour,\u00a03 millions de juifs \u00a0et 50 millions de musulmans\u00bb.\u00a0<\/em>Et il en conclut, \u00ab<em>par rapport \u00e0 cela, il faut tout faire pour que\u00a0 cette relation soit positive et non antagonique\u00bb. <\/em>Il\u00a0 liait \u00a0m\u00eame ce d\u00e9clin \u00e0 un<em> \u00abd\u00e9clin intellectuel\u00bb.<\/em><\/p>\n<p>Un mouvement de juifs antisionistes s\u2019est d\u00e9velopp\u00e9 de plus en plus aux \u00c9tats Unis et en Occident.<\/p>\n<h5 class=\"wp-block-heading\"><strong>Un autre match, mais \u00e0 Paris<\/strong><\/h5>\n<p>Apr\u00e8s \u00a0les incidents d\u2019Amsterdam,\u00a0le pr\u00e9sident Macron annonce, le 10 novembre,\u00a0qu\u2019il va assister au match France-Isra\u00ebl, qui doit avoir\u00a0 lieu le 14 Novembre \u00e0 Paris,\u00a0\u00ab<em>afin d\u2019envoyer un message de fraternit\u00e9 et de solidarit\u00e9 apr\u00e8s les actes antis\u00e9mites intol\u00e9rables<\/em>\u00bb survenus \u00e0 Amsterdam.<\/p>\n<p>Le pr\u00e9sident Macron avait fait l\u2019objet d\u2019intenses critiques du syst\u00e8me m\u00e9diatico-politique fran\u00e7ais\u00a0 pour ne pas avoir particip\u00e9 \u00e0 la manifestation tr\u00e8s officieuse \u00abcontre l\u2019antis\u00e9mitisme\u00bb organis\u00e9e, l\u2019an pass\u00e9,\u00a0le 12\u00a0novembre 2023, en r\u00e9ponse aux grandes manifestations\u00a0de solidarit\u00e9 avec la Palestine.<\/p>\n<p>Au CRIF (le puissant et influent Conseil\u00a0 Repr\u00e9sentatif des Institutions Juives de France),\u00a0 le 8 Octobre, le nom du pr\u00e9sident Macron\u00a0est hu\u00e9 lorsqu\u2019il est prononc\u00e9 par le nouveau premier ministre fran\u00e7ais qui \u00e9tait venu \u00a0se pr\u00e9senter \u00e0 cette organisation. Puis, plus\u00a0r\u00e9cemment, le pr\u00e9sident fran\u00e7ais\u00a0fait l\u2019objet de vives attaques des m\u00e9dias lourds fran\u00e7ais et de personnalit\u00e9s politiques m\u00eame proches de son camp,\u00a0pour avoir \u00e9voqu\u00e9 la contradiction \u00a0entre \u00ab<em>pr\u00e9coniser un\u00a0 cessez le feu et continuer de fournir des armes \u00e0 Isra\u00ebl<\/em>\u00bb et pour ses reproches faits \u00e0 Netanyahu de mener une \u00ab<em>guerre barbare<\/em>\u00bb.<\/p>\n<p>Beaucoup \u00a0interpr\u00e8tent donc l\u2019annonce qu\u2019il vient de faire d\u2019assister au match comme le r\u00e9sultat de toutes ces pressions politiques et comme une mani\u00e8re de rattraper son absence \u00e0 la manifestation contre l\u2019antis\u00e9mitisme.\u00a0C\u2019est dire l\u2019influence d\u2019Isra\u00ebl dans la vie politique fran\u00e7aise.<\/p>\n<p>Mais, Netanyahu est peu sensible apparemment au geste du pr\u00e9sident Macron d\u2019assister au match\u00a0 Le premier ministre isra\u00e9lien demande \u00a0aux supporters isra\u00e9liens de ne pas y assister pour leur s\u00e9curit\u00e9, ce que ceux-ci \u00a0avaient d\u2019ailleurs anticip\u00e9.<\/p>\n<p>Il avait annonc\u00e9,\u00a0qu\u2019il avait donn\u00e9 le 8 novembre\u00a0 des instructions au Mossad pour prot\u00e9ger les supporters isra\u00e9liens en Europe, sans se soucier que cela soit interpr\u00e9t\u00e9 comme une atteinte \u00e0 la souverainet\u00e9 des Etats europ\u00e9ens. \u00a0D\u2019ailleurs on annonce que des policiers isra\u00e9liens seront pr\u00e9sents le jour du match. Une v\u00e9ritable exterritorialit\u00e9 pratiqu\u00e9e par Isra\u00ebl qui la refuse, co\u00efncidence des \u00e9v\u00e8nements,\u00a0\u00e0 la France dans la gestion d\u2019un lieu de culte chr\u00e9tien, le domaine Eleona, domaine national fran\u00e7ais \u00e0 J\u00e9rusalem.\u00a0Le 7 Novembre, deux gendarmes fran\u00e7ais qui surveillent le lieu sont molest\u00e9s et arr\u00eat\u00e9s, \u00a0puis rel\u00e2ch\u00e9s.<\/p>\n<p>Netanyahu,\u00a0et les m\u00e9dias fran\u00e7ais, concernant ce match France-Isra\u00ebl, parlent tant\u00f4t \u00a0de s\u00e9curit\u00e9 des Isra\u00e9liens, tant\u00f4t de celle des\u00a0 \u00abjuifs de France\u00bb. On ne sait plus \u00e0 qui les consignes de s\u00e9curit\u00e9 donn\u00e9es\u00a0sont adress\u00e9es. C\u2019est une confusion, une assimilation, un amalgame permanent entre juifs et Isra\u00e9liens \u00a0et ensuite il est\u00a0 reproch\u00e9 \u00a0aux autres de le faire.<\/p>\n<p>Le CRIF se sent impliqu\u00e9 par\u00a0cette rencontre de football parce qu\u2019elle va avoir lieu avec Isra\u00ebl, une \u00e9quipe qui n\u2019en reste pas moins, du moins th\u00e9oriquement, \u00e9trang\u00e8re pour lui. Et pourtant, il intervient officiellement \u00a0pour que la rencontre \u00a0ne soit pas report\u00e9e ou annul\u00e9e en France. Et c\u2019est lui, et les m\u00e9dias et politiciens fran\u00e7ais qui l\u2019appuient, qui\u00a0 reprochent \u00a0\u00e0 ceux qui manifestent leur solidarit\u00e9 avec la Palestine \u00ab<em>d\u2019importer le conflit isra\u00e9lo- palestinien en France<\/em>\u00bb. Mais qui le fait, si ce n\u2019est eux, en agissant comme cela en permanence? \u00a0Et au bout de ces arguments, ils proclament \u00a0que toute hostilit\u00e9 \u00e0 Isra\u00ebl a un contenu antis\u00e9mite.<\/p>\n<h5 class=\"wp-block-heading\"><strong>L\u2019accusation d\u2019antis\u00e9mitisme, arme ultime<\/strong><\/h5>\n<p>Finalement on peut se demander pourquoi Isra\u00ebl, les m\u00e9dias, le sionisme \u00a0et les hommes politiques qui lui emboitent le pas,\u00a0utilisent sans cesse l\u2019argument de l\u2019antis\u00e9mitisme alors qu\u2019Isra\u00ebl, pourrait,\u00a0comme tout \u00c9tat, comme tout\u00a0 pays,\u00a0 d\u00e9noncer l\u2019hostilit\u00e9 de ses ennemis. La r\u00e9ponse est toute simple: c\u2019est parce qu\u2019Isra\u00ebl, et ses soutiens inconditionnels, n\u2019ont \u00a0pas d\u2019autre argument. Quel argument pourrait, en effet,\u00a0 permettre de justifier le g\u00e9nocide de Gaza, la colonisation de la Palestine, le martyre palestinien depuis plus de 7 d\u00e9cennies ?<\/p>\n<p>Il faut donc que la propagande pro-isra\u00e9lienne, l\u2019id\u00e9ologie sioniste, transforment les victimes en coupables. La propagande \u00a0affirme alors \u00a0que si, \u00e0 Amsterdam,\u00a0les supporters isra\u00e9liens ont \u00e9t\u00e9 agress\u00e9s, ce n\u2019est pas parce qu\u2019ils ont scand\u00e9 des slogans monstrueux et qu\u2019ils ont agress\u00e9 en premiers, mais c\u2019est parce qu\u2019ils sont juifs.<\/p>\n<p>Pour\u00a0 Isra\u00ebl, Hamas et Hezbollah ne sont pas des organisations nationales, l\u2019une palestinienne et l\u2019autre libanaise,\u00a0 \u00a0ce sont des \u00ab<em>organisations terroristes antis\u00e9mites qui veulent la destruction d\u2019Isra\u00ebl<\/em>\u00bb. Les 15 000 enfants assassin\u00e9s de Gaza aussi, des futurs antis\u00e9mites. Les juifs antisionistes des \u00c9tats unis et ailleurs, aussi ! Les\u00a0 millions qui d\u00e9noncent, partout dans le monde le g\u00e9nocide \u00e0 Gaza, aussi, tous antis\u00e9mites ! Le monde est antis\u00e9mite !<\/p>\n<p>L\u2019antis\u00e9mitisme permet, \u00e0 la fois,\u00a0de tout expliquer et de ne rien expliquer. La rationalit\u00e9 des arguments de ceux qui d\u00e9noncent les crimes d\u2019Isra\u00ebl est remplac\u00e9e par l\u2019accusation qu\u2019il y a, tapi en eux, un sentiment \u00a0vieux comme le monde, qui les habite, qui dirige leurs actions et dont ils n\u2019ont pas peut-\u00eatre conscience: la haine du juif, l\u2019antis\u00e9mitisme.\u00a0L\u2019argument de l\u2019antis\u00e9mitisme permet de placer la question isra\u00e9lienne hors du temps, hors de toute logique. Refuser le g\u00e9nocide, accuser Isra\u00ebl de commettre des crimes contre l\u2019humanit\u00e9, est devenu un d\u00e9lit d\u2019antis\u00e9mitisme. Chaque critique d\u2019Isra\u00ebl est devenue un crime.<\/p>\n<p>Le monstre a \u00e9t\u00e9 sacralis\u00e9. L\u2019Occident a abandonn\u00e9 Dieu mais il l\u2019a remplac\u00e9 par Isra\u00ebl.\u00a0Isra\u00ebl est devenu\u00a0 un dieu sioniste,\u00a0 un dieu pa\u00efen qui demande toujours plus de victimes, toujours plus de sang, toujours plus de sacrifices humains..<\/p>\n<p>L\u2019accusation d\u2019antis\u00e9mitisme joue le r\u00f4le que jouait celle d\u2019\u00eatre apostat. Elle \u00a0est destin\u00e9e \u00e0 terroriser les gens, \u00e0 les emp\u00eacher de dire toute v\u00e9rit\u00e9 sur les crimes d\u2019Isra\u00ebl. Chaque mot \u00e0 ce sujet \u00a0est devenue\u00a0 un blasph\u00e8me. On projette m\u00eame en France et aux Etats Unis de faire une loi sp\u00e9ciale sur la question du rapport entre l\u2019antis\u00e9mitisme et l\u2019hostilit\u00e9 \u00e0 Isra\u00ebl. Les mots n\u2019ont plus de sens. La libert\u00e9 d\u2019expression aussi. \u00a0Isra\u00ebl, dans son d\u00e9lire meurtrier, \u00a0veut\u00a0 entrainer tout l\u2019Occident dans son sillage, et le faire retourner \u00a0\u00e0 l\u2019Inquisition.<\/p>\n<div class=\"sharedaddy sd-block sd-like jetpack-likes-widget-wrapper jetpack-likes-widget-unloaded\" id=\"like-post-wrapper-237719536-431241-673631be655ed\" data-src=\"https:\/\/widgets.wp.com\/likes\/?ver=14.0#blog_id=237719536&amp;post_id=431241&amp;origin=reseauinternational.net&amp;obj_id=237719536-431241-673631be655ed&amp;n=1\" data-name=\"like-post-frame-237719536-431241-673631be655ed\" data-title=\"Aimer ou rebloguer\">\n<h3 class=\"sd-title\">J\u2019aime \u00e7a\u00a0:<\/h3>\n<p><span class=\"button\"><span>J\u2019aime<\/span><\/span> <span class=\"loading\">chargement\u2026<\/span><\/p>\n<p><span class=\"sd-text-color\"\/><a target=\"_blank\" class=\"sd-link-color\"\/><\/div>\n<p><meta itemscope=\"\" itemprop=\"mainEntityOfPage\" itemtype=\"https:\/\/schema.org\/WebPage\" itemid=\"https:\/\/reseauinternational.net\/les-evenements-damsterdam-et-le-retour-a-linquisition\/\"\/><meta itemprop=\"headline\" content=\"Les \u00e9v\u00e8nements d\u2019Amsterdam et le retour \u00e0 l\u2019Inquisition\"\/><span style=\"display: none;\" itemprop=\"author\" itemscope=\"\" itemtype=\"https:\/\/schema.org\/Person\"><meta itemprop=\"name\" content=\"R\u00e9seau International\"\/><\/span><span style=\"display: none;\" itemprop=\"image\" itemscope=\"\" itemtype=\"https:\/\/schema.org\/ImageObject\"><meta itemprop=\"url\" content=\"https:\/\/i0.wp.com\/reseauinternational.net\/wp-content\/uploads\/2024\/11\/Amsterdam-20241114.jpg?fit=800%2C467&amp;ssl=1\"\/><meta itemprop=\"width\" content=\"800\"\/><meta itemprop=\"height\" content=\"467\"\/><\/span><span style=\"display: none;\" itemprop=\"publisher\" itemscope=\"\" itemtype=\"https:\/\/schema.org\/Organization\"><span style=\"display: none;\" itemprop=\"logo\" itemscope=\"\" itemtype=\"https:\/\/schema.org\/ImageObject\"><meta itemprop=\"url\" content=\"https:\/\/reseauinternational.net\/wp-content\/uploads\/2022\/06\/Capture-de\u0301cran-2022-06-14-a\u0300-16.51.07.png\"\/><\/span><meta itemprop=\"name\" content=\"R\u00e9seau International\"\/><\/span><meta itemprop=\"datePublished\" content=\"2024-11-14T14:39:07+00:00\"\/><meta itemprop=\"dateModified\" content=\"2024-11-14T14:39:21+00:00\"\/><\/div>\n<p><br \/>\n<br \/><a href=\"https:\/\/reseauinternational.net\/les-evenements-damsterdam-et-le-retour-a-linquisition\/\" target=\"_blank\"\">Source link <\/a><\/p>\n","protected":false},"excerpt":{"rendered":"<p>par Djamel Labidi Les derniers \u00e9v\u00e8nements d\u2019Amsterdam, autour du match de \u00a0football \u00a0entre le club Ajax et le club Maccabi de Tel-Aviv, \u00a0sont significatifs en cela qu\u2019ils illustrent bien le&hellip; <\/p>\n","protected":false},"author":1,"featured_media":108,"comment_status":"open","ping_status":"open","sticky":false,"template":"","format":"standard","meta":{"footnotes":""},"categories":[1],"tags":[],"class_list":["post-107","post","type-post","status-publish","format-standard","has-post-thumbnail","hentry","category-non-classe"],"_links":{"self":[{"href":"https:\/\/monde25.info\/index.php\/wp-json\/wp\/v2\/posts\/107","targetHints":{"allow":["GET"]}}],"collection":[{"href":"https:\/\/monde25.info\/index.php\/wp-json\/wp\/v2\/posts"}],"about":[{"href":"https:\/\/monde25.info\/index.php\/wp-json\/wp\/v2\/types\/post"}],"author":[{"embeddable":true,"href":"https:\/\/monde25.info\/index.php\/wp-json\/wp\/v2\/users\/1"}],"replies":[{"embeddable":true,"href":"https:\/\/monde25.info\/index.php\/wp-json\/wp\/v2\/comments?post=107"}],"version-history":[{"count":0,"href":"https:\/\/monde25.info\/index.php\/wp-json\/wp\/v2\/posts\/107\/revisions"}],"wp:featuredmedia":[{"embeddable":true,"href":"https:\/\/monde25.info\/index.php\/wp-json\/wp\/v2\/media\/108"}],"wp:attachment":[{"href":"https:\/\/monde25.info\/index.php\/wp-json\/wp\/v2\/media?parent=107"}],"wp:term":[{"taxonomy":"category","embeddable":true,"href":"https:\/\/monde25.info\/index.php\/wp-json\/wp\/v2\/categories?post=107"},{"taxonomy":"post_tag","embeddable":true,"href":"https:\/\/monde25.info\/index.php\/wp-json\/wp\/v2\/tags?post=107"}],"curies":[{"name":"wp","href":"https:\/\/api.w.org\/{rel}","templated":true}]}}