{"id":1072,"date":"2024-11-28T09:09:37","date_gmt":"2024-11-28T08:09:37","guid":{"rendered":"https:\/\/monde25.info\/index.php\/2024\/11\/28\/robert-fico-va-se-rendre-a-moscou-pour-les-celebrations-du-9-mai-2025-rt-en-francais\/"},"modified":"2024-11-28T09:09:37","modified_gmt":"2024-11-28T08:09:37","slug":"robert-fico-va-se-rendre-a-moscou-pour-les-celebrations-du-9-mai-2025-rt-en-francais","status":"publish","type":"post","link":"https:\/\/monde25.info\/index.php\/2024\/11\/28\/robert-fico-va-se-rendre-a-moscou-pour-les-celebrations-du-9-mai-2025-rt-en-francais\/","title":{"rendered":"Robert Fico va se rendre \u00e0 Moscou pour les c\u00e9l\u00e9brations du 9 mai 2025 \u2014 RT en fran\u00e7ais"},"content":{"rendered":"<p> <br \/>\n<br \/><img decoding=\"async\" src=\"https:\/\/mf.b37mrtl.ru\/french\/images\/2024.11\/thumbnail\/674786926f7ccc2839657b08.jpg\" \/><\/p>\n<div>\n<p class=\"text__summary\">\n                                        Le Premier ministre slovaque Robert Fico a officiellement accept\u00e9, ce 27 novembre, l&rsquo;invitation du pr\u00e9sident russe \u00e0 assister aux c\u00e9l\u00e9brations du 80e anniversaire de la victoire sur le fascisme, qui auront lieu le 9 mai 2025 \u00e0 Moscou.\n                                    <\/p>\n<p>Dans une d\u00e9claration, publi\u00e9e ce 27 novembre sur\u00a0les r\u00e9seaux sociaux, le Premier ministre slovaque Robert Fico a annonc\u00e9 qu&rsquo;il avait accept\u00e9 l&rsquo;invitation de Vladimir Poutine \u00e0 participer aux c\u00e9l\u00e9brations du 9 mai 2025 \u00e0 Moscou.<\/p>\n<p>Cet \u00e9v\u00e9nement doit marquer le 80e anniversaire de la victoire\u00a0sur l&rsquo;Allemagne nazie, une comm\u00e9moration essentielle pour la Russie et ses alli\u00e9s historiques, 27 millions de sovi\u00e9tiques ayant p\u00e9ris dans le conflit.<\/p>\n<p>\u00abL\u2019Arm\u00e9e rouge et les\u00a0nations de l&rsquo;ex-Union sovi\u00e9tique ont\u00a0jou\u00e9 un r\u00f4le irrempla\u00e7able\u00a0dans la d\u00e9faite du fascisme et la victoire\u00a0pendant la Seconde Guerre mondiale\u00bb, a soulign\u00e9 Fico sur sa page Facebook.\u00a0\u00abLes citoyens de la R\u00e9publique slovaque se souviennent avec respect et honorent toutes les comm\u00e9morations li\u00e9es \u00e0 la lib\u00e9ration de notre territoire par l\u2019Arm\u00e9e rouge en 1944-1945\u00bb, a-t-il ajout\u00e9,\u00a0\u00e9voquant \u00e9galement\u00a0l\u2019aide apport\u00e9e par l\u2019Union sovi\u00e9tique\u00a0au Soul\u00e8vement national slovaque.<\/p>\n<p>Le Premier ministre slovaque a ainsi\u00a0d\u00e9clar\u00e9 que son\u00a0gouvernement organiserait\u00a0\u00abplusieurs \u00e9v\u00e9nements\u00bb en 2025 pour c\u00e9l\u00e9brer la victoire sur le fascisme, estimant ainsi \u00abnaturel\u00bb de participer aux c\u00e9l\u00e9brations qui auront lieu \u00e0 Moscou le 9 mai 2025.<\/p>\n<h2>Vucic \u00e9galement pr\u00e9sent, \u00absauf impr\u00e9vu\u00bb\u00a0<\/h2>\n<p><strong\/>Robert Fico avait\u00a0d\u00e9j\u00e0 annonc\u00e9, fin octobre, son intention de se rendre \u00e0 Moscou. Il avait \u00e9galement indiqu\u00e9 qu&rsquo;il avait convenu avec le pr\u00e9sident serbe Aleksandar Vucic de faire ce voyage ensemble. Vucic a lui-m\u00eame d\u00e9clar\u00e9, ce mois-ci, qu&rsquo;ils se rendrait\u00a0\u00absauf impr\u00e9vu\u00bb aux c\u00e9l\u00e9brations.<\/p>\n<p>\u00abSi la fin du monde n\u2019a pas lieu \u2013 je n\u2019en suis pas si s\u00fbr, mais je l\u2019esp\u00e8re \u2013 ce sera un grand honneur pour moi d\u2019\u00eatre sur la place Rouge pour le 80e anniversaire de la lib\u00e9ration du fascisme, comme je l\u2019ai \u00e9t\u00e9 pour le 75e anniversaire\u00bb avait d\u00e9clar\u00e9 le pr\u00e9sident serbe le 19 novembre.<\/p>\n<p>\u00c9lu en octobre 2023, Robert Fico est l&rsquo;un des dirigeants europ\u00e9ens les moins hostiles \u00e0 Moscou et qui appelle \u00e0 des pourparlers de paix pour r\u00e9soudre la crise ukrainienne. Il a mis fin aux livraisons d&rsquo;armes slovaques \u00e0 Kiev et estime que l&rsquo;Ukraine n&rsquo;est pas en mesure de remporter le conflit. Il s\u2019est \u00e9galement positionn\u00e9 contre l&rsquo;adh\u00e9sion de Kiev \u00e0 l\u2019OTAN, estimant que\u00a0son entr\u00e9e dans le bloc militaire pilot\u00e9 par Washington pourrait\u00a0mener \u00e0 une troisi\u00e8me guerre mondiale.<\/p>\n<\/div>\n<p><br \/>\n<br \/><a href=\"https:\/\/francais.rt.com\/international\/114986-robert-fico-participera-celebrations-9-mai-2025-a-moscou\" target=\"_blank\"\">Source link <\/a><\/p>\n","protected":false},"excerpt":{"rendered":"<p>Le Premier ministre slovaque Robert Fico a officiellement accept\u00e9, ce 27 novembre, l&rsquo;invitation du pr\u00e9sident russe \u00e0 assister aux c\u00e9l\u00e9brations du 80e anniversaire de la victoire sur le fascisme, qui&hellip; <\/p>\n","protected":false},"author":1,"featured_media":1073,"comment_status":"open","ping_status":"open","sticky":false,"template":"","format":"standard","meta":{"footnotes":""},"categories":[1],"tags":[],"class_list":["post-1072","post","type-post","status-publish","format-standard","has-post-thumbnail","hentry","category-non-classe"],"_links":{"self":[{"href":"https:\/\/monde25.info\/index.php\/wp-json\/wp\/v2\/posts\/1072","targetHints":{"allow":["GET"]}}],"collection":[{"href":"https:\/\/monde25.info\/index.php\/wp-json\/wp\/v2\/posts"}],"about":[{"href":"https:\/\/monde25.info\/index.php\/wp-json\/wp\/v2\/types\/post"}],"author":[{"embeddable":true,"href":"https:\/\/monde25.info\/index.php\/wp-json\/wp\/v2\/users\/1"}],"replies":[{"embeddable":true,"href":"https:\/\/monde25.info\/index.php\/wp-json\/wp\/v2\/comments?post=1072"}],"version-history":[{"count":0,"href":"https:\/\/monde25.info\/index.php\/wp-json\/wp\/v2\/posts\/1072\/revisions"}],"wp:featuredmedia":[{"embeddable":true,"href":"https:\/\/monde25.info\/index.php\/wp-json\/wp\/v2\/media\/1073"}],"wp:attachment":[{"href":"https:\/\/monde25.info\/index.php\/wp-json\/wp\/v2\/media?parent=1072"}],"wp:term":[{"taxonomy":"category","embeddable":true,"href":"https:\/\/monde25.info\/index.php\/wp-json\/wp\/v2\/categories?post=1072"},{"taxonomy":"post_tag","embeddable":true,"href":"https:\/\/monde25.info\/index.php\/wp-json\/wp\/v2\/tags?post=1072"}],"curies":[{"name":"wp","href":"https:\/\/api.w.org\/{rel}","templated":true}]}}