{"id":1094,"date":"2024-11-28T16:24:01","date_gmt":"2024-11-28T15:24:01","guid":{"rendered":"https:\/\/monde25.info\/index.php\/2024\/11\/28\/le-gouvernement-evoque-la-preparation-delections-rt-en-francais\/"},"modified":"2024-11-28T16:24:01","modified_gmt":"2024-11-28T15:24:01","slug":"le-gouvernement-evoque-la-preparation-delections-rt-en-francais","status":"publish","type":"post","link":"https:\/\/monde25.info\/index.php\/2024\/11\/28\/le-gouvernement-evoque-la-preparation-delections-rt-en-francais\/","title":{"rendered":"le gouvernement \u00e9voque la pr\u00e9paration d&rsquo;\u00e9lections \u2014 RT en fran\u00e7ais"},"content":{"rendered":"<p> <br \/>\n<br \/><img decoding=\"async\" src=\"https:\/\/mf.b37mrtl.ru\/french\/images\/2024.11\/thumbnail\/6748843087f3ec4713394fe8.jpg\" \/><\/p>\n<div>\n<p class=\"text__summary\">\n                                        La pr\u00e9paration d\u2019\u00e9lections \u00abtransparentes et apais\u00e9es\u00bb au Mali a \u00e9t\u00e9 au centre d\u2019un conseil minist\u00e9riel pr\u00e9sid\u00e9 par le chef de la transition Assimi Go\u00efta. Aucune date n\u2019a pour l\u2019heure \u00e9t\u00e9 fix\u00e9e mais l\u2019accent a \u00e9t\u00e9 mis sur la r\u00e9ussite des r\u00e9formes institutionnelles.\n                                    <\/p>\n<p>Le chef d\u2019\u00c9tat du Mali et pr\u00e9sident de la transition, Assimi Go\u00efta, a pr\u00e9sid\u00e9 le 27 novembre un conseil minist\u00e9riel consacr\u00e9 aux pr\u00e9paratifs du pays pour les prochaines \u00e9lections et aux r\u00e9formes n\u00e9cessaires pour renforcer le succ\u00e8s de la transition, rapporte la presse locale citant un communiqu\u00e9 du gouvernement.<\/p>\n<p>Bien que les dates des prochaines \u00e9ch\u00e9ances \u00e9lectorales n\u2019aient pas encore \u00e9t\u00e9 fix\u00e9es, le pr\u00e9sident de la transition a \u00abengag\u00e9 le gouvernement \u00e0 consolider les acquis et \u00e0 poursuivre les r\u00e9formes entam\u00e9es\u00bb en vue de l\u2019organisation d\u2019\u00ab\u00e9lections transparentes et apais\u00e9es\u00bb, selon les mots du communiqu\u00e9.<\/p>\n<p>Le chef d\u2019\u00c9tat a appel\u00e9 le gouvernement \u00e0 accorder une \u00abattention particuli\u00e8re\u00bb \u00e0 un certain nombre de \u00abquestions d\u00e9terminantes\u00bb pour la r\u00e9ussite de la transition, dont notamment la d\u00e9fense et la s\u00e9curit\u00e9 du pays, les r\u00e9formes politiques et institutionnelles et l\u2019apaisement du climat social, ainsi que le renforcement de la diplomatie ext\u00e9rieure.<\/p>\n<p>La nomination des nouveaux membres du gouvernement \u00abintervient \u00e0 un moment o\u00f9 notre pays a engag\u00e9 des r\u00e9formes majeures\u00bb, a notamment soulign\u00e9 le chef de la transition.<\/p>\n<h2><strong>Nouvel \u00e9lan \u00e0 la r\u00e9forme institutionnelle <\/strong><\/h2>\n<p>Le 21 novembre, Assimi Go\u00efta avait nomm\u00e9 le g\u00e9n\u00e9ral Abdoulaye Ma\u00efga Premier ministre en le chargeant de former un nouveau gouvernement. La veille, un d\u00e9cret sign\u00e9 par Go\u00efta avait mis fin aux fonctions de l\u2019ancien Premier ministre Choguel Kokalla Ma\u00efga, en poste depuis 2021.<\/p>\n<p>Dans ce gouvernement, constitu\u00e9 de 28 ministres, sept ministres ont \u00e9t\u00e9 remplac\u00e9s mais la grande majorit\u00e9 (21) a \u00e9t\u00e9 reconduite. Abdoulaye Ma\u00efga a conserv\u00e9 par ailleurs son poste de ministre de l\u2019Administration territoriale et de la D\u00e9centralisation.<\/p>\n<p>Parmi les sept ministres entrants, Bakary Traor\u00e9 a pris le portefeuille de la Refondation de l\u2019\u00c9tat, alors que Mamani Nassir\u00e9 a \u00e9t\u00e9 nomm\u00e9 ministre d\u00e9l\u00e9gu\u00e9 charg\u00e9 des r\u00e9formes politiques et du soutien au processus \u00e9lectoral.<\/p>\n<p>Ces deux nominations traduisent particuli\u00e8rement la volont\u00e9 d\u2019insuffler un nouvel \u00e9lan \u00e0 la r\u00e9forme institutionnelle dans le pays et pr\u00e9parer les prochaines \u00e9lections. Le Mali est dirig\u00e9 par le colonel Assimi Go\u00efta depuis le coup d&rsquo;\u00c9tat de mai 2021.<\/p>\n<\/div>\n<p><br \/>\n<br \/><a href=\"https:\/\/francais.rt.com\/afrique\/115005-mali-prepare-elections\" target=\"_blank\"\">Source link <\/a><\/p>\n","protected":false},"excerpt":{"rendered":"<p>La pr\u00e9paration d\u2019\u00e9lections \u00abtransparentes et apais\u00e9es\u00bb au Mali a \u00e9t\u00e9 au centre d\u2019un conseil minist\u00e9riel pr\u00e9sid\u00e9 par le chef de la transition Assimi Go\u00efta. Aucune date n\u2019a pour l\u2019heure \u00e9t\u00e9&hellip; <\/p>\n","protected":false},"author":1,"featured_media":1095,"comment_status":"open","ping_status":"open","sticky":false,"template":"","format":"standard","meta":{"footnotes":""},"categories":[1],"tags":[],"class_list":["post-1094","post","type-post","status-publish","format-standard","has-post-thumbnail","hentry","category-non-classe"],"_links":{"self":[{"href":"https:\/\/monde25.info\/index.php\/wp-json\/wp\/v2\/posts\/1094","targetHints":{"allow":["GET"]}}],"collection":[{"href":"https:\/\/monde25.info\/index.php\/wp-json\/wp\/v2\/posts"}],"about":[{"href":"https:\/\/monde25.info\/index.php\/wp-json\/wp\/v2\/types\/post"}],"author":[{"embeddable":true,"href":"https:\/\/monde25.info\/index.php\/wp-json\/wp\/v2\/users\/1"}],"replies":[{"embeddable":true,"href":"https:\/\/monde25.info\/index.php\/wp-json\/wp\/v2\/comments?post=1094"}],"version-history":[{"count":0,"href":"https:\/\/monde25.info\/index.php\/wp-json\/wp\/v2\/posts\/1094\/revisions"}],"wp:featuredmedia":[{"embeddable":true,"href":"https:\/\/monde25.info\/index.php\/wp-json\/wp\/v2\/media\/1095"}],"wp:attachment":[{"href":"https:\/\/monde25.info\/index.php\/wp-json\/wp\/v2\/media?parent=1094"}],"wp:term":[{"taxonomy":"category","embeddable":true,"href":"https:\/\/monde25.info\/index.php\/wp-json\/wp\/v2\/categories?post=1094"},{"taxonomy":"post_tag","embeddable":true,"href":"https:\/\/monde25.info\/index.php\/wp-json\/wp\/v2\/tags?post=1094"}],"curies":[{"name":"wp","href":"https:\/\/api.w.org\/{rel}","templated":true}]}}