{"id":1098,"date":"2024-11-28T17:29:47","date_gmt":"2024-11-28T16:29:47","guid":{"rendered":"https:\/\/monde25.info\/index.php\/2024\/11\/28\/eric-naulleau-condamne-en-appel-pour-avoir-diffame-alexandre-moix\/"},"modified":"2024-11-28T17:29:47","modified_gmt":"2024-11-28T16:29:47","slug":"eric-naulleau-condamne-en-appel-pour-avoir-diffame-alexandre-moix","status":"publish","type":"post","link":"https:\/\/monde25.info\/index.php\/2024\/11\/28\/eric-naulleau-condamne-en-appel-pour-avoir-diffame-alexandre-moix\/","title":{"rendered":"\u00c9ric Naulleau condamn\u00e9 en appel pour avoir diffam\u00e9 Alexandre Moix"},"content":{"rendered":"<p> <br \/>\n<\/p>\n<div>\n<p><span class=\"dropcap \" style=\"background-color: #ffffff; color: #000000; border-color: #ffffff;\"><strong>\u00c9<\/strong><\/span>ric Naulleau vient d\u2019\u00eatre condamn\u00e9 en appel \u00e0 Paris pour avoir diffam\u00e9 Alexandre Moix, le fr\u00e8re de Yann. La plainte a \u00e9t\u00e9 d\u00e9pos\u00e9e suite \u00e0 la diffusion sur cC8 d\u2019une interview de la grand-m\u00e8re d\u2019Alexandre et Yann, suivie de commentaires d\u00e9sobligeants et d\u2019accusations graves. Cet appel confirme le premier jugement de la 17e Chambre du 19 octobre 2023 ajoutant 2000 \u20ac de frais d\u2019avocat en raison de l\u2019appel.<\/p>\n<p>Sur les quatre propos que contenait la plainte initiale, deux seulement ont \u00e9t\u00e9 retenus par la cour d\u2019appel. Premi\u00e8rement : l\u2019accusation de harc\u00e8lement de sa grand-m\u00e8re. Deuxi\u00e8mement : l\u2019accusation d\u2019appartenance et de proximit\u00e9 avec une organisation terroriste qui voulait tuer Jacques Chirac ! Autant la premi\u00e8re accusation est l\u00e9g\u00e8re, autant la seconde est gravissime.<\/p>\n<p>\u00c9ric Naulleau, assist\u00e9 de son conseil Ma\u00eetre Jean-Marc F\u00e9dida, a eu tout le loisir de se d\u00e9fendre et d\u2019amener les preuves de ses accusations en premi\u00e8re instance et en appel. Faut-il signaler son absence lors de l\u2019appel alors qu\u2019Alexandre Moix \u00e9tait pr\u00e9sent pour d\u00e9fendre ses int\u00e9r\u00eats. L\u2019offre de preuve de monsieur \u00c9ric Naulleau n\u2019a pas convaincu la cour qui a ainsi confirm\u00e9 la premi\u00e8re condamnation.<\/p>\n<p>En d\u2019autres termes, vous pouvez en France, aujourd\u2019hui, balancer des accusations gravissimes \u00e0 la t\u00e9l\u00e9vision sans aucune preuve, juste pour r\u00e9gler des comptes et d\u00e9fendre un copain ! Pire encore, malgr\u00e9 cette condamnation dont le d\u00e9lib\u00e9r\u00e9 a \u00e9t\u00e9 connu en novembre 2004, les cha\u00eenes du groupe Bollor\u00e9 n\u2019ont pas estim\u00e9 n\u00e9cessaire d\u2019en parler alors que la diffamation a \u00e9t\u00e9 prononc\u00e9e sur leur plateau t\u00e9l\u00e9. On peut constater la m\u00eame chose avec les condamnations infamantes de Jean-Marc Morandini pour corruption de mineurs, travail dissimul\u00e9\u2026 qui ne sont jamais trait\u00e9s \u00e0 l\u2019antenne.<\/p>\n<\/div>\n<p><br \/>\n<br \/><a href=\"https:\/\/www.lelibrepenseur.org\/eric-naulleau-condamne-en-appel-pour-avoir-diffame-alexandre-moix\/\" target=\"_blank\"\">Source link <\/a><\/p>\n","protected":false},"excerpt":{"rendered":"<p>\u00c9ric Naulleau vient d\u2019\u00eatre condamn\u00e9 en appel \u00e0 Paris pour avoir diffam\u00e9 Alexandre Moix, le fr\u00e8re de Yann. La plainte a \u00e9t\u00e9 d\u00e9pos\u00e9e suite \u00e0 la diffusion sur cC8 d\u2019une&hellip; <\/p>\n","protected":false},"author":1,"featured_media":1099,"comment_status":"open","ping_status":"open","sticky":false,"template":"","format":"standard","meta":{"footnotes":""},"categories":[1],"tags":[],"class_list":["post-1098","post","type-post","status-publish","format-standard","has-post-thumbnail","hentry","category-non-classe"],"_links":{"self":[{"href":"https:\/\/monde25.info\/index.php\/wp-json\/wp\/v2\/posts\/1098","targetHints":{"allow":["GET"]}}],"collection":[{"href":"https:\/\/monde25.info\/index.php\/wp-json\/wp\/v2\/posts"}],"about":[{"href":"https:\/\/monde25.info\/index.php\/wp-json\/wp\/v2\/types\/post"}],"author":[{"embeddable":true,"href":"https:\/\/monde25.info\/index.php\/wp-json\/wp\/v2\/users\/1"}],"replies":[{"embeddable":true,"href":"https:\/\/monde25.info\/index.php\/wp-json\/wp\/v2\/comments?post=1098"}],"version-history":[{"count":0,"href":"https:\/\/monde25.info\/index.php\/wp-json\/wp\/v2\/posts\/1098\/revisions"}],"wp:featuredmedia":[{"embeddable":true,"href":"https:\/\/monde25.info\/index.php\/wp-json\/wp\/v2\/media\/1099"}],"wp:attachment":[{"href":"https:\/\/monde25.info\/index.php\/wp-json\/wp\/v2\/media?parent=1098"}],"wp:term":[{"taxonomy":"category","embeddable":true,"href":"https:\/\/monde25.info\/index.php\/wp-json\/wp\/v2\/categories?post=1098"},{"taxonomy":"post_tag","embeddable":true,"href":"https:\/\/monde25.info\/index.php\/wp-json\/wp\/v2\/tags?post=1098"}],"curies":[{"name":"wp","href":"https:\/\/api.w.org\/{rel}","templated":true}]}}