{"id":1108,"date":"2024-11-28T20:54:48","date_gmt":"2024-11-28T19:54:48","guid":{"rendered":"https:\/\/monde25.info\/index.php\/2024\/11\/28\/jardiner-ma-appris-un-tout-autre-rapport-au-temps\/"},"modified":"2024-11-28T20:54:48","modified_gmt":"2024-11-28T19:54:48","slug":"jardiner-ma-appris-un-tout-autre-rapport-au-temps","status":"publish","type":"post","link":"https:\/\/monde25.info\/index.php\/2024\/11\/28\/jardiner-ma-appris-un-tout-autre-rapport-au-temps\/","title":{"rendered":"\u00ab\u00a0Jardiner m\u2019a appris un tout autre rapport au temps\u00a0\u00bb"},"content":{"rendered":"<p> <br \/>\n<\/p>\n<div>\n<p><i>Notre journaliste Marie Astier a un grand potager, chez elle, dans les C\u00e9vennes. Dans cette chronique, elle livre astuces et r\u00e9flexions parce que jardiner&#8230; c\u2019est politique.<\/i><\/p>\n<hr class=\"spip\"\/>\n<p>C\u2019est la fin des soir\u00e9es au jardin, \u00e0 la sortie du travail et avant l\u2019arriv\u00e9e de la nuit. Ce petit moment de verdure a raccourci jusqu\u2019\u00e0 s\u2019\u00e9teindre. On va juste, parfois, chercher les poireaux pour la soupe du soir \u00e0 la lampe torche. C\u2019est, pour moi, le v\u00e9ritable marqueur de l\u2019arriv\u00e9e de la saison froide, l\u2019inauguration d\u2019un nouveau rythme.<\/p>\n<p>En semaine, la tourn\u00e9e d\u2019inspection du jardin ne peut d\u00e9sormais se faire qu\u2019\u00e0 la pause d\u00e9jeuner, les jours de t\u00e9l\u00e9travail. Hop, un coup d\u2019arrosage aux salades de la serre, et quelques caresses \u00e0 la gardienne des lieux, la petite chatte noire qui s\u2019y abrite pendant la saison froide. L\u2019espace de quelques minutes, je suis ailleurs. Loin de l\u2019\u00e9cran, de l\u2019article d\u2019actualit\u00e9 \u00e0 rendre le plus vite possible, des coups de fil et r\u00e9unions qui s\u2019encha\u00eenent.<\/p>\n<p>La pause est courte, et pourtant elle suffit \u00e0 dissiper tout stress ou pr\u00e9occupation externe. Mes pens\u00e9es et mon corps ne sont l\u00e0 que pour les plantes. Tiens, il faut \u00e9claircir les navets, d\u00e9sherber les \u00e9pinards. Je prends cinq minutes pour avancer ces petites t\u00e2ches, avant que les urgences d\u2019un m\u00e9dia quotidien comme <i>Reporterre<\/i> ne me rappellent.<\/p>\n<div class=\"spip_document_86633 spip_document spip_documents spip_document_image spip_documents_center spip_document_center spip_document_avec_legende\" data-legende-len=\"86\" data-legende-lenx=\"xx\">\n<figure class=\"spip_doc_inner\">\n      <picture><source type=\"image\/webp\" srcset=\"https:\/\/reporterre.net\/local\/cache-vignettes\/L1050xH700\/20241126_135209_1_-142af.jpg@.webp?1732630494\"><img decoding=\"async\" src=\"https:\/\/reporterre.net\/IMG\/jpg\/20241126_135209_1_.jpg\" width=\"1200\" height=\"800\" loading=\"lazy\" alt=\"\"\/><br \/>\n    <\/source><\/picture><figcaption class=\"spip_doc_legende\">\n<p>La sauge, qui a presque 5 ans, s\u2019etale sur plus de 1 m<sup class=\"typo_exposants\">2<\/sup>.<br \/>\n<i>\u00a9 Marie Astier \/ Reporterre<br \/>\n<\/i><\/p>\n<\/figcaption><\/figure>\n<\/p><\/div>\n<p>Je pense que c\u2019est une exp\u00e9rience commune \u00e0 de nombreux jardiniers\u00a0: s\u2019occuper de ses plantes est une m\u00e9ditation, un apaisement, une relaxation. \u00c0 chacun ses mots pour d\u00e9crire cet \u00e9tat. On est dans le pr\u00e9sent, mais pas seulement. C\u2019est bien plus fort que cela. Pour ma part, les plantes m\u2019ont appris un tout autre rapport au temps.<\/p>\n<h2 class=\"spip\">\u00ab<small class=\"fine d-inline\">\u00a0<\/small>Au jardin, ce n\u2019est plus moi qui m\u00e8ne la danse<small class=\"fine d-inline\">\u00a0<\/small>\u00bb<\/h2>\n<p>Dans le monde professionnel, ou m\u00eame la vie quotidienne, je suis cheffe d\u2019orchestre de mon emploi du temps. Je l\u2019ajuste en permanence en fonction des contraintes, des priorit\u00e9s. Au jardin, ce n\u2019est plus moi qui m\u00e8ne la danse, mais les saisons, les cycles biologiques, la m\u00e9t\u00e9o\u2026<\/p>\n<p>Je me laisse porter et c\u2019est finalement tr\u00e8s confortable. Il devient facile d\u2019anticiper. \u00c0 partir de fin novembre, on sait que ce sera le moment de planter des arbres. On savoure d\u2019avance avec mon compagnon le plaisir de les choisir, de les planter<small class=\"fine d-inline\">\u00a0<\/small>; on anticipe les besoins. Un abricotier, car celui du terrain d\u2019oliviers est vieillissant<small class=\"fine d-inline\">\u00a0<\/small>; des pistachiers pour introduire une nouvelle esp\u00e8ce de fruits et apporter de la diversit\u00e9\u2026<\/p>\n<p>Le <a target=\"_blank\" href=\"Qu-est-ce-que-le-rechauffement-climatique\">changement climatique<\/a> oblige \u00e0 s\u2019adapter, bien s\u00fbr. On s\u00e8me plus t\u00f4t, plus tard, on recommence plus souvent, et les ann\u00e9es sont de plus en plus diff\u00e9rentes les unes des autres, entre canicules ou pluies incessantes. Il oblige \u00e0 plus de vigilance et renforce ce r\u00e9flexe d\u2019anticipation.<\/p>\n<blockquote class=\"spip\">\n<p>\u00ab<small class=\"fine d-inline\">\u00a0<\/small>Penser le temps long devient facile, quand des arbres vous accompagnent<small class=\"fine d-inline\">\u00a0<\/small>\u00bb<\/p>\n<\/blockquote>\n<p>Les annuelles scandent les mois\u00a0: en novembre, n\u2019oublions pas de planter l\u2019ail. En f\u00e9vrier, il faudra d\u00e9j\u00e0 penser aux premiers semis, et donc avoir profit\u00e9 des soir\u00e9es d\u2019hiver pour trier les graines, faire l\u2019inventaire, commander de nouveaux sachets \u00e0 nos semenciers favoris.<\/p>\n<p>Les boutures, les arbustes, les aromatiques persistantes m\u2019incitent \u00e0 penser en cycles d\u00e9j\u00e0 un peu plus longs. Je replante les boutures souvent un an et demi apr\u00e8s les avoir pr\u00e9lev\u00e9es. La jeune verveine mettra au moins un an \u00e0 s\u2019enraciner et encore plus \u00e0 donner en quantit\u00e9.<\/p>\n<div class=\"spip_document_86632 spip_document spip_documents spip_document_image spip_documents_center spip_document_center spip_document_avec_legende\" data-legende-len=\"108\" data-legende-lenx=\"xx\">\n<figure class=\"spip_doc_inner\">\n      <picture><source type=\"image\/webp\" srcset=\"https:\/\/reporterre.net\/local\/cache-vignettes\/L1050xH700\/20241126_135914_1_-25127.jpg@.webp?1732630141\"><img decoding=\"async\" src=\"https:\/\/reporterre.net\/IMG\/jpg\/20241126_135914_1_.jpg\" width=\"1200\" height=\"800\" loading=\"lazy\" alt=\"\"\/><br \/>\n    <\/source><\/picture><figcaption class=\"spip_doc_legende\">\n<p>Dans la serre, les salades poussent vite et demandent un soin quasi quotidien.<br \/>\n<i>\u00a9 Marie Astier \/ Reporterre<br \/>\n<\/i><\/p>\n<\/figcaption><\/figure>\n<\/p><\/div>\n<p>Les arbres, eux, nous projettent dans la vie. Quand on a plant\u00e9 nos premiers fruitiers, les ann\u00e9es \u00e0 attendre pour d\u00e9guster leurs fruits me paraissaient une \u00e9ternit\u00e9. Et voil\u00e0 que c\u2019est fait, cet \u00e9t\u00e9 on s\u2019est r\u00e9gal\u00e9s, d\u00e9j\u00e0. Penser le temps long devient facile, quand des arbres vous accompagnent. Ils donnent m\u00eame une \u00e9chelle\u00a0: les enfants mangeront les fruits de l\u2019abricotier \u00e0 tel \u00e2ge<small class=\"fine d-inline\">\u00a0<\/small>; on mangera peut-\u00eatre des <a target=\"_blank\" href=\"https:\/\/reporterre.net\/Peu-d-eau-moins-de-pesticides-la-pistache-le-futur-de-l-agriculture\">pistaches du jardin<\/a> \u00e0 l\u2019ap\u00e9ro pour mes 40\u00a0ans<small class=\"fine d-inline\">\u00a0<\/small>; et il faut replanter des cerisiers, car sinon on n\u2019en aura plus pour nos 50\u00a0ans. Les suivants en profiteront aussi et auront peut-\u00eatre m\u00eame oubli\u00e9 qui les a plant\u00e9s, comme s\u2019ils avaient toujours \u00e9t\u00e9 l\u00e0.<\/p>\n<h2 class=\"spip\">Une poche de r\u00e9sistance<\/h2>\n<p>Mais attention, rien ne sert de semer ou planter des salades si je ne suis pas l\u00e0, presque chaque jour, pour ensuite les arroser. Ou de planter des arbres si je ne les accompagne pas les premi\u00e8res ann\u00e9es, au cas o\u00f9 leur premier \u00e9t\u00e9 serait caniculaire, ou le temps que leur tronc r\u00e9siste \u00e0 l\u2019app\u00e9tit du castor.<\/p>\n<p>Alors que quelques clics permettent de satisfaire rapidement nombre de mes d\u00e9sirs, livr\u00e9s \u00e0 domicile, les plantes m\u2019ont appris la patience. Dans un monde o\u00f9 l\u2019on zappe d\u00e8s le moindre signe d\u2019ennui, elles m\u2019enseignent la constance. Alors qu\u2019autour de moi la mobilit\u00e9 est une valeur phare, elles m\u2019incitent \u00e0 l\u2019ancrage. Toutes ces aptitudes me semblent parfois d\u00e9su\u00e8tes, inadapt\u00e9es au <span class=\"caps\">XXI<\/span><sup class=\"typo_exposants\">e<\/sup> si\u00e8cle.<\/p>\n<p>Pourtant, je suis convaincue qu\u2019elles sont essentielles pour retrouver un nouveau rapport au monde, au vivant. Le jardinage a le pouvoir de nous transformer bien plus qu\u2019on ne pourrait s\u2019y attendre. Ce n\u2019est pas juste une passion, un passe-temps, un moment de ressourcement ou un acte de subsistance. Notamment parce qu\u2019il propose un autre rapport au temps, je veux croire que chaque jardin est potentiellement une petite poche de r\u00e9sistance \u00e0 la folie destructrice de l\u2019\u00e9poque, une fen\u00eatre vers la possibilit\u00e9 d\u2019un autre monde, plus d\u00e9sirable tant \u00e9cologiquement que socialement. C\u2019est aussi pour cela qu\u2019ils sont de formidables alli\u00e9s dans la lutte pour l\u2019\u00e9cologie.<\/p>\n<aside class=\"boite_encarts\">\n<div class=\"encart encart_vert noprint montre_1023\">\n<div class=\"infolettre-form-container noprint\">\n<p>Abonnez-vous \u00e0 la lettre d\u2019info de Reporterre<\/p>\n<\/div><\/div>\n<\/aside>\n<aside class=\"boite_apresarticle encart_note\">\n<h4>Apr\u00e8s cet article<\/h4>\n<p>      <a target=\"_blank\" href=\"https:\/\/reporterre.net\/Un-jardin-est-beau-lorsqu-on-dialogue-avec-lui\" class=\"lien_article\">\n      <picture class=\"vignette_gauche\"><source type=\"image\/webp\" srcset=\"https:\/\/reporterre.net\/local\/cache-gd2\/b5\/cadb81209c6693029074528c6f6e1c.jpg@.webp?1730298331\"><img decoding=\"async\" src=\"https:\/\/reporterre.net\/local\/cache-gd2\/b5\/cadb81209c6693029074528c6f6e1c.jpg?1730298331\" width=\"450\" height=\"300\" alt=\"\" class=\"marge12\" loading=\"lazy\"\/><br \/>\n<\/source><\/picture>\n<p class=\"libelle\">\n<p>          Chronique \u2014<\/p>\n<p>      Agriculture\n    <\/p>\n<p class=\"titre pol20\">\u00ab<small class=\"fine d-inline\">\u00a0<\/small>Un jardin est beau lorsqu\u2019on dialogue avec lui<small class=\"fine d-inline\">\u00a0<\/small>\u00bb<\/p>\n<p>      <\/a><br \/>\n    <\/aside>\n<aside class=\"boite_complement texte\">\n<p>      <!-- zone_forum --><br \/>\n          <\/aside>\n<aside class=\"boite_lireaussi noprint\">\n<\/aside>\n<aside class=\"colonne\">\n<div class=\"article_info cache_1023 noprint\">\n        <img loading=\"lazy\" decoding=\"async\" src=\"https:\/\/reporterre.net\/local\/cache-gd2\/1e\/4cd53ffac075f20fe35a96a77604fd.jpg?1730134060\" class=\"cache_1023 image_ronde\" width=\"128\" height=\"128\" alt=\"\"\/><\/p>\n<p>    <span class=\"date\">28 novembre 2024  \u00e0 18h27<\/span><\/p>\n<p class=\"duree_lecture\">\n        Dur\u00e9e de lecture : 5 minutes\n      <\/p>\n<\/p><\/div>\n<div class=\"bloc_infolettre\">\n<div class=\"infolettre-form-container noprint\">\n<p>Abonnez-vous \u00e0 la lettre d\u2019info de Reporterre<\/p>\n<\/div><\/div>\n<\/aside>\n<div id=\"galerie\">\n  <img decoding=\"async\" src=\"\" class=\"principale\" id=\"principale\"\/><\/p>\n<p id=\"legende\">legende<\/p>\n<\/div>\n<footer class=\"noprint\">\n<\/footer>\n<\/div>\n<p><br \/>\n<br \/><a href=\"https:\/\/reporterre.net\/Jardiner-m-a-appris-un-tout-autre-rapport-au-temps\" target=\"_blank\"\">Source link <\/a><\/p>\n","protected":false},"excerpt":{"rendered":"<p>Notre journaliste Marie Astier a un grand potager, chez elle, dans les C\u00e9vennes. Dans cette chronique, elle livre astuces et r\u00e9flexions parce que jardiner&#8230; c\u2019est politique. C\u2019est la fin des&hellip; <\/p>\n","protected":false},"author":1,"featured_media":1109,"comment_status":"open","ping_status":"open","sticky":false,"template":"","format":"standard","meta":{"footnotes":""},"categories":[1],"tags":[],"class_list":["post-1108","post","type-post","status-publish","format-standard","has-post-thumbnail","hentry","category-non-classe"],"_links":{"self":[{"href":"https:\/\/monde25.info\/index.php\/wp-json\/wp\/v2\/posts\/1108","targetHints":{"allow":["GET"]}}],"collection":[{"href":"https:\/\/monde25.info\/index.php\/wp-json\/wp\/v2\/posts"}],"about":[{"href":"https:\/\/monde25.info\/index.php\/wp-json\/wp\/v2\/types\/post"}],"author":[{"embeddable":true,"href":"https:\/\/monde25.info\/index.php\/wp-json\/wp\/v2\/users\/1"}],"replies":[{"embeddable":true,"href":"https:\/\/monde25.info\/index.php\/wp-json\/wp\/v2\/comments?post=1108"}],"version-history":[{"count":0,"href":"https:\/\/monde25.info\/index.php\/wp-json\/wp\/v2\/posts\/1108\/revisions"}],"wp:featuredmedia":[{"embeddable":true,"href":"https:\/\/monde25.info\/index.php\/wp-json\/wp\/v2\/media\/1109"}],"wp:attachment":[{"href":"https:\/\/monde25.info\/index.php\/wp-json\/wp\/v2\/media?parent=1108"}],"wp:term":[{"taxonomy":"category","embeddable":true,"href":"https:\/\/monde25.info\/index.php\/wp-json\/wp\/v2\/categories?post=1108"},{"taxonomy":"post_tag","embeddable":true,"href":"https:\/\/monde25.info\/index.php\/wp-json\/wp\/v2\/tags?post=1108"}],"curies":[{"name":"wp","href":"https:\/\/api.w.org\/{rel}","templated":true}]}}