{"id":1110,"date":"2024-11-28T21:28:47","date_gmt":"2024-11-28T20:28:47","guid":{"rendered":"https:\/\/monde25.info\/index.php\/2024\/11\/28\/cessez-le-feu-oral-au-liban\/"},"modified":"2024-11-28T21:28:47","modified_gmt":"2024-11-28T20:28:47","slug":"cessez-le-feu-oral-au-liban","status":"publish","type":"post","link":"https:\/\/monde25.info\/index.php\/2024\/11\/28\/cessez-le-feu-oral-au-liban\/","title":{"rendered":"Cessez-le-feu oral au Liban"},"content":{"rendered":"<p> <br \/>\n<\/p>\n<div id=\"article-text\">\n<div class=\"article-text-images crayon article-texte-221551 \">\n<div align=\"center\"><img loading=\"lazy\" decoding=\"async\" src=\"https:\/\/www.voltairenet.org\/local\/cache-vignettes\/L800xH500\/400_-_1-383-ea245.jpg?1732807038\" class=\"spip_logo\" width=\"800\" height=\"500\" alt=\"\"\/><\/div>\n<p>Un accord de cessez-le-feu isra\u00e9lo-libanais\u2014purement oral\u2014 a \u00e9t\u00e9 annonc\u00e9 par les pr\u00e9sidents \u00e9tats-unien et fran\u00e7ais, Joe Biden et Emmanuel Macron. Au moment o\u00f9 nous terminons cet article, aucun document n\u2019avait \u00e9t\u00e9 sign\u00e9 par les protagonistes.<\/p>\n<p>Cet accord a \u00e9t\u00e9 implor\u00e9 par Benyamin Netanyahou, via le n\u00e9gociateur \u00e9tats-unien Amos Hochstein, en totale contradiction avec ses positions pr\u00e9c\u00e9dentes. La diaspora juive est d\u00e9sormais profond\u00e9ment divis\u00e9e et, majoritairement, ne le soutient plus (cf. 2488). Son arm\u00e9e est \u00e9puis\u00e9e et n\u2019a plus de munitions. Son objectif de guerre officiel (permettre le retour de 100 000 Isra\u00e9liens dans leurs foyers \u00e0 la fronti\u00e8re libanaise) n\u2019a absolument pas \u00e9t\u00e9 r\u00e9alis\u00e9. Au contraire le Hezbollah attaque d\u00e9sormais des bases militaires jusqu\u2019\u00e0 Tel-Aviv. Son objectif officieux (\u00e9tendre Isra\u00ebl au nord) a aussi \u00e9chou\u00e9. Les FDI, qui sont incontestablement victorieuses dans les airs et peuvent d\u00e9truire tout ce qu\u2019elles veulent, ne parviennent absolument pas \u00e0 occuper le territoire libanais dont la population r\u00e9siste.<\/p>\n<p>Cet accord de cessez-le-feu est, para\u00eet-il, valable pour 60 jours. Cela signifie que les hostilit\u00e9s peuvent reprendre dans deux mois ou n\u2019importe quand par la suite. Benyamin Netanyahou pr\u00e9tend qu\u2019il a obtenu le droit d\u2019attaquer le Hezbollah s\u2019il reconstitue ses forces, ce qui est absolument faux et est d\u00e9menti par toutes les sources libanaises ayant particip\u00e9 aux n\u00e9gociations.<\/p>\n<p>Le Premier ministre d\u00e9signe l\u2019Iran comme sa prochaine cible. Or T\u00e9h\u00e9ran a particip\u00e9 aux n\u00e9gociations et a confirm\u00e9 abandonner sa strat\u00e9gie \u00ab\u00a0d\u2019Axe de la R\u00e9sistance\u00a0\u00bb pour se diriger vers un accord global avec les Occidentaux.<\/p>\n<p>La Ligue arabe, quant \u00e0 elle, est consciente que la guerre de 80 ans n\u2019est pas finie, mais se d\u00e9place vers l\u2019Iraq et la Syrie. C\u2019est pourquoi l\u2019Iran a repris contact avec les deux partis kurdes iraquiens (cf. VAI 1969) et que la T\u00fcrkiye a relanc\u00e9 les n\u00e9gociations avec Abdullah \u00d6calan (cf. VAI 2247). Pendant ce temps, les FDI ont bombard\u00e9 jusqu\u2019\u00e0 la derni\u00e8re minute toutes les routes reliant la Syrie au Liban et d\u00e9truit ses ponts (cf. VAI 2711 et 2712), tandis que les jihadistes ont repris leurs attaques contre Damas, comme lors de guerre de 2011 lorsque Benyamin Netanyahou rendait visite aux officiers d\u2019Al-Qa\u00efda hospitalis\u00e9s en Isra\u00ebl.<\/p>\n<blockquote class=\"spip\">\n<p>Cet article est l\u2019\u00e9ditorial du num\u00e9ro 110 de \u00ab\u00a0Voltaire, actualit\u00e9 internationale\u00a0\u00bb. Le monde change vite. <a target=\"_blank\" href=\"https:\/\/buy.stripe.com\/7sI16i222cRI4UgcN9\" class=\"spip_out\" rel=\"external\">Abonnez-vous<\/a> \u00e0 notre lettre confidentielle hebdomadaire\u00a0; une source exceptionnelle d\u2019information sur la transition vers un monde multipolaire.<\/p>\n<\/blockquote>\n<\/div>\n<aside>\n<\/aside>\n<div class=\"follow\" id=\"social\">\n<h4>Restez en contact<\/h4>\n<div class=\"follow-left\">\n<h5>Suivez-nous sur les r\u00e9seaux sociaux<\/h5>\n<p><a target=\"_blank\" href=\"https:\/\/www.facebook.com\/R%C3%A9seau-Voltaire-en-fran%C3%A7ais-106616878523973\" title=\"\" target=\"_blank\"><img decoding=\"async\" src=\"https:\/\/www.voltairenet.org\/squelettes\/images\/follow-fb.png\" alt=\"\"\/><\/a><br \/>\n<a target=\"_blank\" href=\"https:\/\/t.me\/reseauvoltaire\" title=\"\" target=\"_blank\"><img decoding=\"async\" src=\"https:\/\/www.voltairenet.org\/squelettes\/images\/follow-tg.png\" alt=\"\"\/><\/a><br \/>\n<a target=\"_blank\" href=\"https:\/\/twitter.com\/voltairenetFr\" title=\"\" target=\"_blank\"><img decoding=\"async\" src=\"https:\/\/www.voltairenet.org\/squelettes\/images\/follow-tw.png\" alt=\"\"\/><\/a>\n<\/div>\n<p><h5>Subscribe to weekly newsletter<\/h5>\n<\/p>\n<\/div>\n<p><!--\n\n<div><\/div>\n\n--><\/p>\n<\/div>\n<p><script async src=\"\/\/platform.twitter.com\/widgets.js\" charset=\"utf-8\"><\/script><br \/>\n<br \/><br \/>\n<br \/><a href=\"https:\/\/www.voltairenet.org\/article221551.html\" target=\"_blank\"\">Source link <\/a><\/p>\n","protected":false},"excerpt":{"rendered":"<p>Un accord de cessez-le-feu isra\u00e9lo-libanais\u2014purement oral\u2014 a \u00e9t\u00e9 annonc\u00e9 par les pr\u00e9sidents \u00e9tats-unien et fran\u00e7ais, Joe Biden et Emmanuel Macron. Au moment o\u00f9 nous terminons cet article, aucun document n\u2019avait&hellip; <\/p>\n","protected":false},"author":1,"featured_media":1111,"comment_status":"open","ping_status":"open","sticky":false,"template":"","format":"standard","meta":{"footnotes":""},"categories":[1],"tags":[],"class_list":["post-1110","post","type-post","status-publish","format-standard","has-post-thumbnail","hentry","category-non-classe"],"_links":{"self":[{"href":"https:\/\/monde25.info\/index.php\/wp-json\/wp\/v2\/posts\/1110","targetHints":{"allow":["GET"]}}],"collection":[{"href":"https:\/\/monde25.info\/index.php\/wp-json\/wp\/v2\/posts"}],"about":[{"href":"https:\/\/monde25.info\/index.php\/wp-json\/wp\/v2\/types\/post"}],"author":[{"embeddable":true,"href":"https:\/\/monde25.info\/index.php\/wp-json\/wp\/v2\/users\/1"}],"replies":[{"embeddable":true,"href":"https:\/\/monde25.info\/index.php\/wp-json\/wp\/v2\/comments?post=1110"}],"version-history":[{"count":0,"href":"https:\/\/monde25.info\/index.php\/wp-json\/wp\/v2\/posts\/1110\/revisions"}],"wp:featuredmedia":[{"embeddable":true,"href":"https:\/\/monde25.info\/index.php\/wp-json\/wp\/v2\/media\/1111"}],"wp:attachment":[{"href":"https:\/\/monde25.info\/index.php\/wp-json\/wp\/v2\/media?parent=1110"}],"wp:term":[{"taxonomy":"category","embeddable":true,"href":"https:\/\/monde25.info\/index.php\/wp-json\/wp\/v2\/categories?post=1110"},{"taxonomy":"post_tag","embeddable":true,"href":"https:\/\/monde25.info\/index.php\/wp-json\/wp\/v2\/tags?post=1110"}],"curies":[{"name":"wp","href":"https:\/\/api.w.org\/{rel}","templated":true}]}}