{"id":11124,"date":"2025-06-29T05:22:50","date_gmt":"2025-06-29T03:22:50","guid":{"rendered":"https:\/\/monde25.info\/index.php\/2025\/06\/29\/pres-du-tiers-des-habitants-des-tuvalu-demandent-lasile-climatique-en-australie\/"},"modified":"2025-06-29T05:22:50","modified_gmt":"2025-06-29T03:22:50","slug":"pres-du-tiers-des-habitants-des-tuvalu-demandent-lasile-climatique-en-australie","status":"publish","type":"post","link":"https:\/\/monde25.info\/index.php\/2025\/06\/29\/pres-du-tiers-des-habitants-des-tuvalu-demandent-lasile-climatique-en-australie\/","title":{"rendered":"Pr\u00e8s du tiers des habitants des Tuvalu demandent l&#039;asile climatique en Australie"},"content":{"rendered":"<p> <br \/>\n<br \/><img loading=\"lazy\" decoding=\"async\" src=\"https:\/\/reporterre.net\/local\/cache-vignettes\/L700xH465\/tuvasouleau-059c8.jpg?1751026704\" class=\"spip_logo\" width=\"700\" height=\"465\" alt=\"\" \/><\/p>\n<p>Sur les 10\u00a0000 habitants de l&rsquo;archipel de Tuvalu, dans le Pacifique, 3\u00a0000 ont candidat\u00e9 \u00e0 une demande de visa climatique pour l&rsquo;Australie, nous a appris le 26\u00a0juin l&rsquo;<span class=\"caps\">AFP<\/span>. L&rsquo;agence a obtenu ces chiffres aupr\u00e8s du gouvernement australien. Ainsi, pr\u00e8s d&rsquo;un tiers des Tuvaluans sont candidats \u00e0 l&rsquo;exil, alors que leur archipel est menac\u00e9 par la mont\u00e9e des eaux due au changement climatique et pourrait dispara\u00eetre d&rsquo;ici la fin du si\u00e8cle. <br class=\"autobr\" \/><br \/>\nParmi les candidats, 280\u00a0personnes seront tir\u00e9es au sort et\u00a0(\u2026)<\/p>\n<p>                    <a target=\"_blank\" href=\"https:\/\/reporterre.net\/Pres-du-tiers-des-habitants-des-Tuvalu-demandent-l-asile-climatique-en-Australie?utm_source=RSS&amp;utm_medium=RSS\">Lire la suite<\/a><\/p>\n<p>                    &#8211;<br \/>\n                        <a target=\"_blank\" href=\"https:\/\/reporterre.net\/Breves-20\" rel=\"directory\">En bref<\/a><\/p>\n<p>                    \/<br \/>\n                        <a target=\"_blank\" href=\"https:\/\/reporterre.net\/Climat-18\" rel=\"tag\">Climat <\/a><br \/>\n                    ,<br \/>\n                        <a target=\"_blank\" href=\"https:\/\/reporterre.net\/International\" rel=\"tag\">Monde<\/a><br \/>\n                    ,<br \/>\n                        <a target=\"_blank\" href=\"https:\/\/reporterre.net\/Migrations\" rel=\"tag\">Migrations<\/a><br \/>\n<br \/><br \/>\n<br \/><a href=\"https:\/\/reporterre.net\/Pres-du-tiers-des-habitants-des-Tuvalu-demandent-l-asile-climatique-en-Australie\" target=\"_blank\"\">Source link <\/a><\/p>\n","protected":false},"excerpt":{"rendered":"<p>Sur les 10\u00a0000 habitants de l&rsquo;archipel de Tuvalu, dans le Pacifique, 3\u00a0000 ont candidat\u00e9 \u00e0 une demande de visa climatique pour l&rsquo;Australie, nous a appris le 26\u00a0juin l&rsquo;AFP. L&rsquo;agence a&hellip; <\/p>\n","protected":false},"author":1,"featured_media":0,"comment_status":"open","ping_status":"open","sticky":false,"template":"","format":"standard","meta":{"footnotes":""},"categories":[1],"tags":[],"class_list":["post-11124","post","type-post","status-publish","format-standard","hentry","category-non-classe"],"_links":{"self":[{"href":"https:\/\/monde25.info\/index.php\/wp-json\/wp\/v2\/posts\/11124","targetHints":{"allow":["GET"]}}],"collection":[{"href":"https:\/\/monde25.info\/index.php\/wp-json\/wp\/v2\/posts"}],"about":[{"href":"https:\/\/monde25.info\/index.php\/wp-json\/wp\/v2\/types\/post"}],"author":[{"embeddable":true,"href":"https:\/\/monde25.info\/index.php\/wp-json\/wp\/v2\/users\/1"}],"replies":[{"embeddable":true,"href":"https:\/\/monde25.info\/index.php\/wp-json\/wp\/v2\/comments?post=11124"}],"version-history":[{"count":0,"href":"https:\/\/monde25.info\/index.php\/wp-json\/wp\/v2\/posts\/11124\/revisions"}],"wp:attachment":[{"href":"https:\/\/monde25.info\/index.php\/wp-json\/wp\/v2\/media?parent=11124"}],"wp:term":[{"taxonomy":"category","embeddable":true,"href":"https:\/\/monde25.info\/index.php\/wp-json\/wp\/v2\/categories?post=11124"},{"taxonomy":"post_tag","embeddable":true,"href":"https:\/\/monde25.info\/index.php\/wp-json\/wp\/v2\/tags?post=11124"}],"curies":[{"name":"wp","href":"https:\/\/api.w.org\/{rel}","templated":true}]}}