{"id":11154,"date":"2025-06-29T15:49:57","date_gmt":"2025-06-29T13:49:57","guid":{"rendered":"https:\/\/monde25.info\/index.php\/2025\/06\/29\/cameroun-bouba-maigari-annonce-sa-candidature-a-la-presidentielle-doctobre-prochain\/"},"modified":"2025-06-29T15:49:57","modified_gmt":"2025-06-29T13:49:57","slug":"cameroun-bouba-maigari-annonce-sa-candidature-a-la-presidentielle-doctobre-prochain","status":"publish","type":"post","link":"https:\/\/monde25.info\/index.php\/2025\/06\/29\/cameroun-bouba-maigari-annonce-sa-candidature-a-la-presidentielle-doctobre-prochain\/","title":{"rendered":"Cameroun: Bouba Ma\u00efgari annonce sa candidature \u00e0 la pr\u00e9sidentielle d&rsquo;octobre prochain"},"content":{"rendered":"<p> <br \/>\n<br \/><img decoding=\"async\" src=\"https:\/\/cdn1.img.sputniknews.africa\/img\/07e5\/09\/1b\/1051889497_0:117:1024:693_600x0_80_0_0_48bac416daeb07fa24beee7cd3b6f710.jpg\" \/><\/p>\n<div itemscope=\"\" itemtype=\"https:\/\/schema.org\/Article\">\n<p>https:\/\/fr.sputniknews.africa\/20250629\/cameroun-bouba-maigari-annonce-sa-candidature-a-la-presidentielle-doctobre-prochain-1074853427.html<\/p>\n<p><a target=\"_blank\" itemprop=\"url\" href=\"https:\/\/fr.sputniknews.africa\/20250629\/cameroun-bouba-maigari-annonce-sa-candidature-a-la-presidentielle-doctobre-prochain-1074853427.html\" title=\"Cameroun: Bouba Ma\u00efgari annonce sa candidature \u00e0 la pr\u00e9sidentielle d'octobre prochain\"\/><\/p>\n<p>Cameroun: Bouba Ma\u00efgari annonce sa candidature \u00e0 la pr\u00e9sidentielle d&rsquo;octobre prochain<\/p>\n<p>Cameroun: Bouba Ma\u00efgari annonce sa candidature \u00e0 la pr\u00e9sidentielle d&rsquo;octobre prochain<\/p>\n<p>Sputnik Afrique<\/p>\n<p>Le pr\u00e9sident du parti camerounais, l&rsquo;Union nationale pour la d\u00e9mocratie et le progr\u00e8s (UNDP), Bello Bouba Ma\u00efgari, a annonc\u00e9 samedi sa candidature \u00e0 l&rsquo;\u00e9lection&#8230; 29.06.2025, Sputnik Afrique<\/p>\n<p>2025-06-29T09:31+0200<\/p>\n<p>2025-06-29T09:31+0200<\/p>\n<p>2025-06-29T09:31+0200<\/p>\n<p>cameroun<\/p>\n<p>\u00e9lection pr\u00e9sidentielle<\/p>\n<p>afrique subsaharienne<\/p>\n<p>https:\/\/cdn1.img.sputniknews.africa\/img\/07e5\/09\/1b\/1051889497_0:117:1024:693_1920x0_80_0_0_7959a108490c977adcf2d795c3eae394.jpg<\/p>\n<p>\u00ab\u00a0Apr\u00e8s les d\u00e9lib\u00e9rations et l&rsquo;approbation du comit\u00e9 central, j&rsquo;ai accept\u00e9 d&rsquo;\u00eatre candidat \u00e0 l&rsquo;\u00e9lection pr\u00e9sidentielle en octobre 2025\u00a0\u00bb, a d\u00e9clar\u00e9 devant la presse, le pr\u00e9sident de l&rsquo;Union nationale pour la d\u00e9mocratie et le progr\u00e8s, \u00e9galement ministre d&rsquo;Etat du Tourisme et des Loisirs, M. Ma\u00efgari. L&rsquo;homme politique, \u00e2g\u00e9 de 78 ans, s&rsquo;exprimait apr\u00e8s une r\u00e9union extraordinaire de l&rsquo;UNDP \u00e0 Yaound\u00e9. Ancien Premier ministre (1982-1983), Bello Bouba Ma\u00efgari a occup\u00e9 plusieurs postes minist\u00e9riels depuis les ann\u00e9es 1980. Son annonce intervient quelques jours apr\u00e8s celle d&rsquo;Issa Tchiroma Bakary, qui a annonc\u00e9 sa d\u00e9mission de ministre de l&rsquo;Emploi et de la formation professionnelle, avant d&rsquo;officialiser sa propre candidature \u00e0 la pr\u00e9sidentielle. L&rsquo;UNDP avait d\u00e9j\u00e0 pris part \u00e0 une \u00e9lection pr\u00e9sidentielle. En 1992, son pr\u00e9sident s&rsquo;\u00e9tait pr\u00e9sent\u00e9 au scrutin, se classant troisi\u00e8me derri\u00e8re Paul Biya et John Fru Ndi. Le parti a ensuite rejoint la majorit\u00e9 pr\u00e9sidentielle en d\u00e9cembre 1997. Bello Bouba Ma\u00efgari rejoint une liste de candidats d\u00e9j\u00e0 d\u00e9clar\u00e9s, parmi lesquels Maurice Kamto (MRC), Cabral Libii (PCRN\/), Joshua Osih (SDF) et Serge Espoir Matomba (PURS).<\/p>\n<p>cameroun<\/p>\n<p>afrique subsaharienne<\/p>\n<div itemprop=\"copyrightHolder\" itemscope=\"\" itemtype=\"http:\/\/schema.org\/Organization\">\n<p>Sputnik Afrique<\/p>\n<p><a target=\"_blank\" itemprop=\"url\" href=\"https:\/\/fr.sputniknews.africa\" title=\"Sputnik Afrique\"> <\/a><\/p>\n<p>feedback.fr@sputniknews.com<\/p>\n<p>+74956456601<\/p>\n<p>MIA \u201eRossiya Segodnya\u201c<\/p>\n<p><a target=\"_blank\" itemprop=\"sameAs\" href=\"https:\/\/t.me\/sputnik_afrique\"> <\/a><a target=\"_blank\" itemprop=\"sameAs\" href=\"https:\/\/t.me\/sputnik_africa\"> <\/a><a target=\"_blank\" itemprop=\"sameAs\" href=\"https:\/\/t.me\/sputnik_ethiopia\"> <\/a><a target=\"_blank\" itemprop=\"sameAs\" href=\"https:\/\/x.com\/sputnik_afrique\"> <\/a><a target=\"_blank\" itemprop=\"sameAs\" href=\"https:\/\/x.com\/sputnik_africa\"> <\/a><a target=\"_blank\" itemprop=\"sameAs\" href=\"https:\/\/x.com\/sputnik_ethio\"> <\/a><\/div>\n<p>2025<\/p>\n<div itemprop=\"creator\" itemscope=\"\" itemtype=\"http:\/\/schema.org\/Person\">\n<p>  Alg\u00e9rie Presse Service (APS)<\/p>\n<p><a target=\"_blank\" itemprop=\"url\" href=\"https:\/\/fr.sputniknews.africa\/author_algerie-presse-service_\/\"> <\/a><\/div>\n<div itemprop=\"editor\" itemscope=\"\" itemtype=\"http:\/\/schema.org\/Person\">\n<p>  Alg\u00e9rie Presse Service (APS)<\/p>\n<p><a target=\"_blank\" itemprop=\"url\" href=\"https:\/\/fr.sputniknews.africa\/author_algerie-presse-service_\/\"> <\/a><\/div>\n<p>Actus<\/p>\n<p>fr_FR<\/p>\n<div itemprop=\"sourceOrganization\" itemscope=\"\" itemtype=\"http:\/\/schema.org\/Organization\">\n<p>Sputnik Afrique<\/p>\n<p><a target=\"_blank\" itemprop=\"url\" href=\"https:\/\/fr.sputniknews.africa\" title=\"Sputnik Afrique\"> <\/a><\/p>\n<p>feedback.fr@sputniknews.com<\/p>\n<p>+74956456601<\/p>\n<p>MIA \u201eRossiya Segodnya\u201c<\/p>\n<p><a target=\"_blank\" itemprop=\"sameAs\" href=\"https:\/\/t.me\/sputnik_afrique\"> <\/a><a target=\"_blank\" itemprop=\"sameAs\" href=\"https:\/\/t.me\/sputnik_africa\"> <\/a><a target=\"_blank\" itemprop=\"sameAs\" href=\"https:\/\/t.me\/sputnik_ethiopia\"> <\/a><a target=\"_blank\" itemprop=\"sameAs\" href=\"https:\/\/x.com\/sputnik_afrique\"> <\/a><a target=\"_blank\" itemprop=\"sameAs\" href=\"https:\/\/x.com\/sputnik_africa\"> <\/a><a target=\"_blank\" itemprop=\"sameAs\" href=\"https:\/\/x.com\/sputnik_ethio\"> <\/a><\/div>\n<p><a target=\"_blank\" itemprop=\"thumbnailUrl\" href=\"https:\/\/cdn1.img.sputniknews.africa\/img\/07e5\/09\/1b\/1051889497_0:117:1024:693_1920x0_80_0_0_7959a108490c977adcf2d795c3eae394.jpg\"\/><a target=\"_blank\" itemprop=\"thumbnailUrl\" href=\"https:\/\/cdn1.img.sputniknews.africa\/img\/07e5\/09\/1b\/1051889497_0:0:1024:768_1920x0_80_0_0_601a5d596366b9df1c3d598d2928e57d.jpg\">https:\/\/cdn1.img.sputniknews.africa\/img\/07e5\/09\/1b\/1051889497_0:0:1024:768_1920x0_80_0_0_601a5d596366b9df1c3d598d2928e57d.jpg<\/a><a target=\"_blank\" itemprop=\"thumbnailUrl\" href=\"https:\/\/cdn1.img.sputniknews.africa\/img\/07e5\/09\/1b\/1051889497_122:0:890:768_1920x0_80_0_0_38e344221a7063246e3554cd94d8c3c3.jpg\" title=\"Yaound\u00e9, Cameroun\"\/><\/p>\n<div itemprop=\"publisher\" itemscope=\"\" itemtype=\"http:\/\/schema.org\/Organization\">\n<p>Sputnik Afrique<\/p>\n<p><a target=\"_blank\" itemprop=\"url\" href=\"https:\/\/fr.sputniknews.africa\" title=\"Sputnik Afrique\"> <\/a><\/p>\n<p>feedback.fr@sputniknews.com<\/p>\n<p>+74956456601<\/p>\n<p>MIA \u201eRossiya Segodnya\u201c<\/p>\n<p><a target=\"_blank\" itemprop=\"sameAs\" href=\"https:\/\/t.me\/sputnik_afrique\"> <\/a><a target=\"_blank\" itemprop=\"sameAs\" href=\"https:\/\/t.me\/sputnik_africa\"> <\/a><a target=\"_blank\" itemprop=\"sameAs\" href=\"https:\/\/t.me\/sputnik_ethiopia\"> <\/a><a target=\"_blank\" itemprop=\"sameAs\" href=\"https:\/\/x.com\/sputnik_afrique\"> <\/a><a target=\"_blank\" itemprop=\"sameAs\" href=\"https:\/\/x.com\/sputnik_africa\"> <\/a><a target=\"_blank\" itemprop=\"sameAs\" href=\"https:\/\/x.com\/sputnik_ethio\"> <\/a><\/div>\n<div itemprop=\"author\" itemscope=\"\" itemtype=\"http:\/\/schema.org\/Person\">\n<p>  Alg\u00e9rie Presse Service (APS)<\/p>\n<p><a target=\"_blank\" itemprop=\"url\" href=\"https:\/\/fr.sputniknews.africa\/author_algerie-presse-service_\/\"> <\/a><\/div>\n<p>cameroun, \u00e9lection pr\u00e9sidentielle, afrique subsaharienne<\/p>\n<div itemprop=\"about\" itemscope=\"\" itemtype=\"https:\/\/schema.org\/Thing\">\n<p>cameroun, \u00e9lection pr\u00e9sidentielle, afrique subsaharienne<\/p>\n<\/div>\n<\/div>\n<div>\n<div class=\"article__author\">\n<div class=\"article__author-item\">\n<div class=\"article__author-wrapper\">\n<div class=\"article__author-info\">\n<p>  Alg\u00e9rie Presse Service (APS)<\/p>\n<\/div>\n<\/div>\n<\/div>\n<\/div>\n<p>Le pr\u00e9sident du parti camerounais, l&rsquo;Union nationale pour la d\u00e9mocratie et le progr\u00e8s (UNDP), Bello Bouba Ma\u00efgari, a annonc\u00e9 samedi sa candidature \u00e0 l&rsquo;\u00e9lection pr\u00e9sidentielle d&rsquo;octobre 2025.<\/p>\n<\/div>\n<div>\n<div class=\"article__block\" data-type=\"text\">\n<p>\u00ab\u00a0Apr\u00e8s les d\u00e9lib\u00e9rations et l&rsquo;approbation du comit\u00e9 central, j&rsquo;ai accept\u00e9 d&rsquo;\u00eatre candidat \u00e0 l&rsquo;\u00e9lection pr\u00e9sidentielle en octobre 2025\u00a0\u00bb, a d\u00e9clar\u00e9 devant la presse, le pr\u00e9sident de l&rsquo;Union nationale pour la d\u00e9mocratie et le progr\u00e8s, \u00e9galement ministre d&rsquo;Etat du Tourisme et des Loisirs, M. Ma\u00efgari. <\/p>\n<\/div>\n<div class=\"article__block\" data-type=\"text\">\n<p>L&rsquo;homme politique, \u00e2g\u00e9 de 78 ans, s&rsquo;exprimait apr\u00e8s une r\u00e9union extraordinaire de l&rsquo;UNDP \u00e0 Yaound\u00e9. <\/p>\n<\/div>\n<div class=\"article__block\" data-type=\"text\">\n<p>Ancien Premier ministre (1982-1983), Bello Bouba Ma\u00efgari a occup\u00e9 plusieurs postes minist\u00e9riels depuis les ann\u00e9es 1980. Son annonce intervient quelques jours apr\u00e8s celle d&rsquo;Issa Tchiroma Bakary, qui a annonc\u00e9 sa d\u00e9mission de ministre de l&rsquo;Emploi et de la formation professionnelle, avant d&rsquo;officialiser sa propre candidature \u00e0 la pr\u00e9sidentielle. <\/p>\n<\/div>\n<div class=\"article__block\" data-type=\"text\">\n<p>L&rsquo;UNDP avait d\u00e9j\u00e0 pris part \u00e0 une \u00e9lection pr\u00e9sidentielle. En 1992, son pr\u00e9sident s&rsquo;\u00e9tait pr\u00e9sent\u00e9 au scrutin, se classant troisi\u00e8me derri\u00e8re Paul Biya et John Fru Ndi. Le parti a ensuite rejoint la majorit\u00e9 pr\u00e9sidentielle en d\u00e9cembre 1997. <\/p>\n<\/div>\n<div class=\"article__block\" data-type=\"text\">\n<p>Bello Bouba Ma\u00efgari rejoint une liste de candidats d\u00e9j\u00e0 d\u00e9clar\u00e9s, parmi lesquels Maurice Kamto (MRC), Cabral Libii (PCRN\/), Joshua Osih (SDF) et Serge Espoir Matomba (PURS).<\/p>\n<\/div>\n<\/div>\n<p><script async=\"async\" type=\"text\/plain\" class=\"_iub_cs_activate\" data-iub-purposes=\"3\" data-suppressedsrc=\"https:\/\/connect.facebook.net\/en_US\/sdk.js#xfbml=1&amp;version=v3.2\"><\/script><br \/>\n<br \/><br \/>\n<br \/><a href=\"https:\/\/fr.sputniknews.africa\/20250629\/cameroun-bouba-maigari-annonce-sa-candidature-a-la-presidentielle-doctobre-prochain-1074853427.html\" target=\"_blank\"\">Source link <\/a><\/p>\n","protected":false},"excerpt":{"rendered":"<p>https:\/\/fr.sputniknews.africa\/20250629\/cameroun-bouba-maigari-annonce-sa-candidature-a-la-presidentielle-doctobre-prochain-1074853427.html Cameroun: Bouba Ma\u00efgari annonce sa candidature \u00e0 la pr\u00e9sidentielle d&rsquo;octobre prochain Cameroun: Bouba Ma\u00efgari annonce sa candidature \u00e0 la pr\u00e9sidentielle d&rsquo;octobre prochain Sputnik Afrique Le pr\u00e9sident du parti camerounais,&hellip; <\/p>\n","protected":false},"author":1,"featured_media":11155,"comment_status":"open","ping_status":"open","sticky":false,"template":"","format":"standard","meta":{"footnotes":""},"categories":[1],"tags":[],"class_list":["post-11154","post","type-post","status-publish","format-standard","has-post-thumbnail","hentry","category-non-classe"],"_links":{"self":[{"href":"https:\/\/monde25.info\/index.php\/wp-json\/wp\/v2\/posts\/11154","targetHints":{"allow":["GET"]}}],"collection":[{"href":"https:\/\/monde25.info\/index.php\/wp-json\/wp\/v2\/posts"}],"about":[{"href":"https:\/\/monde25.info\/index.php\/wp-json\/wp\/v2\/types\/post"}],"author":[{"embeddable":true,"href":"https:\/\/monde25.info\/index.php\/wp-json\/wp\/v2\/users\/1"}],"replies":[{"embeddable":true,"href":"https:\/\/monde25.info\/index.php\/wp-json\/wp\/v2\/comments?post=11154"}],"version-history":[{"count":0,"href":"https:\/\/monde25.info\/index.php\/wp-json\/wp\/v2\/posts\/11154\/revisions"}],"wp:featuredmedia":[{"embeddable":true,"href":"https:\/\/monde25.info\/index.php\/wp-json\/wp\/v2\/media\/11155"}],"wp:attachment":[{"href":"https:\/\/monde25.info\/index.php\/wp-json\/wp\/v2\/media?parent=11154"}],"wp:term":[{"taxonomy":"category","embeddable":true,"href":"https:\/\/monde25.info\/index.php\/wp-json\/wp\/v2\/categories?post=11154"},{"taxonomy":"post_tag","embeddable":true,"href":"https:\/\/monde25.info\/index.php\/wp-json\/wp\/v2\/tags?post=11154"}],"curies":[{"name":"wp","href":"https:\/\/api.w.org\/{rel}","templated":true}]}}