{"id":11156,"date":"2025-06-29T16:22:47","date_gmt":"2025-06-29T14:22:47","guid":{"rendered":"https:\/\/monde25.info\/index.php\/2025\/06\/29\/nayib-bukele-propose-denvoyer-de-vrais-detenus-pour-la-prochaine-fashion-week-de-paris-rt-en-francais\/"},"modified":"2025-06-29T16:22:47","modified_gmt":"2025-06-29T14:22:47","slug":"nayib-bukele-propose-denvoyer-de-vrais-detenus-pour-la-prochaine-fashion-week-de-paris-rt-en-francais","status":"publish","type":"post","link":"https:\/\/monde25.info\/index.php\/2025\/06\/29\/nayib-bukele-propose-denvoyer-de-vrais-detenus-pour-la-prochaine-fashion-week-de-paris-rt-en-francais\/","title":{"rendered":"Nayib Bukele propose d\u2019envoyer de vrais d\u00e9tenus pour la prochaine Fashion Week de Paris \u2014 RT en fran\u00e7ais"},"content":{"rendered":"<p> <br \/>\n<br \/><img decoding=\"async\" src=\"https:\/\/mf.b37mrtl.ru\/french\/images\/2025.06\/thumbnail\/6861406887f3ec10925072cd.PNG\" \/><\/p>\n<div>\n<p class=\"text__summary\">\n                                        Suite \u00e0 l\u2019apparition, en marge de la Fashion Week de Paris, de mannequins ressemblant \u00e0 des d\u00e9tenus, le pr\u00e9sident salvadorien Nayib Bukele a r\u00e9agi avec ironie. Il a propos\u00e9 d\u2019envoyer de v\u00e9ritables d\u00e9tenus de la prison de haute s\u00e9curit\u00e9 qu\u2019il a construite pour incarc\u00e9rer des membres de gangs.\n                                    <\/p>\n<p>Lors de la Fashion Week de Paris, le cr\u00e9ateur de la collection, Willy Chavarr\u00eda, d\u2019origine mexicaine, a voulu, le 28 juin, d\u00e9noncer le sort des \u00e9trangers expuls\u00e9s sous l\u2019administration de Donald Trump, en s\u2019inspirant de l\u2019univers carc\u00e9ral salvadorien.<\/p>\n<p>Les mannequins ayant particip\u00e9 au d\u00e9fil\u00e9 \u00e9taient habill\u00e9s de blanc et agenouill\u00e9s, les mains dans le dos, \u00e0 l\u2019image des d\u00e9tenus du Centre de confinement du terrorisme (Cecot), la prison de haute s\u00e9curit\u00e9 construite par le pr\u00e9sident Nayib Bukele.<\/p>\n<h2>R\u00e9action ironique<\/h2>\n<p>Cette mise en sc\u00e8ne, visant \u00e0 d\u00e9noncer les expulsions d\u2019\u00e9trangers vers des syst\u00e8mes carc\u00e9raux r\u00e9pressifs, n\u2019a pas \u00e9chapp\u00e9 \u00e0 Nayib Bukele. Ce dernier a r\u00e9agi avec sarcasme en proposant d\u2019envoyer de v\u00e9ritables d\u00e9tenus salvadoriens \u00e0 Paris, \u00ab\u00a0d\u00e8s que la France donnera son feu vert\u00a0\u00bb.<\/p>\n<p>Le secr\u00e9tariat de presse de la pr\u00e9sidence salvadorienne a estim\u00e9 que le d\u00e9fil\u00e9 \u00ab\u00a0rendait hommage aux criminels emprisonn\u00e9s au Cecot\u00a0\u00bb, saluant la \u00ab\u00a0position ferme\u00a0\u00bb du chef de l\u2019\u00c9tat.<\/p>\n<p>Ce dernier, dont la politique s\u00e9curitaire muscl\u00e9e contre les gangs, mise en place depuis 2022, a drastiquement r\u00e9duit les homicides, conserve une forte popularit\u00e9 malgr\u00e9 les critiques internationales sur les atteintes aux droits humains.<\/p>\n<p>Depuis l\u2019instauration de l\u2019\u00e9tat d\u2019urgence, plus de 86\u00a0000 personnes ont \u00e9t\u00e9 arr\u00eat\u00e9es, dont 8\u00a0000 lib\u00e9r\u00e9es apr\u00e8s avoir \u00e9t\u00e9 reconnues innocentes, bien qu\u2019elles restent surveill\u00e9es, selon plusieurs ONG.<\/p>\n<\/div>\n<p><br \/>\n<br \/><a href=\"https:\/\/francais.rt.com\/international\/122474-nayib-bukele-propose-detenus-paris-fashion\" target=\"_blank\"\">Source link <\/a><\/p>\n","protected":false},"excerpt":{"rendered":"<p>Suite \u00e0 l\u2019apparition, en marge de la Fashion Week de Paris, de mannequins ressemblant \u00e0 des d\u00e9tenus, le pr\u00e9sident salvadorien Nayib Bukele a r\u00e9agi avec ironie. Il a propos\u00e9 d\u2019envoyer&hellip; <\/p>\n","protected":false},"author":1,"featured_media":11157,"comment_status":"open","ping_status":"open","sticky":false,"template":"","format":"standard","meta":{"footnotes":""},"categories":[1],"tags":[],"class_list":["post-11156","post","type-post","status-publish","format-standard","has-post-thumbnail","hentry","category-non-classe"],"_links":{"self":[{"href":"https:\/\/monde25.info\/index.php\/wp-json\/wp\/v2\/posts\/11156","targetHints":{"allow":["GET"]}}],"collection":[{"href":"https:\/\/monde25.info\/index.php\/wp-json\/wp\/v2\/posts"}],"about":[{"href":"https:\/\/monde25.info\/index.php\/wp-json\/wp\/v2\/types\/post"}],"author":[{"embeddable":true,"href":"https:\/\/monde25.info\/index.php\/wp-json\/wp\/v2\/users\/1"}],"replies":[{"embeddable":true,"href":"https:\/\/monde25.info\/index.php\/wp-json\/wp\/v2\/comments?post=11156"}],"version-history":[{"count":0,"href":"https:\/\/monde25.info\/index.php\/wp-json\/wp\/v2\/posts\/11156\/revisions"}],"wp:featuredmedia":[{"embeddable":true,"href":"https:\/\/monde25.info\/index.php\/wp-json\/wp\/v2\/media\/11157"}],"wp:attachment":[{"href":"https:\/\/monde25.info\/index.php\/wp-json\/wp\/v2\/media?parent=11156"}],"wp:term":[{"taxonomy":"category","embeddable":true,"href":"https:\/\/monde25.info\/index.php\/wp-json\/wp\/v2\/categories?post=11156"},{"taxonomy":"post_tag","embeddable":true,"href":"https:\/\/monde25.info\/index.php\/wp-json\/wp\/v2\/tags?post=11156"}],"curies":[{"name":"wp","href":"https:\/\/api.w.org\/{rel}","templated":true}]}}