{"id":11160,"date":"2025-06-29T17:28:45","date_gmt":"2025-06-29T15:28:45","guid":{"rendered":"https:\/\/monde25.info\/index.php\/2025\/06\/29\/les-responsabilites-de-charles-de-gaulle-et-de-ses-complices-dans-la-defaite-de-1940-1\/"},"modified":"2025-06-29T17:28:45","modified_gmt":"2025-06-29T15:28:45","slug":"les-responsabilites-de-charles-de-gaulle-et-de-ses-complices-dans-la-defaite-de-1940-1","status":"publish","type":"post","link":"https:\/\/monde25.info\/index.php\/2025\/06\/29\/les-responsabilites-de-charles-de-gaulle-et-de-ses-complices-dans-la-defaite-de-1940-1\/","title":{"rendered":"Les responsabilit\u00e9s de Charles De Gaulle et de ses complices dans la d\u00e9faite de 1940 (1)"},"content":{"rendered":"<p> <br \/>\n<\/p>\n<div id=\"\">\n<p>Bien plus fran\u00e7ais que n\u2019importe quel Fran\u00e7ais, ce failli de la Premi\u00e8re Guerre mondiale aura d\u2019abord tent\u00e9 de vendre ses services de futur grand homme \u00e0 l\u2019arm\u00e9e polonaise en guerre contre la jeune Union sovi\u00e9tique. C\u2019est ce qu\u2019a d\u00e9couvert un ancien directeur d\u2019\u00e9tudes au Service historique de l\u2019Arm\u00e9e de Terre (SHAT), le colonel Fr\u00e9d\u00e9ric Guelton. Il en a trouv\u00e9 la trace officielle dans les archives de l\u2019ambassade de France \u00e0 Varsovie.<\/p>\n<p>C\u2019est ce qu\u2019il rapporte dans un texte intitul\u00e9 \u201c\u00a0Le capitaine de Gaulle et la Pologne\u00a0\u201d\u00a0:\u00a0\u00ab\u00a0Deux th\u00e9\u00e2tres d\u2019op\u00e9rations dans lesquels l\u2019arm\u00e9e fran\u00e7aise est particuli\u00e8rement impliqu\u00e9e, la Pologne et les Balkans, retiennent son attention. Charles De Gaulle porte d\u2019abord son d\u00e9volu sur la Pologne. Il adresse, au d\u00e9but de 1919, une \u00ab\u00a0<a target=\"_blank\" href=\"https:\/\/pl.ambafrance.org\/Le-capitaine-De-Gaulle-et-la-Pologne\" class=\"spip_out\" rel=\"external\">demande d\u2019engagement dans l\u2019arm\u00e9e polonaise<\/a>\u00a0\u00bb au bureau slave de l\u2019EMA. Il a, ce faisant, eu le malheur de s\u2019affranchir d\u2019une voie hi\u00e9rarchique de tous temps aussi impitoyable que tatillonne. Sa demande est rejet\u00e9e. C\u2019est ce qui le pousse, le 28 janvier, \u00e0 s\u2019adresser directement au g\u00e9n\u00e9ral Archinard, chef de la Mission militaire franco-polonaise pour obtenir son appui direct\u00a0:\u00a0\u00ab\u00a0[&#8230;] D\u2019apr\u00e8s les renseignements re\u00e7us au Bureau slave du minist\u00e8re de la Guerre, je m\u2019\u00e9tais born\u00e9 \u00e0 faire approuver ma demande d\u2019engagement dans l\u2019arm\u00e9e polonaise par vous-m\u00eame, et par le g\u00e9n\u00e9ral Haller, et \u00e0 la remettre ensuite directement au Bureau slave. [&#8230;] Or, j\u2019apprends que la 1re Direction du minist\u00e8re de la Guerre vient de me renvoyer ma demande, parce que non transmise par la voie hi\u00e9rarchique [&#8230;] Peut-\u00eatre une bienveillante intervention de votre part aupr\u00e8s de qui de droit h\u00e2terait-elle la solution. J\u2019ai l\u2019honneur de la solliciter.\u00a0\u00bb<\/p>\n<p>Manifestement, De Gaulle voulait \u00ab\u00a0sa guerre\u00a0\u00bb. C\u2019est qu\u2019il lui fallait se refaire, lui qui \u00e9tait pass\u00e9 tr\u00e8s largement \u00e0 c\u00f4t\u00e9 de cette Grande Guerre qui ne lui avait valu que de rester prisonnier en Allemagne durant 32 mois (du 2 mars 1916 au 11 novembre 1918).<\/p>\n<p>Or cette guerre tant esp\u00e9r\u00e9e, il lui est arriv\u00e9 d\u2019affirmer qu\u2019il \u00e9tait pr\u00eat \u00e0 la faire aux c\u00f4t\u00e9s d\u2019un tr\u00e8s \u00e9trange personnage.<\/p>\n<p>Une guerre et en association avec qui, donc\u00a0? La question m\u00e9rite d\u2019\u00eatre pos\u00e9e ici, car De Gaulle y aura effectivement r\u00e9pondu, d\u2019une fa\u00e7on pour nous stup\u00e9fiante, au tout d\u00e9but du mois d\u2019ao\u00fbt 1942, \u00e0 Londres, en pr\u00e9sence de son officier d\u2019ordonnance, Claude Bouchinet-Serreulles, qui serait le tout dernier adjoint de Jean Moulin en juin 1943.<\/p>\n<p>Dans le t\u00e9moignage apport\u00e9 par Serreulles, relevons un tout premier point\u00a0:\u00a0\u00ab\u00a0L\u2019Empire, c\u2019est moi\u00a0! dit-il parfois. Partout o\u00f9 le drapeau fran\u00e7ais flotte, c\u2019est moi\u00a0!\u00a0\u00bb (Claude Bouchinet-Serreulles, <i>Nous \u00e9tions faits pour \u00eatre libres<\/i>, Grasset 2000, page 140.)<\/p>\n<p>Mais Claude Bouchinet-Serreulles va surtout nous permettre de mesurer le prix que De Gaulle est pr\u00eat \u00e0 payer pour obtenir cet Empire que les alli\u00e9s anglo-saxons semblent lui refuser. Il d\u00e9clare l\u2019avoir not\u00e9 imm\u00e9diatement apr\u00e8s l\u2019avoir entendu \u00e9noncer\u00a0:\u00a0\u00ab\u00a0Il faut que les Fran\u00e7ais le sachent. Je ne peux continuer \u00e0 marcher avec des alli\u00e9s qui s\u2019acharnent \u00e0 saper partout la position de la France, qui veulent me voler le Levant, qui n\u2019ont ni politique ni strat\u00e9gie, qui se bouchent herm\u00e9tiquement les oreilles d\u00e8s que je veux leur enfourner quelques id\u00e9es, qui tandis qu\u2019ils me d\u00e9daignent vont se pendre aux basques des moindres valets de Vichy, ces d\u00e9mocraties qui entretiennent des ambassadeurs au pays de l\u2019Ordre Nouveau&#8230; Je dirai bient\u00f4t tout cela dans un discours retentissant.\u00a0\u00bb (Idem, page 227.)<\/p>\n<p>Et comme Bouchinet-Serreulles s\u2019inqui\u00e8te de voir les d\u00e9mocraties en si mauvaise posture et d\u2019imaginer l\u2019effet que pourrait avoir la publication de tels propos, il a la terrible surprise d\u2019entendre De Gaulle d\u00e9clarer ceci\u00a0:\u00a0\u00ab\u00a0Mais je marcherai avec Hitler. S\u2019il est prouv\u00e9 que la France [lui-m\u00eame\u00a0?] ne gagne rien \u00e0 continuer la guerre avec les Alli\u00e9s, qu\u2019au contraire elle [lui-m\u00eame encore\u00a0?] perd tout, eh bien\u00a0! La France renversera sa politique et gagnera la guerre avec Hitler\u00a0! J\u2019ai toujours dit qu\u2019il n\u2019y avait que deux politiques\u00a0:\u00a0celle de D\u00e9at et la mienne\u00a0; si la mienne \u00e9choue, je me rallie \u00e0 D\u00e9at. Il n\u2019y a qu\u2019un guide valable \u00e0 toute politique, c\u2019est l\u2019int\u00e9r\u00eat national [celui de De Gaulle\u00a0?]. L\u2019int\u00e9r\u00eat national devient-il de marcher avec Hitler\u00a0? Alors vous verrez ce que deviendront les d\u00e9mocraties, elles ne feront pas long feu\u00a0!\u00a0\u00bb (Idem, pages 227-228.)<\/p>\n<p>Et pourquoi donc trouve-t-on ceci dans ses <i>M\u00e9moires de guerre<\/i> (page 299 du tome 2)\u00a0?\u00a0:\u00a0\u00ab\u00a0Laval avait jou\u00e9. Il avait perdu. Il eut le courage d\u2019admettre qu\u2019il r\u00e9pondait des cons\u00e9quences. Sans doute, dans son gouvernement, d\u00e9ployant pour soutenir l\u2019insoutenable toutes les ressources de la ruse, tous les ressorts de l\u2019obstination, chercha-t-il \u00e0 servir son pays. Que cela lui soit laiss\u00e9\u00a0! C\u2019est un fait, qu\u2019au fond du malheur, ceux des Fran\u00e7ais qui, en petit nombre, choisirent le chemin de la boue n\u2019y reni\u00e8rent pas la patrie. T\u00e9moignage rendu \u00e0 la France par ceux de ses fils \u201c\u00a0qui se sont tant perdus\u00a0\u201d. Porte entrouverte sur le pardon.\u00a0\u00bb<\/p>\n<p>Ne s\u2019agit-il que d\u2019une formule d\u2019une tr\u00e8s grande magnanimit\u00e9\u00a0?<\/p>\n<p>Et pourquoi donc la visite rendue au Caudillo Franco le lundi 8 juin 1970\u00a0?.<\/p>\n<p>Pour r\u00e9pondre avec pr\u00e9cision \u00e0 ces diff\u00e9rentes questions\u00a0\u2013\u00a0et \u00e0 quelques autres\u00a0\u2013\u00a0il faut revenir aux ann\u00e9es trente et au r\u00f4le jou\u00e9 par De Gaulle et celui qui s\u2019est mis en t\u00eate de s\u2019en faire le promoteur t\u00eatu\u00a0:\u00a0<a target=\"_blank\" href=\"https:\/\/blogs.mediapart.fr\/michel-j-cuny\/blog\/270625\/andre-pironneau-inventeur-de-charles-de-gaulle-2\" class=\"spip_out\" rel=\"external\">Andr\u00e9 Pironneau<\/a>.<\/p>\n<\/div>\n<p><br \/>\n<br \/><a href=\"https:\/\/www.legrandsoir.info\/les-responsabilites-de-charles-de-gaulle-et-de-ses-complices-dans-la-defaite-de-1940-1.html\" target=\"_blank\"\">Source link <\/a><\/p>\n","protected":false},"excerpt":{"rendered":"<p>Bien plus fran\u00e7ais que n\u2019importe quel Fran\u00e7ais, ce failli de la Premi\u00e8re Guerre mondiale aura d\u2019abord tent\u00e9 de vendre ses services de futur grand homme \u00e0 l\u2019arm\u00e9e polonaise en guerre&hellip; <\/p>\n","protected":false},"author":1,"featured_media":11161,"comment_status":"open","ping_status":"open","sticky":false,"template":"","format":"standard","meta":{"footnotes":""},"categories":[1],"tags":[],"class_list":["post-11160","post","type-post","status-publish","format-standard","has-post-thumbnail","hentry","category-non-classe"],"_links":{"self":[{"href":"https:\/\/monde25.info\/index.php\/wp-json\/wp\/v2\/posts\/11160","targetHints":{"allow":["GET"]}}],"collection":[{"href":"https:\/\/monde25.info\/index.php\/wp-json\/wp\/v2\/posts"}],"about":[{"href":"https:\/\/monde25.info\/index.php\/wp-json\/wp\/v2\/types\/post"}],"author":[{"embeddable":true,"href":"https:\/\/monde25.info\/index.php\/wp-json\/wp\/v2\/users\/1"}],"replies":[{"embeddable":true,"href":"https:\/\/monde25.info\/index.php\/wp-json\/wp\/v2\/comments?post=11160"}],"version-history":[{"count":0,"href":"https:\/\/monde25.info\/index.php\/wp-json\/wp\/v2\/posts\/11160\/revisions"}],"wp:featuredmedia":[{"embeddable":true,"href":"https:\/\/monde25.info\/index.php\/wp-json\/wp\/v2\/media\/11161"}],"wp:attachment":[{"href":"https:\/\/monde25.info\/index.php\/wp-json\/wp\/v2\/media?parent=11160"}],"wp:term":[{"taxonomy":"category","embeddable":true,"href":"https:\/\/monde25.info\/index.php\/wp-json\/wp\/v2\/categories?post=11160"},{"taxonomy":"post_tag","embeddable":true,"href":"https:\/\/monde25.info\/index.php\/wp-json\/wp\/v2\/tags?post=11160"}],"curies":[{"name":"wp","href":"https:\/\/api.w.org\/{rel}","templated":true}]}}