{"id":11162,"date":"2025-06-29T18:01:44","date_gmt":"2025-06-29T16:01:44","guid":{"rendered":"https:\/\/monde25.info\/index.php\/2025\/06\/29\/les-limites-du-modele-dintegration-finlandais-par-elisa-perrigueur-le-monde-diplomatique-juillet-2025\/"},"modified":"2025-06-29T18:01:44","modified_gmt":"2025-06-29T16:01:44","slug":"les-limites-du-modele-dintegration-finlandais-par-elisa-perrigueur-le-monde-diplomatique-juillet-2025","status":"publish","type":"post","link":"https:\/\/monde25.info\/index.php\/2025\/06\/29\/les-limites-du-modele-dintegration-finlandais-par-elisa-perrigueur-le-monde-diplomatique-juillet-2025\/","title":{"rendered":"Les limites du mod\u00e8le d\u2019int\u00e9gration finlandais, par \u00c9lisa Perrigueur (Le Monde diplomatique, juillet 2025)"},"content":{"rendered":"<p> <br \/>\n<\/p>\n<div>\n<p class=\"crayon article-surtitre-68563 surtitre\">Offensives identitaires contre l\u2019immigration<\/p>\n<div class=\"crayon article-chapo-68563 chapo\">\n<p>Restrictions du regroupement familial, du droit d\u2019asile, de l\u2019obtention de la nationalit\u00e9\u2026 Le gouvernement finlandais revoit son syst\u00e8me d\u2019accueil pour les r\u00e9fugi\u00e9s, les \u00e9trangers d\u00e9tenteurs d\u2019un titre de s\u00e9jour ou d\u2019un permis de travail. Dans un pays connu pour son ouverture aux migrants, ce changement d\u2019approche refl\u00e8te les contradictions des soci\u00e9t\u00e9s nordiques.<\/p>\n<\/div><\/div>\n<div couleurfade=\"f8e6e5\" couleurclaire=\"f5d6d5\" couleurpale=\"f1a9a6\" couleurmi=\"a52b26\" couleurfoncee=\"871611\" couleursombre=\"290a09\" couleurfond=\"734e4c\" couleurtexte=\"ffffff\">\n<div class=\"enapercu\">\n<figure class=\"spip_document_34646 spip_documents spip_documents_center xl\" style=\"width:890px;\">\n<div class=\"limage\">\n<p>\t\t\t<img loading=\"lazy\" decoding=\"async\" src=\"https:\/\/www.monde-diplomatique.fr\/\/local\/cache-vignettes\/L890xH736\/16_2267.hr-64f9e.jpg?1750953845\" width=\"890\" height=\"736\" class=\"spip_logos\" alt=\"JPEG - 233.6\u00a0ko\"\/><\/p><\/div><figcaption>\n<p>Katja \u00d6hrnberg  \u2013 \u00ab<small class=\"fine\">\u00a0<\/small>Viha<small class=\"fine\">\u00a0<\/small>\u00bb (Haine), 2017<\/p>\n<p>\u00a9 Katja \u00d6hrnberg\/ADAGP, Paris, 2025\n<\/p>\n<\/figcaption><\/figure>\n<p><span class=\"mot-lettrine\"><span class=\"lettrine\">D<\/span>es<\/span> halos violets ou jaune fluo illuminent le ciel d\u2019encre qui enrobe les for\u00eats d\u00e8s l\u2019apr\u00e8s-midi dans l\u2019ouest de la Finlande, pr\u00e8s des eaux calmes du golfe de Botnie. L\u2019atmosph\u00e8re envo\u00fbtante cr\u00e9\u00e9e par ces lueurs ne provient pas des aurores bor\u00e9ales, mais de la lumi\u00e8re artificielle des serres de N\u00e4rpi\u00f6. Pr\u00e8s de la moiti\u00e9 des concombres et 60<small class=\"fine\">\u00a0<\/small>% des tomates produits dans ce pays de 5,6\u00a0millions d\u2019habitants sont cultiv\u00e9s dans cette commune en d\u00e9pit d\u2019hivers tr\u00e8s rigoureux. Les l\u00e9gumes font la prosp\u00e9rit\u00e9 de ses 9\u00a0600\u00a0habitants, depuis qu\u2019un \u00e9migr\u00e9 finlandais a ramen\u00e9 un pied de tomate d\u2019Am\u00e9rique apr\u00e8s la premi\u00e8re guerre mondiale, selon la l\u00e9gende locale. Ce fruit-l\u00e9gume est c\u00e9l\u00e9br\u00e9 chaque \u00e9t\u00e9 lors d\u2019un carnaval.<\/p>\n<p>Un quart des actifs \u2014 la plupart \u00e9trangers \u2014 travaillent dans les serres, pour un salaire moyen de 1\u00a0700 \u00e0 2\u00a0000\u00a0euros. \u00c0 N\u00e4rpi\u00f6, 22<small class=\"fine\">\u00a0<\/small>% des habitants sont d\u2019origine \u00e9trang\u00e8re, estiment les autorit\u00e9s locales, ce qui en fait l\u2019une des villes les plus cosmopolites du pays. Le centre municipal de langues affiche complet cet hiver. Une trentaine de femmes d\u2019Asie, de Bi\u00e9lorussie ou d\u2019Ukraine viennent de rejoindre leurs conjoints<small class=\"fine\">\u00a0<\/small>; elles suivent le \u00ab<small class=\"fine\">\u00a0<\/small>parcours d\u2019int\u00e9gration<small class=\"fine\">\u00a0<\/small>\u00bb des travailleurs \u00e9trangers\u00a0: des cours de finnois ou de su\u00e9dois ainsi qu\u2019une centaine d\u2019heures sur la soci\u00e9t\u00e9 finlandaise et sa culture. Elles ont choisi le su\u00e9dois, la langue pr\u00e9dominante dans cette r\u00e9gion (et de 5<small class=\"fine\">\u00a0<\/small>% des Finlandais). Un h\u00e9ritage du pass\u00e9. Le pays a connu six si\u00e8cles de domination su\u00e9doise, avant d\u2019\u00eatre incorpor\u00e9 \u00e0 l\u2019Empire russe en 1809, puis de devenir ind\u00e9pendant en 1917.<\/p>\n<p><i>\u00ab<small class=\"fine\">\u00a0<\/small>J\u2019ai travaill\u00e9 dans les serres. Je veux maintenant trouver un emploi dans le tourisme et que mes enfants puissent avoir un avenir. Je ne compte pas partir d\u2019ici<small class=\"fine\">\u00a0<\/small>\u00bb,<\/i> raconte tout sourire Mme\u00a0Xuan Tran, venue de la baie d\u2019Along, au Vietnam. Ses deux enfants sont scolaris\u00e9s dans une \u00e9cole en bois, qui se fond dans les bouleaux. M.\u00a0Staffan Holmberg, son principal depuis 1988, a vu passer des \u00e9l\u00e8ves de nombreux pays\u00a0: Bosnie, Vietnam, Syrie, Ukraine,\u00a0(&#8230;)<\/p>\n<\/p><\/div>\n<p>Taille de l\u2019article complet\u00a0:\u00a0<span>2\u00a0461<\/span>\u00a0mots.<\/p>\n<div class=\"promo_dispo_article\">\n<h2 class=\"avantbloc\">\n\tCet article est r\u00e9serv\u00e9 aux\u00a0abonn\u00e9s<\/p>\n<\/h2>\n<div class=\"abo_inst\">\n\t<strong>Lyc\u00e9es, biblioth\u00e8ques, administrations, entreprises,<\/strong><br \/>\n\tacc\u00e9dez \u00e0 la base de donn\u00e9es en ligne de tous les articles du <i>Monde diplomatique<\/i> de 1954 \u00e0 nos\u00a0jours.<br \/>\n\t<a target=\"_blank\" id=\"pw-institutions\" class=\"suivi\" href=\"https:\/\/www.monde-diplomatique.fr\/archives\/institutions\">Retrouvez cette\u00a0offre sp\u00e9cifique<\/a>.\n<\/div>\n<\/div><\/div>\n<p><br \/>\n<br \/><a href=\"https:\/\/www.monde-diplomatique.fr\/2025\/07\/PERRIGUEUR\/68563\" target=\"_blank\"\">Source link <\/a><\/p>\n","protected":false},"excerpt":{"rendered":"<p>Offensives identitaires contre l\u2019immigration Restrictions du regroupement familial, du droit d\u2019asile, de l\u2019obtention de la nationalit\u00e9\u2026 Le gouvernement finlandais revoit son syst\u00e8me d\u2019accueil pour les r\u00e9fugi\u00e9s, les \u00e9trangers d\u00e9tenteurs d\u2019un&hellip; <\/p>\n","protected":false},"author":1,"featured_media":11163,"comment_status":"open","ping_status":"open","sticky":false,"template":"","format":"standard","meta":{"footnotes":""},"categories":[1],"tags":[],"class_list":["post-11162","post","type-post","status-publish","format-standard","has-post-thumbnail","hentry","category-non-classe"],"_links":{"self":[{"href":"https:\/\/monde25.info\/index.php\/wp-json\/wp\/v2\/posts\/11162","targetHints":{"allow":["GET"]}}],"collection":[{"href":"https:\/\/monde25.info\/index.php\/wp-json\/wp\/v2\/posts"}],"about":[{"href":"https:\/\/monde25.info\/index.php\/wp-json\/wp\/v2\/types\/post"}],"author":[{"embeddable":true,"href":"https:\/\/monde25.info\/index.php\/wp-json\/wp\/v2\/users\/1"}],"replies":[{"embeddable":true,"href":"https:\/\/monde25.info\/index.php\/wp-json\/wp\/v2\/comments?post=11162"}],"version-history":[{"count":0,"href":"https:\/\/monde25.info\/index.php\/wp-json\/wp\/v2\/posts\/11162\/revisions"}],"wp:featuredmedia":[{"embeddable":true,"href":"https:\/\/monde25.info\/index.php\/wp-json\/wp\/v2\/media\/11163"}],"wp:attachment":[{"href":"https:\/\/monde25.info\/index.php\/wp-json\/wp\/v2\/media?parent=11162"}],"wp:term":[{"taxonomy":"category","embeddable":true,"href":"https:\/\/monde25.info\/index.php\/wp-json\/wp\/v2\/categories?post=11162"},{"taxonomy":"post_tag","embeddable":true,"href":"https:\/\/monde25.info\/index.php\/wp-json\/wp\/v2\/tags?post=11162"}],"curies":[{"name":"wp","href":"https:\/\/api.w.org\/{rel}","templated":true}]}}