{"id":11165,"date":"2025-06-29T19:07:50","date_gmt":"2025-06-29T17:07:50","guid":{"rendered":"https:\/\/monde25.info\/index.php\/2025\/06\/29\/voici-la-preuve-quisrael-a-perdu-la-guerre-et-des-signes-que-le-conflit-est-sur-le-point-de-reprendre\/"},"modified":"2025-06-29T19:07:50","modified_gmt":"2025-06-29T17:07:50","slug":"voici-la-preuve-quisrael-a-perdu-la-guerre-et-des-signes-que-le-conflit-est-sur-le-point-de-reprendre","status":"publish","type":"post","link":"https:\/\/monde25.info\/index.php\/2025\/06\/29\/voici-la-preuve-quisrael-a-perdu-la-guerre-et-des-signes-que-le-conflit-est-sur-le-point-de-reprendre\/","title":{"rendered":"Voici la preuve qu\u2019Isra\u00ebl a perdu la guerre (et des signes que le conflit est sur le point de reprendre)"},"content":{"rendered":"<p> <br \/>\n<\/p>\n<div>\n<ol class=\"campaign-loop campaign-list\">\n<li id=\"campaign-455508\" class=\"post-455508 campaign type-campaign status-publish hentry campaign-has-goal campaign-has-not-achieved-goal campaign-has-end-date campaign-has-not-ended\">\n\t<a target=\"_blank\" href=\"https:\/\/reseauinternational.net\/campaigns\/campagne-de-dons-mai-2025\/\"><\/p>\n<h3>Campagne de dons \u2013 Mai-Juin 2025<\/h3>\n<p>\t\t\t<\/a><\/p>\n<p>\n\tChers amis lecteurs, Nous faisons \u00e0 nouveau appel \u00e0 vous pour une nouvelle campagne de dons. Votre soutien nous est indispensable pour continuer \u00e0 vous fournir le meilleur de l\u2019information internationale alternative. C\u2019est gr\u00e2ce \u00e0 vos dons que nous pourrons maintenir le cap pour une information plurielle et r\u00e9ellement alternative. Nous comptons sur vous.<\/p>\n<p>\n<span class=\"amount\">17 170,00\u00a0\u20ac<\/span> de l\u2019objectif de <span class=\"goal-amount\">25 000,00\u00a0\u20ac<\/span> atteint<\/p>\n<\/li>\n<\/ol>\n<p>par <strong>Mike Whitney<\/strong><\/p>\n<p>On cache au peuple am\u00e9ricain pourquoi Isra\u00ebl a accept\u00e9 un cessez-le-feu avec l\u2019Iran. Certes, Isra\u00ebl \u00e9tait rapidement \u00e0 court d\u2019intercepteurs de d\u00e9fense a\u00e9rienne (le rendant plus vuln\u00e9rable aux attaques iraniennes). Mais cette question n\u2019est que secondaire. La v\u00e9ritable raison pour laquelle ils voulaient un cessez-le-feu \u00e9tait qu\u2019ils \u00e9taient syst\u00e9matiquement pulv\u00e9ris\u00e9s et devaient arr\u00eater l\u2019h\u00e9morragie au plus vite. C\u2019est pourquoi Isra\u00ebl a \u00abjet\u00e9 l\u2019\u00e9ponge\u00bb moins de deux semaines apr\u00e8s la premi\u00e8re salve, car l\u2019Iran d\u00e9cimait une cible apr\u00e8s l\u2019autre sans fin en vue. Alors, Isra\u00ebl a capitul\u00e9.<\/p>\n<div class=\"wp-block-image\">\n<figure class=\"aligncenter size-full is-resized\"><a target=\"_blank\" href=\"https:\/\/i0.wp.com\/reseauinternational.net\/wp-content\/uploads\/2025\/06\/image-419.png?quality=100&amp;ssl=1\"><img data-recalc-dims=\"1\" decoding=\"async\" width=\"450\" height=\"704\" src=\"https:\/\/i0.wp.com\/reseauinternational.net\/wp-content\/uploads\/2025\/06\/image-419.png?resize=450%2C704&amp;quality=100&amp;ssl=1\" alt=\"\" class=\"wp-image-468001\" style=\"width:342px;height:auto\" loading=\"lazy\" srcset=\"https:\/\/i0.wp.com\/reseauinternational.net\/wp-content\/uploads\/2025\/06\/image-419.png?w=450&amp;quality=100&amp;ssl=1 450w, https:\/\/i0.wp.com\/reseauinternational.net\/wp-content\/uploads\/2025\/06\/image-419.png?resize=192%2C300&amp;quality=100&amp;ssl=1 192w\" sizes=\"auto, (max-width: 450px) 100vw, 450px\"\/><\/a><\/figure>\n<\/div>\n<p>Bien s\u00fbr, ce n\u2019est pas l\u2019histoire que nous lisons dans les m\u00e9dias occidentaux, o\u00f9 il n\u2019est fait aucune mention de la destruction massive de cibles strat\u00e9giques isra\u00e9liennes (par des missiles balistiques iraniens) ; cette information a \u00e9t\u00e9 compl\u00e8tement occult\u00e9e dans la couverture m\u00e9diatique g\u00e9n\u00e9rale. Mais c\u2019est pourquoi Isra\u00ebl a persuad\u00e9 Trump de trouver une issue diplomatique : les pertes commen\u00e7aient \u00e0 s\u2019accumuler et l\u2019Iran ne rel\u00e2chait pas ses efforts.<\/p>\n<p>Saviez-vous qu\u2019il est ill\u00e9gal de publier des vid\u00e9os ou des photos de b\u00e2timents frapp\u00e9s par des missiles iraniens en Isra\u00ebl ? Autrement dit, si vous publiez des photos de b\u00e2timents, d\u2019infrastructures ou de bases militaires en flammes, vous irez en prison. C\u2019est ainsi que le gouvernement contr\u00f4le le r\u00e9cit et convainc le public qu\u2019il est en train de gagner une guerre qu\u2019il est en train de perdre. Mais ne me croyez pas sur parole ; voici un extrait vid\u00e9o d\u2019un pr\u00e9sentateur isra\u00e9lien expliquant comment la censure gouvernementale affecte la capacit\u00e9 du public \u00e0 comprendre ce qui se passe :<\/p>\n<blockquote class=\"wp-block-quote is-layout-flow wp-block-quote-is-layout-flow\">\n<p><strong>Raviv Drucker, de CH13 :<\/strong> Il faut reconna\u00eetre qu\u2019il y a une certaine dimension iranienne dans notre fa\u00e7on de signaler les frappes de missiles de notre c\u00f4t\u00e9. Je ne parle pas de l\u2019Institut Weizmann, mais <strong>il y a eu de nombreux impacts de missiles sur des bases de Tsahal, sur des sites strat\u00e9giques, dont nous ne rendons toujours pas compte \u00e0 ce jour<\/strong>. Et il y a une raison claire \u00e0 cela, que tout le monde comprend chez nous. Mais parall\u00e8lement \u00e0 cette raison \u00e9vidente, <strong>cela a cr\u00e9\u00e9 une situation o\u00f9 les gens ne se rendent pas compte de la pr\u00e9cision des frappes iraniennes et de l\u2019ampleur des d\u00e9g\u00e2ts qu\u2019elles ont caus\u00e9s dans de nombreux endroits.<\/strong> Nous ne connaissons que l\u2019Institut Weizmann ; il y a beaucoup d\u2019endroits que nous ignorons. <a target=\"_blank\" href=\"https:\/\/twitter.com\/SuppressedNws\/status\/1938336639748624420\" target=\"_blank\" rel=\"noopener\" title=\"\">https:\/\/twitter.com\/SuppressedNws\/status\/1938336639748624420<\/a><\/p>\n<\/blockquote>\n<p><strong>Je le r\u00e9p\u00e8te : cela a cr\u00e9\u00e9 une situation dans laquelle les gens ne se rendent pas compte de la pr\u00e9cision des Iraniens et de l\u2019ampleur des d\u00e9g\u00e2ts qu\u2019ils ont caus\u00e9s dans de nombreux endroits.<\/strong><\/p>\n<p>Que pouvons-nous d\u00e9duire de cette d\u00e9claration ?<\/p>\n<p>La nouvelle g\u00e9n\u00e9ration de missiles balistiques iraniens est abondante, pr\u00e9cise et mortelle. Il faut reconna\u00eetre que le pr\u00e9sentateur semble penser que les citoyens m\u00e9ritent d\u2019\u00eatre inform\u00e9s de l\u2019existence de ces armes de pointe afin de pouvoir prendre des d\u00e9cisions \u00e9clair\u00e9es pour leur propre s\u00e9curit\u00e9. Nous partageons ce point de vue, mais nous savons aussi que les m\u00e9dias, fortement censur\u00e9s, contr\u00f4l\u00e9s par l\u2019\u00c9tat et ob\u00e9issant \u00e0 des int\u00e9r\u00eats personnels, ne changeront pas leur fa\u00e7on de diffuser l\u2019information. Apr\u00e8s tout, leur objectif n\u2019est pas d\u2019informer, mais de fa\u00e7onner l\u2019opinion publique.<\/p>\n<p>Mais nous nous \u00e9loignons du sujet. Ce que nous voulons montrer, c\u2019est <strong>qu\u2019Isra\u00ebl n\u2019a pas accept\u00e9 le cessez-le-feu parce qu\u2019il avait atteint ses objectifs strat\u00e9giques, mais parce qu\u2019il \u00e9tait sous le feu des critiques et voulait stopper l\u2019h\u00e9morragie.<\/strong> Notre jugement se fonde sur une liste restreinte d\u2019<strong>installations militaires, de renseignement, industrielles, \u00e9nerg\u00e9tiques et de recherche et d\u00e9veloppement cl\u00e9s qui ont \u00e9t\u00e9 frapp\u00e9es par des missiles balistiques \u00e0 guidage de pr\u00e9cision qui ont sem\u00e9 le chaos en Isra\u00ebl.<\/strong><\/p>\n<div class=\"wp-block-image\">\n<figure class=\"aligncenter size-full is-resized\"><a target=\"_blank\" href=\"https:\/\/i0.wp.com\/reseauinternational.net\/wp-content\/uploads\/2025\/06\/image-420.png?quality=100&amp;ssl=1\"><img data-recalc-dims=\"1\" decoding=\"async\" width=\"850\" height=\"478\" src=\"https:\/\/i0.wp.com\/reseauinternational.net\/wp-content\/uploads\/2025\/06\/image-420.png?resize=850%2C478&amp;quality=100&amp;ssl=1\" alt=\"\" class=\"wp-image-468002\" style=\"width:600px\" loading=\"lazy\" srcset=\"https:\/\/i0.wp.com\/reseauinternational.net\/wp-content\/uploads\/2025\/06\/image-420.png?w=850&amp;quality=100&amp;ssl=1 850w, https:\/\/i0.wp.com\/reseauinternational.net\/wp-content\/uploads\/2025\/06\/image-420.png?resize=300%2C169&amp;quality=100&amp;ssl=1 300w, https:\/\/i0.wp.com\/reseauinternational.net\/wp-content\/uploads\/2025\/06\/image-420.png?resize=768%2C432&amp;quality=100&amp;ssl=1 768w, https:\/\/i0.wp.com\/reseauinternational.net\/wp-content\/uploads\/2025\/06\/image-420.png?resize=320%2C180&amp;quality=100&amp;ssl=1 320w\" sizes=\"auto, (max-width: 850px) 100vw, 850px\"\/><\/a><\/figure>\n<\/div>\n<p>Rappelons que <strong>l\u2019op\u00e9ration True Promise III a lanc\u00e9 pas moins de 22 salves de missiles balistiques de pointe (dont beaucoup \u00e9taient utilis\u00e9s pour la premi\u00e8re fois) qui ont inflig\u00e9 des coups d\u00e9vastateurs \u00e0 plusieurs sites isra\u00e9liens fortement fortifi\u00e9s, consid\u00e9r\u00e9s comme \u00ables bases militaires les plus prot\u00e9g\u00e9es au monde\u00bb<\/strong>. Les missiles iraniens ont transperc\u00e9 les d\u00e9fenses isra\u00e9liennes \u00e0 chaque tir, r\u00e9duisant leurs cibles \u00e0 l\u2019\u00e9tat de m\u00e9tal tordu et de blocs de cendres bris\u00e9s. (Un expert en armement estime que seulement 5% des missiles balistiques iraniens ont \u00e9t\u00e9 intercept\u00e9s.) Extrait d\u2019un article de <em>PressTV<\/em> :<\/p>\n<p>\u00ab<strong><em>L\u2019Iran a d\u00e9truit le soi-disant \u00abPentagone isra\u00e9lien\u00bb, le complexe militaro-renseignement Kirya<\/em><\/strong><em> dans le centre de Tel-Aviv, qui appara\u00eet comme une masse incandescente sur les quelques photos publi\u00e9es sur X. Bien qu\u2019il soit l\u2019un des endroits les plus fortement fortifi\u00e9s des territoires occup\u00e9s, prot\u00e9g\u00e9 par un bouclier multicouche de syst\u00e8mes de d\u00e9fense isra\u00e9liens et am\u00e9ricains, le complexe n\u2019a pas \u00e9t\u00e9 en mesure de repousser le barrage de missiles iraniens dans les toutes premi\u00e8res phases de True Promise III. (\u2026)<\/em><\/p>\n<p><em>\u00c0 Ha\u00effa, un missile iranien \u00e0 guidage de pr\u00e9cision <strong>a frapp\u00e9 un immeuble abritant des services du minist\u00e8re isra\u00e9lien de l\u2019Int\u00e9rieur, charg\u00e9s de la coordination militaire interne<\/strong>. La frappe a perturb\u00e9 les r\u00e9seaux logistiques et les syst\u00e8mes d\u2019intervention d\u2019urgence au niveau municipal<\/em>\u00bb. \u2013 <a target=\"_blank\" href=\"https:\/\/www.presstv.ir\/Detail\/2025\/06\/25\/750144\/true-promise-iii-which-israeli-military-intel-industrial-sites-iran-target\" target=\"_blank\" rel=\"noopener\" title=\"\"><em>PressTV<\/em><\/a><\/p>\n<p><strong>Des missiles iraniens ont \u00e9galement d\u00e9truit le quartier g\u00e9n\u00e9ral du renseignement militaire Aman, situ\u00e9 \u00e0 l\u2019\u00e9changeur de Glilot Mizrah<\/strong>, pr\u00e8s d\u2019Herzliya. Aman supervise des unit\u00e9s d\u2019espionnage d\u2019\u00e9lite telles que l\u2019Unit\u00e9 8200 (renseignement \u00e9lectromagn\u00e9tique), l\u2019Unit\u00e9 504 (renseignement humain) et l\u2019Unit\u00e9 9900 (renseignement g\u00e9ospatial). Le complexe abrite \u00e9galement le quartier g\u00e9n\u00e9ral op\u00e9rationnel du Mossad, la tristement c\u00e9l\u00e8bre agence de renseignement \u00e9trang\u00e8re du r\u00e9gime isra\u00e9lien.<\/p>\n<p><strong>L\u2019Iran a \u00e9galement frapp\u00e9 la base a\u00e9rienne \u00abimprenable\u00bb de Nevatim, dans le d\u00e9sert du N\u00e9guev,<\/strong> avec plus de 30 missiles balistiques, causant d\u2019importants d\u00e9g\u00e2ts qui (bien s\u00fbr) n\u2019ont pas \u00e9t\u00e9 signal\u00e9s. Nevatim abrite la plupart des F-15 et F-35 isra\u00e9liens, bien que nous ignorions le nombre d\u2019avions d\u00e9truits. Voici d\u2019autres informations de <em>PressTV<\/em> :<\/p>\n<blockquote class=\"wp-block-quote is-layout-flow wp-block-quote-is-layout-flow\">\n<p>\u00abD\u2019autres bases a\u00e9riennes cibl\u00e9es comprenaient Tel Nof et Ben Gourion pr\u00e8s de Tel-Aviv, Ramat David pr\u00e8s de Ha\u00effa, Palmachim sur la c\u00f4te m\u00e9diterran\u00e9enne et Ovda pr\u00e8s d\u2019Eilat.<\/p>\n<p>Les missiles iraniens, y compris ceux utilis\u00e9s pour la premi\u00e8re fois, ont cibl\u00e9 <strong>les centres de commandement et de contr\u00f4le de l\u2019arm\u00e9e isra\u00e9lienne et du Mossad<\/strong> \u00e0 Tel-Aviv et \u00e0 Ha\u00effa.<\/p>\n<p>Le 16 juin, <strong>des missiles balistiques iraniens ont frapp\u00e9 la raffinerie de p\u00e9trole de Bazan \u00e0 Ha\u00effa<\/strong>, le plus grand centre de traitement de carburant du r\u00e9gime, qui fournit environ 60 pour cent de son essence, 65 pour cent de son diesel et plus de 50 pour cent de son k\u00e9ros\u00e8ne.<\/p>\n<p>Les frappes ont caus\u00e9 d\u2019importants d\u00e9g\u00e2ts, entra\u00eenant la fermeture compl\u00e8te de la raffinerie et de ses filiales. Le ministre isra\u00e9lien de l\u2019\u00c9nergie a par la suite admis que l\u2019installation n\u00e9cessiterait une reconstruction majeure, estimant qu\u2019un red\u00e9marrage partiel ne serait pas possible avant un mois.<\/p>\n<p>Une centrale \u00e9lectrique voisine a \u00e9galement \u00e9t\u00e9 endommag\u00e9e, provoquant des pannes de courant g\u00e9n\u00e9ralis\u00e9es dans les r\u00e9gions centrales des territoires occup\u00e9s.<\/p>\n<p>Le 23 juin, <strong>des missiles iraniens ont frapp\u00e9 pr\u00e8s d\u2019une centrale \u00e9lectrique \u00e0 Ashdod<\/strong>, provoquant une puissante explosion et des coupures de courant localis\u00e9es. Des explosions et des coupures de courant ont \u00e9galement \u00e9t\u00e9 signal\u00e9es pr\u00e8s de Hadera, o\u00f9 se trouve Orot Rabin, la plus grande centrale \u00e9lectrique d\u2019Isra\u00ebl.<\/p>\n<p>En outre, l\u2019Iran a directement cibl\u00e9 des sites militaro-industriels impliqu\u00e9s dans la r\u00e9cente agression isra\u00e9lienne. Parmi eux se trouvait <strong>le complexe Rafael Advanced Defense Systems, au nord de Ha\u00effa<\/strong>, qui abrite plusieurs usines et centres de recherche et d\u00e9veloppement produisant des \u00e9l\u00e9ments cl\u00e9s du mat\u00e9riel militaire isra\u00e9lien.<\/p>\n<p>Rafael fabrique les intercepteurs de missiles Iron Dome et David\u2019s Sling, qui ont tous deux \u00e9chou\u00e9 \u00e0 plusieurs reprises \u00e0 stopper les missiles palestiniens et iraniens. L\u2019entreprise produit \u00e9galement des missiles de croisi\u00e8re et des missiles guid\u00e9s utilis\u00e9s dans les frappes contre l\u2019Iran, notamment les kits Spice et les missiles Popeye, Rocks, Spike et Matador.<\/p>\n<p><strong>La zone industrielle de Kiryat Gat, un important centre de production de microprocesseurs et de haute technologie militaire, a \u00e9galement \u00e9t\u00e9 touch\u00e9e.<\/strong> Les frappes iraniennes auraient endommag\u00e9 des lignes de production essentielles aux programmes isra\u00e9liens de drones et de surveillance.<\/p>\n<p>Plus au sud, le parc de technologies avanc\u00e9es de Gav-Yam Negev, pr\u00e8s de Beersheba, qui abrite des entreprises sp\u00e9cialis\u00e9es dans la cyberguerre, l\u2019IA et les technologies militaires, n\u2019a pas \u00e9t\u00e9 \u00e9pargn\u00e9. Nombre de ces entreprises collaborent \u00e9troitement avec l\u2019arm\u00e9e isra\u00e9lienne et le Mossad.<\/p>\n<p><strong>L\u2019Institut Weizmann des Sciences de Rehovot, au sud de Tel-Aviv, a \u00e9galement \u00e9t\u00e9 une cible de premier plan. Connu pour ses activit\u00e9s de recherche et d\u00e9veloppement militaires et ses partenariats avec les agences militaires isra\u00e9liennes<\/strong>, l\u2019institut a subi des dommages consid\u00e9rables dans ses laboratoires cl\u00e9s. Ses membres et professeurs ont confirm\u00e9 la perte de plusieurs ann\u00e9es de recherche. L\u2019Institut Weizmann joue \u00e9galement un r\u00f4le dans le programme nucl\u00e9aire clandestin d\u2019Isra\u00ebl, de nombreux scientifiques nucl\u00e9aires de Dimona y ayant \u00e9t\u00e9 dipl\u00f4m\u00e9s ou y ayant enseign\u00e9\u00bb. \u2013 <em>Press TV<\/em><\/p>\n<\/blockquote>\n<p><strong>R\u00e9sumons :<\/strong> en un peu plus d\u2019une semaine, l\u2019Iran a frapp\u00e9 ou an\u00e9anti :<\/p>\n<ol class=\"wp-block-list\">\n<li>Le \u00abPentagone isra\u00e9lien\u00bb, le complexe militaro-renseignement Kirya<\/li>\n<li>L\u2019Institut Weizmann des sciences qui joue un r\u00f4le dans le programme nucl\u00e9aire clandestin d\u2019Isra\u00ebl<\/li>\n<li>Le quartier g\u00e9n\u00e9ral du renseignement militaire d\u2019Aman, situ\u00e9 \u00e0 l\u2019\u00e9changeur de Glilot Mizrah, pr\u00e8s d\u2019Herzliya, supervise des unit\u00e9s d\u2019espionnage d\u2019\u00e9lite telles que l\u2019Unit\u00e9 8200 (renseignement \u00e9lectromagn\u00e9tique), l\u2019Unit\u00e9 504 (renseignement humain) et l\u2019Unit\u00e9 9900 (renseignement g\u00e9ospatial).<\/li>\n<li>Branches du minist\u00e8re isra\u00e9lien de l\u2019Int\u00e9rieur responsables de la coordination militaire interne<\/li>\n<li>Le quartier g\u00e9n\u00e9ral op\u00e9rationnel du Mossad<\/li>\n<li>La base a\u00e9rienne de Nevatim la plus prot\u00e9g\u00e9e d\u2019Isra\u00ebl (et la base a\u00e9rienne de Tel Nof)<\/li>\n<li>L\u2019a\u00e9roport Ben Gourion (\u00e0 plusieurs reprises) ainsi que Ramat David, Palmachim et Ovda pr\u00e8s d\u2019Eilat.<\/li>\n<li>Les centres de commandement et de contr\u00f4le de l\u2019arm\u00e9e isra\u00e9lienne et du Mossad \u00e0 Tel-Aviv et \u00e0 Ha\u00effa\u2026<\/li>\n<li>La raffinerie de p\u00e9trole de Bazan \u00e0 Ha\u00effa, le plus grand centre de traitement de carburant d\u2019Isra\u00ebl<\/li>\n<li>Une centrale \u00e9lectrique g\u00e9ante \u00e0 Ashdod, d\u00e9clenchant une puissante explosion et des pannes de courant localis\u00e9es.<\/li>\n<li>Le complexe Rafael Advanced Defense Systems au nord de Ha\u00effa, qui abrite plusieurs usines et b\u00e2timents de R&amp;D qui produisent des \u00e9l\u00e9ments cl\u00e9s du mat\u00e9riel militaire isra\u00e9lien<\/li>\n<li>La zone industrielle de Kiryat Gat, un centre majeur de production de microprocesseurs et de haute technologie militaire<\/li>\n<li>Le parc de technologies avanc\u00e9es de Gav-Yam Negev, pr\u00e8s de Beersheba, qui abrite des entreprises travaillant dans la cyberguerre, l\u2019IA et la technologie militaire.<\/li>\n<\/ol>\n<div class=\"wp-block-image\">\n<figure class=\"aligncenter size-full is-resized\"><a target=\"_blank\" href=\"https:\/\/i0.wp.com\/reseauinternational.net\/wp-content\/uploads\/2025\/06\/image-422.png?quality=100&amp;ssl=1\"><img data-recalc-dims=\"1\" decoding=\"async\" width=\"600\" height=\"558\" src=\"https:\/\/i0.wp.com\/reseauinternational.net\/wp-content\/uploads\/2025\/06\/image-422.png?resize=600%2C558&amp;quality=100&amp;ssl=1\" alt=\"\" class=\"wp-image-468004\" style=\"width:418px;height:auto\" loading=\"lazy\" srcset=\"https:\/\/i0.wp.com\/reseauinternational.net\/wp-content\/uploads\/2025\/06\/image-422.png?w=600&amp;quality=100&amp;ssl=1 600w, https:\/\/i0.wp.com\/reseauinternational.net\/wp-content\/uploads\/2025\/06\/image-422.png?resize=300%2C279&amp;quality=100&amp;ssl=1 300w\" sizes=\"auto, (max-width: 600px) 100vw, 600px\"\/><\/a><\/figure>\n<\/div>\n<p class=\"has-text-align-center\"><em>Tel-Aviv au cr\u00e9puscule<\/em><\/p>\n<p>Vous voyez le tableau ? <strong>En seulement dix jours (du 13 au 23 juin), l\u2019arm\u00e9e iranienne a minutieusement d\u00e9truit une grande partie des installations militaires, de renseignement, industrielles, \u00e9nerg\u00e9tiques et de recherche et d\u00e9veloppement les plus prestigieuses d\u2019Isra\u00ebl \u00e0 travers le pays.<\/strong><\/p>\n<p>(Avez-vous entendu parler de cela dans les m\u00e9dias occidentaux ?)<\/p>\n<p>Si la guerre avait dur\u00e9 une semaine ou deux de plus, la Terre Sainte aurait \u00e9t\u00e9 r\u00e9duite \u00e0 un d\u00e9sert incendiaire du tiers-monde, impropre \u00e0 l\u2019habitation. En bref, ce n\u2019\u00e9tait pas un cessez-le-feu normal. Il s\u2019agissait d\u2019une capitulation d\u00e9sesp\u00e9r\u00e9e d\u2019un adversaire d\u00e9pass\u00e9 qui a vite compris qu\u2019il frappait \u00abau-dessus de sa cat\u00e9gorie\u00bb. Voici comment Trump a r\u00e9sum\u00e9 la situation :<\/p>\n<p>\u00ab<em>Isra\u00ebl a \u00e9t\u00e9 durement touch\u00e9. Ces missiles balistiques ont d\u00e9truit beaucoup de b\u00e2timents<\/em>\u00bb, a <a target=\"_blank\" href=\"https:\/\/twitter.com\/i\/status\/1937812706599252198\">d\u00e9clar\u00e9 Trump<\/a> aux journalistes lors du sommet de l\u2019OTAN \u00e0 La Haye mercredi.<\/p>\n<p>Oui, Isra\u00ebl a pris une vraie racl\u00e9e.<\/p>\n<p>Il convient de noter qu\u2019il <strong>n\u2019existe aucun accord formel entre l\u2019Iran et Isra\u00ebl. (Aucun document sign\u00e9 ni engagement explicite.)<\/strong> Le cessez-le-feu a \u00e9t\u00e9 n\u00e9goci\u00e9 par des voies diplomatiques d\u00e9tourn\u00e9es, principalement sous la m\u00e9diation du Qatar. Un haut responsable de la Maison-Blanche et un diplomate inform\u00e9 des n\u00e9gociations ont indiqu\u00e9 qu\u2019Isra\u00ebl <strong>acceptait de cesser ses frappes si l\u2019Iran cessait ses attaques,<\/strong> et l\u2019Iran a confirm\u00e9 son respect de ces conditions gr\u00e2ce \u00e0 la m\u00e9diation du Qatar. Trump a annonc\u00e9 le cessez-le-feu comme un \u00abcessez-le-feu complet et total\u00bb devant \u00eatre mis en place progressivement sur 24 heures, malgr\u00e9 de nombreuses violations de la part des deux parties depuis la conclusion de l\u2019accord initial le 23 juin. (Le ministre iranien des Affaires \u00e9trang\u00e8res, Abbas Araghchi, a initialement d\u00e9clar\u00e9 qu\u2019il n\u2019y avait \u00abaucun accord\u00bb, mais a indiqu\u00e9 que l\u2019Iran cesserait sa riposte si Isra\u00ebl respectait sa part du march\u00e9.)<\/p>\n<p>Le probl\u00e8me, bien s\u00fbr, c\u2019est que le cessez-le-feu ne tiendra pas, car <strong>Isra\u00ebl et les \u00c9tats-Unis y voient simplement un moyen de gagner du temps pour se regrouper et se pr\u00e9parer \u00e0 la prochaine vague d\u2019hostilit\u00e9s.<\/strong> (Comme \u00e0 Minsk.) Prenons les propos suivants du ministre isra\u00e9lien de la D\u00e9fense, Isra\u00ebl Katz, qui a d\u00e9clar\u00e9 samedi :<\/p>\n<p>\u00ab<em>DERNI\u00c8RE MINUTE : Le ministre isra\u00e9lien de la D\u00e9fense, Isra\u00ebl Katz, d\u00e9clare qu\u2019Isra\u00ebl ne respectera pas le cessez-le-feu avec l\u2019Iran : \u00abJ\u2019ai demand\u00e9 \u00e0 l\u2019arm\u00e9e isra\u00e9lienne de pr\u00e9parer une strat\u00e9gie d\u2019application de la loi contre l\u2019Iran qui comprend :<\/em><\/p>\n<p><em>\u2022\u00a0le maintien de la sup\u00e9riorit\u00e9 a\u00e9rienne d\u2019Isra\u00ebl ;<\/em><\/p>\n<p><em>\u2022\u00a0la pr\u00e9vention de l\u2019avanc\u00e9e des programmes nucl\u00e9aire et balistique iraniens ;<\/em><\/p>\n<p><em>\u2022\u00a0la r\u00e9ponse au soutien iranien aux activit\u00e9s terroristes contre Isra\u00ebl.<\/em><\/p>\n<p><em>Nous agirons avec constance pour contrer de telles menaces.<\/em><\/p>\n<p><em>Je conseille au chef de l\u2019\u00c9tat de T\u00e9h\u00e9ran de comprendre et de se m\u00e9fier : l\u2019op\u00e9ration \u00abAvec la force d\u2019un lion\u00bb n\u2019\u00e9tait que l\u2019avant-premi\u00e8re d\u2019une nouvelle politique isra\u00e9lienne : depuis le 7\u00a0octobre, l\u2019immunit\u00e9 est termin\u00e9e<\/em>\u00bb.<\/p>\n<p>On ne dirait pas qu\u2019il recherche une \u00abpaix durable\u00bb, ni m\u00eame une fin temporaire des combats. On dirait plut\u00f4t quelqu\u2019un qui a d\u00e9j\u00e0 d\u00e9fini une strat\u00e9gie pour reprendre les hostilit\u00e9s et qui attend simplement le feu vert (de Bibi) pour la mettre \u00e0 ex\u00e9cution.<\/p>\n<p>Mais quel pourrait \u00eatre ce plan ? Apr\u00e8s tout, Isra\u00ebl utilisait d\u00e9j\u00e0 son armement militaire de pointe et ses syst\u00e8mes de d\u00e9fense a\u00e9rienne avanc\u00e9s. De quels autres outils dispose-t-il pour produire un r\u00e9sultat diff\u00e9rent de celui qu\u2019il vient de conna\u00eetre apr\u00e8s seulement douze jours de conflit ?<\/p>\n<p>C\u2019est l\u00e0 que la situation devient inqui\u00e9tante, car <strong>Isra\u00ebl n\u2019a que deux options : soit entra\u00eener les \u00c9tats-Unis plus profond\u00e9ment dans le conflit (y compris par le d\u00e9ploiement de forces terrestres), soit se doter du nucl\u00e9aire. Il n\u2019y a pas de troisi\u00e8me option<\/strong>. Ainsi, quel que soit le plan de Bibi et de ses g\u00e9n\u00e9raux, il sera d\u2019une force et d\u2019une ampleur diff\u00e9rentes de celles observ\u00e9es lors du dernier accrochage. Lisez ce texte d\u00e9concertant de l\u2019\u00e9dition du samedi du <em>Times of Israel <\/em>:<\/p>\n<p>\u00ab<em>Apr\u00e8s la frappe am\u00e9ricaine contre l\u2019Iran plus t\u00f4t cette semaine, <strong>le Premier ministre Benjamin Netanyahou et le pr\u00e9sident am\u00e9ricain Donald Trump ont convenu d\u2019une fin rapide de la guerre \u00e0 Gaza et d\u2019une extension des accords d\u2019Abraham,<\/strong> rapporte Israel Hayom, citant \u00abune source famili\u00e8re avec la conversation\u00bb.<\/em><\/p>\n<p><em>Selon le m\u00e9dia, <strong>Trump et Netanyahou ont convenu lors d\u2019un entretien t\u00e9l\u00e9phonique que la guerre \u00e0 Gaza prendrait fin dans les deux semaines. Quatre \u00c9tats arabes, dont les \u00c9mirats arabes unis et l\u2019\u00c9gypte, gouverneraient conjointement la bande de Gaza<\/strong> \u00e0 la place du Hamas. Les dirigeants du groupe terroriste seraient exil\u00e9s et tous les otages seraient lib\u00e9r\u00e9s.<\/em><\/p>\n<p><em>Cependant, les alli\u00e9s arabes ont affirm\u00e9 \u00e0 plusieurs reprises qu\u2019ils ne participeraient pas \u00e0 la r\u00e9habilitation d\u2019apr\u00e8s-guerre de Gaza sans l\u2019accord d\u2019Isra\u00ebl pour que l\u2019Autorit\u00e9 palestinienne (AP) prenne pied \u00e0 Gaza dans le cadre d\u2019une future solution \u00e0 deux \u00c9tats, mais Netanyahou a cat\u00e9goriquement rejet\u00e9 tout r\u00f4le de l\u2019AP dans la bande de Gaza. (\u2026)<\/em><\/p>\n<p><em>Trump et Netanyahou ont \u00e9t\u00e9 rejoints lors de cet appel \u00abeuphorique\u00bb lundi soir par le secr\u00e9taire d\u2019\u00c9tat am\u00e9ricain Marco Rubio et le ministre isra\u00e9lien des Affaires strat\u00e9giques Ron Dermer, selon Israel Hayom. L\u2019Arabie saoudite et la Syrie \u00e9tabliraient des relations diplomatiques avec Isra\u00ebl, et d\u2019autres pays arabes et musulmans suivraient leur exemple. <strong>Isra\u00ebl, pour sa part, exprimerait son soutien \u00e0 une future solution \u00e0 deux \u00c9tats, sous r\u00e9serve de r\u00e9formes de l\u2019Autorit\u00e9 palestinienne.<\/strong> Parall\u00e8lement, les dirigeants ont convenu que Washington reconna\u00eetrait la souverainet\u00e9 isra\u00e9lienne sur certaines parties de la Cisjordanie<\/em>\u00bb. \u2013 <a target=\"_blank\" href=\"https:\/\/www.timesofisrael.com\/liveblog_entry\/report-netanyahu-agreed-to-end-gaza-war-within-two-weeks-after-us-strike-on-iran\/\"><em>Times of Israel<\/em><\/a><\/p>\n<p>Ceux qui suivent de pr\u00e8s les \u00e9v\u00e9nements au Moyen-Orient savent que <strong>rien dans cet article n\u2019est vrai.<\/strong> La guerre \u00e0 Gaza ne conna\u00eetra pas de fin rapide, les accords d\u2019Abraham ne seront pas \u00e9tendus rapidement et Isra\u00ebl ne soutiendra certainement pas la solution \u00e0 deux \u00c9tats.<\/p>\n<p>Alors, que se passe-t-il ici, quel est l\u2019int\u00e9r\u00eat de cette propagande absurde \u00e0 laquelle personne de sens\u00e9 ne va croire ?<\/p>\n<div class=\"wp-block-image\">\n<figure class=\"aligncenter size-full is-resized\"><a target=\"_blank\" href=\"https:\/\/i0.wp.com\/reseauinternational.net\/wp-content\/uploads\/2025\/06\/image-423.png?quality=100&amp;ssl=1\"><img data-recalc-dims=\"1\" decoding=\"async\" width=\"900\" height=\"630\" src=\"https:\/\/i0.wp.com\/reseauinternational.net\/wp-content\/uploads\/2025\/06\/image-423.png?resize=900%2C630&amp;quality=100&amp;ssl=1\" alt=\"\" class=\"wp-image-468005\" style=\"width:442px;height:auto\" loading=\"lazy\" srcset=\"https:\/\/i0.wp.com\/reseauinternational.net\/wp-content\/uploads\/2025\/06\/image-423.png?w=900&amp;quality=100&amp;ssl=1 900w, https:\/\/i0.wp.com\/reseauinternational.net\/wp-content\/uploads\/2025\/06\/image-423.png?resize=300%2C210&amp;quality=100&amp;ssl=1 300w, https:\/\/i0.wp.com\/reseauinternational.net\/wp-content\/uploads\/2025\/06\/image-423.png?resize=768%2C538&amp;quality=100&amp;ssl=1 768w, https:\/\/i0.wp.com\/reseauinternational.net\/wp-content\/uploads\/2025\/06\/image-423.png?resize=90%2C63&amp;quality=100&amp;ssl=1 90w, https:\/\/i0.wp.com\/reseauinternational.net\/wp-content\/uploads\/2025\/06\/image-423.png?resize=320%2C225&amp;quality=100&amp;ssl=1 320w\" sizes=\"auto, (max-width: 900px) 100vw, 900px\"\/><\/a><\/figure>\n<\/div>\n<p>R\u00e9pondons \u00e0 cette question par une hypoth\u00e8se : <strong>imaginons qu\u2019une catastrophe inattendue, du type du 11\u00a0septembre, se produise dans les prochaines semaines, avec l\u2019empreinte iranienne<\/strong>. Et imaginons que cette op\u00e9ration sous fausse banni\u00e8re soit suffisamment destructrice pour que les \u00absuspects habituels\u00bb du Capitole et les m\u00e9dias grand public exigent de Trump qu\u2019il agisse imm\u00e9diatement et bombarde l\u2019Iran. Si ce sc\u00e9nario devait se produire, ne serait-il pas pr\u00e9f\u00e9rable pour Bibi et Trump de pouvoir mettre en avant leurs r\u00e9cents efforts pour r\u00e9soudre la crise de Gaza ? Ne b\u00e9n\u00e9ficieraient-ils pas de la perception (par l\u2019opinion publique) qu\u2019ils avaient activement cherch\u00e9 la paix, mais qu\u2019ils avaient \u00e9t\u00e9 contre toute attente contrecarr\u00e9s par les actions de l\u2019Iran ?<\/p>\n<p>En effet, ils le feraient.<\/p>\n<p>Bien s\u00fbr, tout cela n\u2019est que sp\u00e9culation ; j\u2019ignore ce qui va se passer. Mais quand des partisans de la ligne dure comme Katz, le ministre de la S\u00e9curit\u00e9 nationale Itamar Ben-Gvir, le ministre des Finances Bezalel Smotrich et d\u2019innombrables autres au sein du gouvernement loufoque de Netanyahou croient qu\u2019Isra\u00ebl doit \u00abgarder l\u2019\u00e9p\u00e9e lev\u00e9e\u00bb pour emp\u00eacher l\u2019Iran de recouvrer ses capacit\u00e9s militaires (Smotrich), alors une personne prudente se pr\u00e9parera au pire.<\/p>\n<p>Il faut garder \u00e0 l\u2019esprit qu\u2019un <strong>certain nombre de dirigeants isra\u00e9liens ont d\u00e9clar\u00e9 \u00e0 plusieurs reprises que Netanyahou devrait \u00abfinir le travail\u00bb, un terme intentionnellement vague qui fait r\u00e9f\u00e9rence \u00e0 l\u2019utilisation d\u2019une arme nucl\u00e9aire.<\/strong><\/p>\n<p>Afin de d\u00e9terminer la probabilit\u00e9 d\u2019un tel \u00e9v\u00e9nement, nous devons nous demander si un gouvernement qui justifie le meurtre et la famine forc\u00e9e de millions de femmes et d\u2019enfants dont il a la charge, a les scrupules moraux de s\u2019opposer \u00e0 l\u2019utilisation de l\u2019arme la plus meurtri\u00e8re du monde ?<\/p>\n<p>Nous devrions tous \u00eatre tr\u00e8s inquiets du fait que Netanyahou va faire exactement ce que nous attendons de lui.<\/p>\n<p>source : <a target=\"_blank\" href=\"https:\/\/www.unz.com\/mwhitney\/heres-proof-that-israel-lost-the-war\/\">The Unz Review<\/a> via <a target=\"_blank\" href=\"https:\/\/numidia-liberum.blogspot.com\/2025\/06\/voici-la-preuve-quisrael-perdu-la.html\">La Cause du Peuple<\/a><\/p>\n<div class=\"sharedaddy sd-block sd-like jetpack-likes-widget-wrapper jetpack-likes-widget-unloaded\" id=\"like-post-wrapper-237719536-467993-68617dab3b0ca\" data-src=\"https:\/\/widgets.wp.com\/likes\/?ver=14.6#blog_id=237719536&amp;post_id=467993&amp;origin=reseauinternational.net&amp;obj_id=237719536-467993-68617dab3b0ca\" data-name=\"like-post-frame-237719536-467993-68617dab3b0ca\" data-title=\"Aimer ou rebloguer\">\n<h3 class=\"sd-title\">J\u2019aime \u00e7a\u00a0:<\/h3>\n<p><span class=\"button\"><span>J\u2019aime<\/span><\/span> <span class=\"loading\">chargement\u2026<\/span><\/p>\n<p><span class=\"sd-text-color\"\/><a target=\"_blank\" class=\"sd-link-color\"\/><\/div>\n<p><meta itemscope=\"\" itemprop=\"mainEntityOfPage\" itemtype=\"https:\/\/schema.org\/WebPage\" itemid=\"https:\/\/reseauinternational.net\/voici-la-preuve-quisrael-a-perdu-la-guerre-et-des-signes-que-le-conflit-est-sur-le-point-de-reprendre\/\"\/><meta itemprop=\"headline\" content=\"Voici la preuve qu\u2019Isra\u00ebl a perdu la guerre (et des signes que le conflit est sur le point de reprendre)\"\/><span style=\"display: none;\" itemprop=\"author\" itemscope=\"\" itemtype=\"https:\/\/schema.org\/Person\"><meta itemprop=\"name\" content=\"R\u00e9seau International\"\/><\/span><span style=\"display: none;\" itemprop=\"image\" itemscope=\"\" itemtype=\"https:\/\/schema.org\/ImageObject\"><meta itemprop=\"url\" content=\"https:\/\/i0.wp.com\/reseauinternational.net\/wp-content\/uploads\/2025\/06\/Sans-titre-25-14.png?fit=800%2C467&amp;quality=100&amp;ssl=1\"\/><meta itemprop=\"width\" content=\"800\"\/><meta itemprop=\"height\" content=\"467\"\/><\/span><span style=\"display: none;\" itemprop=\"publisher\" itemscope=\"\" itemtype=\"https:\/\/schema.org\/Organization\"><span style=\"display: none;\" itemprop=\"logo\" itemscope=\"\" itemtype=\"https:\/\/schema.org\/ImageObject\"><meta itemprop=\"url\" content=\"https:\/\/reseauinternational.net\/wp-content\/uploads\/2022\/06\/Capture-de\u0301cran-2022-06-14-a\u0300-16.51.07.png\"\/><\/span><meta itemprop=\"name\" content=\"R\u00e9seau International\"\/><\/span><meta itemprop=\"datePublished\" content=\"2025-06-29T13:58:04+00:00\"\/><meta itemprop=\"dateModified\" content=\"2025-06-29T13:58:58+00:00\"\/><\/div>\n<p><script async src=\"\/\/platform.twitter.com\/widgets.js\" charset=\"utf-8\"><\/script><br \/>\n<br \/><br \/>\n<br \/><a href=\"https:\/\/reseauinternational.net\/voici-la-preuve-quisrael-a-perdu-la-guerre-et-des-signes-que-le-conflit-est-sur-le-point-de-reprendre\/\" target=\"_blank\"\">Source link <\/a><\/p>\n","protected":false},"excerpt":{"rendered":"<p>Campagne de dons \u2013 Mai-Juin 2025 Chers amis lecteurs, Nous faisons \u00e0 nouveau appel \u00e0 vous pour une nouvelle campagne de dons. Votre soutien nous est indispensable pour continuer \u00e0&hellip; <\/p>\n","protected":false},"author":1,"featured_media":11166,"comment_status":"open","ping_status":"open","sticky":false,"template":"","format":"standard","meta":{"footnotes":""},"categories":[1],"tags":[],"class_list":["post-11165","post","type-post","status-publish","format-standard","has-post-thumbnail","hentry","category-non-classe"],"_links":{"self":[{"href":"https:\/\/monde25.info\/index.php\/wp-json\/wp\/v2\/posts\/11165","targetHints":{"allow":["GET"]}}],"collection":[{"href":"https:\/\/monde25.info\/index.php\/wp-json\/wp\/v2\/posts"}],"about":[{"href":"https:\/\/monde25.info\/index.php\/wp-json\/wp\/v2\/types\/post"}],"author":[{"embeddable":true,"href":"https:\/\/monde25.info\/index.php\/wp-json\/wp\/v2\/users\/1"}],"replies":[{"embeddable":true,"href":"https:\/\/monde25.info\/index.php\/wp-json\/wp\/v2\/comments?post=11165"}],"version-history":[{"count":0,"href":"https:\/\/monde25.info\/index.php\/wp-json\/wp\/v2\/posts\/11165\/revisions"}],"wp:featuredmedia":[{"embeddable":true,"href":"https:\/\/monde25.info\/index.php\/wp-json\/wp\/v2\/media\/11166"}],"wp:attachment":[{"href":"https:\/\/monde25.info\/index.php\/wp-json\/wp\/v2\/media?parent=11165"}],"wp:term":[{"taxonomy":"category","embeddable":true,"href":"https:\/\/monde25.info\/index.php\/wp-json\/wp\/v2\/categories?post=11165"},{"taxonomy":"post_tag","embeddable":true,"href":"https:\/\/monde25.info\/index.php\/wp-json\/wp\/v2\/tags?post=11165"}],"curies":[{"name":"wp","href":"https:\/\/api.w.org\/{rel}","templated":true}]}}