{"id":1118,"date":"2024-11-28T23:42:31","date_gmt":"2024-11-28T22:42:31","guid":{"rendered":"https:\/\/monde25.info\/index.php\/2024\/11\/28\/roumanie-la-cour-constitutionnelle-ordonne-un-recomptage-du-premier-tour-de-la-presidentielle\/"},"modified":"2024-11-28T23:42:31","modified_gmt":"2024-11-28T22:42:31","slug":"roumanie-la-cour-constitutionnelle-ordonne-un-recomptage-du-premier-tour-de-la-presidentielle","status":"publish","type":"post","link":"https:\/\/monde25.info\/index.php\/2024\/11\/28\/roumanie-la-cour-constitutionnelle-ordonne-un-recomptage-du-premier-tour-de-la-presidentielle\/","title":{"rendered":"Roumanie: la Cour constitutionnelle ordonne un recomptage du premier tour de la pr\u00e9sidentielle"},"content":{"rendered":"<p> <br \/>\n<\/p>\n<div>\n<p><span data-contrast=\"none\">La Cour constitutionnelle roumaine a ordonn\u00e9 jeudi un recomptage des voix du premier tour de la pr\u00e9sidentielle, apr\u00e8s la qualification surprise dimanche d&rsquo;un candidat d&rsquo;extr\u00eame droite pro-russe et l&rsquo;\u00e9limination du Premier ministre.<\/span><span data-ccp-props=\"{&quot;134233117&quot;:false,&quot;134233118&quot;:false,&quot;335559738&quot;:300,&quot;335559739&quot;:180}\">\u00a0<\/span><\/p>\n<p><span data-contrast=\"none\">La juridiction, saisie d&rsquo;une demande d&rsquo;annulation du scrutin par un autre candidat, \u00ab\u00a0a ordonn\u00e9 \u00e0 l&rsquo;unanimit\u00e9 la v\u00e9rification et le recomptage de tous les bulletins de vote\u00a0\u00bb, selon un communiqu\u00e9.<\/span><span data-ccp-props=\"{&quot;134233117&quot;:false,&quot;134233118&quot;:false,&quot;335559738&quot;:300,&quot;335559739&quot;:180}\">\u00a0<\/span><\/p>\n<p><span data-contrast=\"none\">La Cour doit se r\u00e9unir de nouveau vendredi \u00e0 14H00 (12H00 GMT).<\/span><span data-ccp-props=\"{&quot;134233117&quot;:false,&quot;134233118&quot;:false,&quot;335559738&quot;:300,&quot;335559739&quot;:180}\">\u00a0<\/span><\/p>\n<p><span data-contrast=\"none\">Cristian Terhes, d\u00e9put\u00e9 europ\u00e9en d&rsquo;extr\u00eame droite arriv\u00e9e en neuvi\u00e8me position lors du scrutin dimanche, accuse un des partis d&rsquo;avoir continu\u00e9 \u00e0 faire campagne en ligne apr\u00e8s le d\u00e9lai autoris\u00e9.<\/span><span data-ccp-props=\"{&quot;134233117&quot;:false,&quot;134233118&quot;:false,&quot;335559738&quot;:300,&quot;335559739&quot;:180}\">\u00a0<\/span><\/p>\n<p><span data-contrast=\"none\">Il estime que cela a pu favoriser Elena Lasconi, maire centriste d&rsquo;une petite ville, arriv\u00e9 en deuxi\u00e8me position, juste devant le Premier ministre Marcel Ciolacu qui s&rsquo;est retrouv\u00e9 \u00e9cart\u00e9 de la course alors qu&rsquo;il faisait figure de favori.<\/span><span data-ccp-props=\"{&quot;134233117&quot;:false,&quot;134233118&quot;:false,&quot;335559738&quot;:300,&quot;335559739&quot;:180}\">\u00a0<\/span><\/p>\n<p><span data-contrast=\"none\">La Cour constitutionnelle a par ailleurs rejet\u00e9 un autre recours, re\u00e7u \u00ab\u00a0tardivement\u00a0\u00bb, qui d\u00e9non\u00e7ait le financement opaque de la campagne de Calin Georgescu, arriv\u00e9 contre toute attente en t\u00eate du premier tour.<\/span><span data-ccp-props=\"{&quot;134233117&quot;:false,&quot;134233118&quot;:false,&quot;335559738&quot;:300,&quot;335559739&quot;:180}\">\u00a0<\/span><\/p>\n<p><span data-contrast=\"none\">Cet ancien haut fonctionnaire roumain, admirateur du pr\u00e9sident russe Vladimir Poutine et oppos\u00e9 \u00e0 l&rsquo;aide \u00e0 l&rsquo;Ukraine a su convaincre avec une campagne sur TikTok devenue virale, qui suscite l&rsquo;interrogation des autorit\u00e9s roumaines.<\/span><span data-ccp-props=\"{&quot;134233117&quot;:false,&quot;134233118&quot;:false,&quot;335559738&quot;:300,&quot;335559739&quot;:180}\">\u00a0<\/span><\/p>\n<p><span data-contrast=\"none\">Ces r\u00e9sultats ont provoqu\u00e9 une onde de choc dans le pays d&rsquo;Europe orientale de 19 millions d&rsquo;habitants. Voisin de l&rsquo;Ukraine, ce membre de l&rsquo;UE et de l&rsquo;Otan avait jusqu&rsquo;ici r\u00e9sist\u00e9 aux positions nationalistes, se d\u00e9marquant de la Hongrie ou de la Slovaquie.<\/span><span data-ccp-props=\"{&quot;134233117&quot;:false,&quot;134233118&quot;:false,&quot;335559738&quot;:300,&quot;335559739&quot;:180}\">\u00a0<\/span><\/p>\n<p><span data-contrast=\"none\">Le second tour de l&rsquo;\u00e9lection pr\u00e9sidentielle est pr\u00e9vu le 8 d\u00e9cembre, apr\u00e8s les \u00e9lections l\u00e9gislatives dimanche 1er.<\/span><span data-ccp-props=\"{&quot;134233117&quot;:false,&quot;134233118&quot;:false,&quot;335559738&quot;:300,&quot;335559739&quot;:180}\">\u00a0<\/span><\/p>\n<p><span data-ccp-props=\"{}\">\u00a0<\/span><\/p>\n<\/div>\n<p><script>(function(d, s, id) {  var js, fjs = d.getElementsByTagName(s)[0];  if (d.getElementById(id)) return;  js = d.createElement(s); js.id = id;  js.src = \"\/\/connect.facebook.net\/fr_FR\/sdk.js#xfbml=1&version=v2.3\";  fjs.parentNode.insertBefore(js, fjs);}(document, \"script\", \"facebook-jssdk\"));<\/script><br \/>\n<br \/><br \/>\n<br \/><a href=\"https:\/\/www.francesoir.fr\/politique-monde\/roumanie-la-cour-constitutionnelle-ordonne-un-recomptage-du-premier-tour-de-la\" target=\"_blank\"\">Source link <\/a><\/p>\n","protected":false},"excerpt":{"rendered":"<p>La Cour constitutionnelle roumaine a ordonn\u00e9 jeudi un recomptage des voix du premier tour de la pr\u00e9sidentielle, apr\u00e8s la qualification surprise dimanche d&rsquo;un candidat d&rsquo;extr\u00eame droite pro-russe et l&rsquo;\u00e9limination du&hellip; <\/p>\n","protected":false},"author":1,"featured_media":1119,"comment_status":"open","ping_status":"open","sticky":false,"template":"","format":"standard","meta":{"footnotes":""},"categories":[1],"tags":[],"class_list":["post-1118","post","type-post","status-publish","format-standard","has-post-thumbnail","hentry","category-non-classe"],"_links":{"self":[{"href":"https:\/\/monde25.info\/index.php\/wp-json\/wp\/v2\/posts\/1118","targetHints":{"allow":["GET"]}}],"collection":[{"href":"https:\/\/monde25.info\/index.php\/wp-json\/wp\/v2\/posts"}],"about":[{"href":"https:\/\/monde25.info\/index.php\/wp-json\/wp\/v2\/types\/post"}],"author":[{"embeddable":true,"href":"https:\/\/monde25.info\/index.php\/wp-json\/wp\/v2\/users\/1"}],"replies":[{"embeddable":true,"href":"https:\/\/monde25.info\/index.php\/wp-json\/wp\/v2\/comments?post=1118"}],"version-history":[{"count":0,"href":"https:\/\/monde25.info\/index.php\/wp-json\/wp\/v2\/posts\/1118\/revisions"}],"wp:featuredmedia":[{"embeddable":true,"href":"https:\/\/monde25.info\/index.php\/wp-json\/wp\/v2\/media\/1119"}],"wp:attachment":[{"href":"https:\/\/monde25.info\/index.php\/wp-json\/wp\/v2\/media?parent=1118"}],"wp:term":[{"taxonomy":"category","embeddable":true,"href":"https:\/\/monde25.info\/index.php\/wp-json\/wp\/v2\/categories?post=1118"},{"taxonomy":"post_tag","embeddable":true,"href":"https:\/\/monde25.info\/index.php\/wp-json\/wp\/v2\/tags?post=1118"}],"curies":[{"name":"wp","href":"https:\/\/api.w.org\/{rel}","templated":true}]}}