{"id":11181,"date":"2025-06-30T00:37:57","date_gmt":"2025-06-29T22:37:57","guid":{"rendered":"https:\/\/monde25.info\/index.php\/2025\/06\/30\/la-france-prete-a-faire-reculer-lue-sur-ses-objectifs-de-neutralite-carbone\/"},"modified":"2025-06-30T00:37:57","modified_gmt":"2025-06-29T22:37:57","slug":"la-france-prete-a-faire-reculer-lue-sur-ses-objectifs-de-neutralite-carbone","status":"publish","type":"post","link":"https:\/\/monde25.info\/index.php\/2025\/06\/30\/la-france-prete-a-faire-reculer-lue-sur-ses-objectifs-de-neutralite-carbone\/","title":{"rendered":"La France pr\u00eate \u00e0 faire reculer l&#039;UE sur ses objectifs de neutralit\u00e9 carbone"},"content":{"rendered":"<p> <br \/>\n<br \/><img loading=\"lazy\" decoding=\"async\" src=\"https:\/\/reporterre.net\/local\/cache-vignettes\/L700xH467\/bruxelles_-_commission_europeenne_berlaymont__23191436909_1_-a08fc.jpg?1750933040\" class=\"spip_logo\" width=\"700\" height=\"467\" alt=\"\" \/><\/p>\n<p>La France s&rsquo;appr\u00eate \u00e0 relancer un d\u00e9bat strat\u00e9gique sur l&rsquo;avenir climatique de l&rsquo;Union europ\u00e9enne, jeudi 26\u00a0juin \u00e0 l&rsquo;ouverture du Conseil europ\u00e9en \u00e0 Bruxelles. Selon Le Monde et Contexte (via sa newsletter), Emmanuel Macron entend profiter du d\u00eener consacr\u00e9 \u00e0 la comp\u00e9titivit\u00e9 pour soulever un sujet pourtant absent de l&rsquo;agenda officiel\u00a0: l&rsquo;objectif de r\u00e9duction de 90<small class=\"fine d-inline\">\u00a0<\/small>% des \u00e9missions de gaz \u00e0 effet de serre d&rsquo;ici 2040, propos\u00e9 par la Commission europ\u00e9enne. Une \u00e9tape cl\u00e9 vers la neutralit\u00e9\u00a0(\u2026)<\/p>\n<p>                    <a target=\"_blank\" href=\"https:\/\/reporterre.net\/La-France-prete-a-faire-reculer-l-UE-sur-ses-objectifs-de-neutralite-carbone?utm_source=RSS&amp;utm_medium=RSS\">Lire la suite<\/a><\/p>\n<p>                    &#8211;<br \/>\n                        <a target=\"_blank\" href=\"https:\/\/reporterre.net\/Breves-20\" rel=\"directory\">En bref<\/a><\/p>\n<p>                    \/<br \/>\n                        <a target=\"_blank\" href=\"https:\/\/reporterre.net\/Climat-18\" rel=\"tag\">Climat <\/a><br \/>\n                    ,<br \/>\n                        <a target=\"_blank\" href=\"https:\/\/reporterre.net\/Europe\" rel=\"tag\">Europe<\/a><br \/>\n<br \/><br \/>\n<br \/><a href=\"https:\/\/reporterre.net\/La-France-prete-a-faire-reculer-l-UE-sur-ses-objectifs-de-neutralite-carbone\" target=\"_blank\"\">Source link <\/a><\/p>\n","protected":false},"excerpt":{"rendered":"<p>La France s&rsquo;appr\u00eate \u00e0 relancer un d\u00e9bat strat\u00e9gique sur l&rsquo;avenir climatique de l&rsquo;Union europ\u00e9enne, jeudi 26\u00a0juin \u00e0 l&rsquo;ouverture du Conseil europ\u00e9en \u00e0 Bruxelles. Selon Le Monde et Contexte (via sa&hellip; <\/p>\n","protected":false},"author":1,"featured_media":0,"comment_status":"open","ping_status":"open","sticky":false,"template":"","format":"standard","meta":{"footnotes":""},"categories":[1],"tags":[],"class_list":["post-11181","post","type-post","status-publish","format-standard","hentry","category-non-classe"],"_links":{"self":[{"href":"https:\/\/monde25.info\/index.php\/wp-json\/wp\/v2\/posts\/11181","targetHints":{"allow":["GET"]}}],"collection":[{"href":"https:\/\/monde25.info\/index.php\/wp-json\/wp\/v2\/posts"}],"about":[{"href":"https:\/\/monde25.info\/index.php\/wp-json\/wp\/v2\/types\/post"}],"author":[{"embeddable":true,"href":"https:\/\/monde25.info\/index.php\/wp-json\/wp\/v2\/users\/1"}],"replies":[{"embeddable":true,"href":"https:\/\/monde25.info\/index.php\/wp-json\/wp\/v2\/comments?post=11181"}],"version-history":[{"count":0,"href":"https:\/\/monde25.info\/index.php\/wp-json\/wp\/v2\/posts\/11181\/revisions"}],"wp:attachment":[{"href":"https:\/\/monde25.info\/index.php\/wp-json\/wp\/v2\/media?parent=11181"}],"wp:term":[{"taxonomy":"category","embeddable":true,"href":"https:\/\/monde25.info\/index.php\/wp-json\/wp\/v2\/categories?post=11181"},{"taxonomy":"post_tag","embeddable":true,"href":"https:\/\/monde25.info\/index.php\/wp-json\/wp\/v2\/tags?post=11181"}],"curies":[{"name":"wp","href":"https:\/\/api.w.org\/{rel}","templated":true}]}}