{"id":11192,"date":"2025-06-30T05:36:35","date_gmt":"2025-06-30T03:36:35","guid":{"rendered":"https:\/\/monde25.info\/index.php\/2025\/06\/30\/les-orages-ont-fait-deux-morts-en-france\/"},"modified":"2025-06-30T05:36:35","modified_gmt":"2025-06-30T03:36:35","slug":"les-orages-ont-fait-deux-morts-en-france","status":"publish","type":"post","link":"https:\/\/monde25.info\/index.php\/2025\/06\/30\/les-orages-ont-fait-deux-morts-en-france\/","title":{"rendered":"Les orages ont fait deux morts en France"},"content":{"rendered":"<p> <br \/>\n<br \/><img loading=\"lazy\" decoding=\"async\" src=\"https:\/\/reporterre.net\/local\/cache-vignettes\/L700xH467\/afp__20250625__63tm6pf__v1__highres__franceweatherstorm_1_-47c45.jpg?1750929710\" class=\"spip_logo\" width=\"700\" height=\"467\" alt=\"\" \/><\/p>\n<p>Un enfant de 12 ans \u2014 en qu\u00eate de fra\u00eecheur sur les rives de l&rsquo;Aveyron \u2014 est mort, \u00e9cras\u00e9 par un arbre dans le Tarn-et-Garonne, mercredi 25\u00a0juin. Cinq cents kilom\u00e8tres au nord, en Mayenne, un homme de 59\u00a0ans a mortellement percut\u00e9 avec son v\u00e9hicule un arbre fra\u00eechement d\u00e9racin\u00e9. \u00c0 l&rsquo;origine de ces deux drames, une violente temp\u00eate ayant frapp\u00e9 tout l&rsquo;Hexagone. <br class=\"autobr\" \/><br \/>\nPlus de 40 000 \u00e9clairs ont \u00e9t\u00e9 recens\u00e9s sur la seule journ\u00e9e du 25\u00a0juin. Le vent, lui aussi, s&rsquo;est d\u00e9cha\u00een\u00e9, avec des rafales\u00a0(\u2026)<\/p>\n<p>                    <a target=\"_blank\" href=\"https:\/\/reporterre.net\/Les-orages-ont-fait-deux-morts-en-France?utm_source=RSS&amp;utm_medium=RSS\">Lire la suite<\/a><\/p>\n<p>                    &#8211;<br \/>\n                        <a target=\"_blank\" href=\"https:\/\/reporterre.net\/Breves-20\" rel=\"directory\">En bref<\/a><\/p>\n<p>                    \/<br \/>\n                        <a target=\"_blank\" href=\"https:\/\/reporterre.net\/Climat-18\" rel=\"tag\">Climat <\/a><br \/>\n<br \/><br \/>\n<br \/><a href=\"https:\/\/reporterre.net\/Les-orages-ont-fait-deux-morts-en-France\" target=\"_blank\"\">Source link <\/a><\/p>\n","protected":false},"excerpt":{"rendered":"<p>Un enfant de 12 ans \u2014 en qu\u00eate de fra\u00eecheur sur les rives de l&rsquo;Aveyron \u2014 est mort, \u00e9cras\u00e9 par un arbre dans le Tarn-et-Garonne, mercredi 25\u00a0juin. Cinq cents kilom\u00e8tres&hellip; <\/p>\n","protected":false},"author":1,"featured_media":0,"comment_status":"open","ping_status":"open","sticky":false,"template":"","format":"standard","meta":{"footnotes":""},"categories":[1],"tags":[],"class_list":["post-11192","post","type-post","status-publish","format-standard","hentry","category-non-classe"],"_links":{"self":[{"href":"https:\/\/monde25.info\/index.php\/wp-json\/wp\/v2\/posts\/11192","targetHints":{"allow":["GET"]}}],"collection":[{"href":"https:\/\/monde25.info\/index.php\/wp-json\/wp\/v2\/posts"}],"about":[{"href":"https:\/\/monde25.info\/index.php\/wp-json\/wp\/v2\/types\/post"}],"author":[{"embeddable":true,"href":"https:\/\/monde25.info\/index.php\/wp-json\/wp\/v2\/users\/1"}],"replies":[{"embeddable":true,"href":"https:\/\/monde25.info\/index.php\/wp-json\/wp\/v2\/comments?post=11192"}],"version-history":[{"count":0,"href":"https:\/\/monde25.info\/index.php\/wp-json\/wp\/v2\/posts\/11192\/revisions"}],"wp:attachment":[{"href":"https:\/\/monde25.info\/index.php\/wp-json\/wp\/v2\/media?parent=11192"}],"wp:term":[{"taxonomy":"category","embeddable":true,"href":"https:\/\/monde25.info\/index.php\/wp-json\/wp\/v2\/categories?post=11192"},{"taxonomy":"post_tag","embeddable":true,"href":"https:\/\/monde25.info\/index.php\/wp-json\/wp\/v2\/tags?post=11192"}],"curies":[{"name":"wp","href":"https:\/\/api.w.org\/{rel}","templated":true}]}}