{"id":11195,"date":"2025-06-30T06:43:05","date_gmt":"2025-06-30T04:43:05","guid":{"rendered":"https:\/\/monde25.info\/index.php\/2025\/06\/30\/cest-nicolas-qui-paie-francesoir\/"},"modified":"2025-06-30T06:43:05","modified_gmt":"2025-06-30T04:43:05","slug":"cest-nicolas-qui-paie-francesoir","status":"publish","type":"post","link":"https:\/\/monde25.info\/index.php\/2025\/06\/30\/cest-nicolas-qui-paie-francesoir\/","title":{"rendered":"C\u2019est Nicolas qui paie | FranceSoir"},"content":{"rendered":"<p> <br \/>\n<\/p>\n<div>\n<h5><strong>Nicolas, symbole d\u2019une France \u00e0 bout de souffle<\/strong><\/h5>\n<p>Nicolas paie. Nicolas, c\u2019est cet homme ou cette femme d\u2019environ 30 ans, honn\u00eate, laborieux, qui finance un syst\u00e8me auquel il ne cro\u00eet plus.<\/p>\n<p>Sur les r\u00e9seaux sociaux, son nom est devenu un \u00e9tendard, celui d\u2019une r\u00e9volte contre une fiscalit\u00e9 \u00e9crasante, une bureaucratie pl\u00e9thorique et une redistribution per\u00e7ue comme injuste.<\/p>\n<p class=\"text-align-center\"><img decoding=\"async\" data-entity-uuid=\"2e6429b6-c4e9-450f-b726-b867560a47a8\" data-entity-type=\"file\" alt=\"Nicolas a pay\u00e9\" width=\"558\" height=\"203\" loading=\"lazy\" class=\"lazyload\" src=\"https:\/\/www.francesoir.fr\/sites\/default\/files\/inline-images\/image_425.png\"\/><\/p>\n<p>Ce cri \u00ab Nicolas qui paie \u00bb est devenu un slogan politique et l\u2019\u00e9cho d\u2019une col\u00e8re sourde.<\/p>\n<p>Celle d\u2019une g\u00e9n\u00e9ration de Fran\u00e7ais qui travaille dur, paye ses imp\u00f4ts, et assiste, impuissante, \u00e0 la lente d\u00e9rive d\u2019un pays qu\u2019elle ne reconna\u00eet plus.<\/p>\n<p>Ce mouvement, qui s\u2019est propag\u00e9 jusqu\u2019au Royaume-Uni, incarne une prise de conscience : la France, championne europ\u00e9enne des pr\u00e9l\u00e8vements obligatoires, \u00e9touffe ses citoyens les plus productifs. <strong>Avec un fait sid\u00e9rant : la France compte plus de fonctionnaires par habitant que la Chine communiste, et 10 % des contribuables paient environ 75 % de l\u2019imp\u00f4t sur le revenu !<\/strong><\/p>\n<p>Voici l\u2019histoire de Nicolas, de sa r\u00e9volte, et de ce qu\u2019elle dit de la France d\u2019aujourd\u2019hui.<\/p>\n<p>\u00a0<\/p>\n<h5><a target=\"_blank\" href=\"https:\/\/x.com\/NicolasQuiPaie\" target=\"_blank\"><strong>Qui est Nicolas ?<\/strong><\/a><\/h5>\n<p><strong>Le visage de la France laborieuse.\u00a0<\/strong><\/p>\n<p>Nicolas, c\u2019est l\u2019arch\u00e9type du Fran\u00e7ais moyen. Il se l\u00e8ve t\u00f4t, travaille dur, paye ses imp\u00f4ts et cotisations sociales sans broncher. Il est cadre, artisan, employ\u00e9, ind\u00e9pendant.<\/p>\n<p>Mais, Nicolas, c\u2019est aussi l\u2019ouvrier qui peine \u00e0 joindre les deux bouts, la retrait\u00e9e modeste qui voit sa pension rogn\u00e9e par l\u2019inflation, ou le jeune entrepreneur asphyxi\u00e9 par les charges. Tous partagent un m\u00eame sentiment d\u2019injustice face \u00e0 un syst\u00e8me fiscal complexe.<\/p>\n<p>Il est celui qui fait tourner la machine, celui qui finance le \u00ab <em>mod\u00e8le social fran\u00e7ais<\/em> \u00bb dont on vante les m\u00e9rites, mais dont il ne voit jamais la couleur.<\/p>\n<blockquote>\n<p>Pas d\u2019aides sociales pour Nicolas, pas de passe-droits.<\/p>\n<\/blockquote>\n<p>Il doit composer avec des services publics en d\u00e9liquescence : une ins\u00e9curit\u00e9 galopante, un syst\u00e8me \u00e9ducatif \u00e0 la d\u00e9rive, des h\u00f4pitaux au bord de l\u2019implosion.<\/p>\n<p>Comme l\u2019\u00e9crivait r\u00e9cemment l\u2019\u00e9ditorialiste Ivan Rioufol, Nicolas repr\u00e9sente cette g\u00e9n\u00e9ration de trentenaires qui \u00ab<em> travaille, ne demande rien \u00e0 l\u2019\u00c9tat, ne casse rien, mais doit toujours payer pour les autres\u2026 tout en \u00e9tant trait\u00e9 de raciste !<\/em>\u00bb\u00a0<\/p>\n<p>Sur les r\u00e9seaux sociaux, Nicolas a pris vie.\u00a0<\/p>\n<p class=\"text-align-center\"><img decoding=\"async\" data-entity-uuid=\"de440092-67a2-42fb-a34d-559e1b6ee41c\" data-entity-type=\"file\" alt=\"Je suis Nicolas\" width=\"427\" height=\"427\" loading=\"lazy\" class=\"lazyload\" src=\"https:\/\/www.francesoir.fr\/sites\/default\/files\/inline-images\/image_426.png\"\/><\/p>\n<p>Le compte sur X @NicolasQuiPaie suivi par des dizaines de milliers de personnes, est devenu le porte-voix de cette exasp\u00e9ration. Des hashtags comme #JeSuisNicolas ou #NicolasQuiPaie pullulent, accompagn\u00e9s de stickers, et m\u00eame d\u2019un pendant f\u00e9minin @JulieQuiPaie l\u2019\u00e9pouse symbolique de Nicolas.<\/p>\n<p>Derri\u00e8re l\u2019humour et la d\u00e9rision, il y a une col\u00e8re profonde : Nicolas en a assez d\u2019\u00eatre le pigeon de service.<\/p>\n<h5>\u00a0<\/h5>\n<h5><strong>Une r\u00e9volte fiscale dans la tradition fran\u00e7aise.<\/strong><\/h5>\n<p>La r\u00e9volte de Nicolas s\u2019inscrit dans une longue histoire de frondes fiscales en France.<\/p>\n<p>Sous l\u2019Ancien R\u00e9gime, les paysans se soulevaient contre la taille ou la gabelle, ces taxes royales jug\u00e9es insupportables. Mais ce que vit Nicolas aujourd\u2019hui d\u00e9passe de loin les exactions d\u2019antan.<\/p>\n<p><strong>Avec un taux de pr\u00e9l\u00e8vements obligatoires de 44,8 % du PIB en 2023, la France d\u00e9tient le record europ\u00e9en, loin devant la moyenne de la zone euro (39,2 %). <\/strong>Ce fardeau s\u2019explique en partie par une l\u00e9gislation fiscale complexe, avec plus de 200 taxes diff\u00e9rentes, et une faible comp\u00e9titivit\u00e9 \u00e9conomique, marqu\u00e9e par une croissance en berne et un ch\u00f4mage structurel de 7,4 % en 2024 contre une <a target=\"_blank\" href=\"https:\/\/fr.statista.com\/themes\/2765\/le-chomage-en-france\/#topicOverview\">moyenne de 6% dans l\u2019ensemble des pays europ\u00e9ens<\/a>.<\/p>\n<p class=\"text-align-center\"><img decoding=\"async\" data-entity-uuid=\"88bddf18-8d74-4882-a746-a4a44c20b021\" data-entity-type=\"file\" alt=\"Nicolas\" width=\"424\" height=\"424\" loading=\"lazy\" class=\"lazyload\" src=\"https:\/\/www.francesoir.fr\/sites\/default\/files\/inline-images\/image_427.png\"\/><\/p>\n<p>\u00a0<\/p>\n<p>\u00a0<\/p>\n<p>Ce fardeau fiscal, Nicolas le porte sur ses \u00e9paules, et il est \u00e0 bout. Cette vague de ras-le-bol s&rsquo;est amplifi\u00e9e gr\u00e2ce \u00e0 des apparitions dans des m\u00e9dias comme CNEWS, 20 Minutes, Le Figaro et Valeurs Actuelles.<\/p>\n<p>Le slogan s\u2019est impos\u00e9 comme un cri de ralliement pour tous ceux qui se sentent flou\u00e9s par un \u00c9tat dispendieux et inefficace.<\/p>\n<p>\u00a0<\/p>\n<h5><strong>Les cibles de Nicolas : un syst\u00e8me \u00e0 bout de souffle.<\/strong><\/h5>\n<p>Mais qui sont les \u00ab <em>coupables<\/em> \u00bb aux yeux de Nicolas ?\u00a0<\/p>\n<p><strong>Le syst\u00e8me de retraites par r\u00e9partition : une injustice interg\u00e9n\u00e9rationnelle. <\/strong>Le syst\u00e8me de retraites par r\u00e9partition, pilier du \u00ab <em>mod\u00e8le social fran\u00e7ais<\/em> \u00bb, est une source majeure de frustration. Nicolas finance les pensions g\u00e9n\u00e9reuses des g\u00e9n\u00e9rations pr\u00e9c\u00e9dentes, mais doute de b\u00e9n\u00e9ficier un jour d\u2019une retraite \u00e9quivalente. Avec une d\u00e9mographie d\u00e9clinante (1,8 enfant par femme en 2023) et une \u00e9conomie en perte de vitesse (croissance de 0,9 % pr\u00e9vue en 2025), ce syst\u00e8me est au bord de la rupture. Nicolas paie, mais pour combien de temps encore ?<\/p>\n<p><strong>Le gaspillage de l\u2019argent public : <\/strong>Nicolas pointe aussi du doigt le gaspillage de ses imp\u00f4ts.<\/p>\n<p>Le Pass Culture, qui subventionne l\u2019achat de mangas ou de jeux vid\u00e9o, ou les d\u00e9penses pharaoniques des Jeux olympiques de 2024 (estim\u00e9es \u00e0 8,9 milliards d\u2019euros), lui semblent absurdes.<\/p>\n<p>Pendant ce temps, les services publics qu\u2019il utilise \u2013 \u00e9ducation, sant\u00e9, s\u00e9curit\u00e9 \u2013 s\u2019effritent. En 2023, le d\u00e9ficit public a atteint 5,5 % du PIB, et la dette publique flirte avec les 110 % du PIB. Cependant, certains services publics, comme les h\u00f4pitaux ou l\u2019\u00e9ducation, restent essentiels pour Nicolas, qui souhaite une meilleure allocation des ressources, par exemple via une r\u00e9duction des d\u00e9penses administratives redondantes. Comme d\u2019ailleurs <a target=\"_blank\" href=\"https:\/\/www.francesoir.fr\/opinions-tribunes\/Cependant,%20certains%20services%20publics,%20comme%20les%20h\u00f4pitaux%20ou%20l\u2019\u00e9ducation,%20restent%20essentiels%20pour%20Nicolas,%20qui%20souhaite%20une%20meilleure%20allocation%20des%20ressources,%20par%20exemple%20via%20une%20r\u00e9duction%20des%20d\u00e9penses%20administratives%20redondantes.\">95% des Fran\u00e7ais qui demandent une r\u00e9duction des d\u00e9penses publiques les voyant remplies de gaspillage, de fraude et d\u2019inefficacit\u00e9<\/a>.<\/p>\n<blockquote>\n<p>Chaque euro mal d\u00e9pens\u00e9 est une insulte \u00e0 son travail.<\/p>\n<\/blockquote>\n<p><strong>L\u2019immigration : un sujet br\u00fblant. <\/strong>Nicolas pointe \u00e9galement le co\u00fbt de l\u2019immigration, l\u00e9gale ou ill\u00e9gale.<\/p>\n<p>En 2023, l\u2019Aide M\u00e9dicale d\u2019\u00c9tat (AME), qui finance les soins des immigr\u00e9s en situation irr\u00e9guli\u00e8re, a co\u00fbt\u00e9 1,2 milliard d\u2019euros. Nicolas, qui ne b\u00e9n\u00e9ficie d\u2019aucune aide sociale, se sent flou\u00e9 par un syst\u00e8me qui semble privil\u00e9gier ceux qui ne contribuent pas. Ce sujet, sensible, refl\u00e8te un d\u00e9bat l\u00e9gitime sur l\u2019\u00e9quilibre entre solidarit\u00e9 humanitaire et soutenabilit\u00e9 financi\u00e8re, Nicolas souhaitant une transparence accrue sur l\u2019utilisation des fonds publics, per\u00e7u comme in\u00e9quitable.<\/p>\n<p class=\"text-align-center\"><img decoding=\"async\" alt=\"Image\" width=\"672\" height=\"224\" loading=\"lazy\" class=\"lazyload\" src=\"https:\/\/pbs.twimg.com\/profile_banners\/1712592197160194048\/1739910930\/1500x500\"\/><\/p>\n<h5>\u00a0<\/h5>\n<h5><strong>Des chiffres qui choquent : la France face \u00e0 ses contradictions<\/strong><\/h5>\n<p>Nicolas n\u2019est pas seulement en col\u00e8re : il a des arguments chocs.\u00a0<\/p>\n<p>La France compte plus de fonctionnaires par habitant que la Chine communiste. Avec 5,6 millions de fonctionnaires pour 67 millions d\u2019habitants, la France affiche un ratio de 83 fonctionnaires pour 1 000 habitants, contre 50 en Chine.<\/p>\n<p>Cette bureaucratie pl\u00e9thorique absorbe une part colossale des ressources, avec un co\u00fbt estim\u00e9 \u00e0 140 milliards d\u2019euros par an (25 % du budget de l\u2019\u00c9tat).\u00a0<\/p>\n<p class=\"text-align-center\"><img decoding=\"async\" data-entity-uuid=\"5a0ef00b-b0e8-4570-9f9c-ad8e9daf9f0d\" data-entity-type=\"file\" alt=\"Combien\" width=\"423\" height=\"318\" loading=\"lazy\" class=\"lazyload\" src=\"https:\/\/www.francesoir.fr\/sites\/default\/files\/inline-images\/image_428.png\"\/><\/p>\n<p>Ce chiffre, souvent m\u00e9connu, illustre l\u2019hypertrophie d\u2019un \u00c9tat fran\u00e7ais qui p\u00e8se lourdement sur les contribuables comme Nicolas.\u00a0<\/p>\n<p>En 2023, <a target=\"_blank\" href=\"https:\/\/www.ifrap.org\/budget-et-fiscalite\/75-de-limpot-sur-le-revenu-paye-par-10-des-menages\">les 10 % des m\u00e9nages les plus ais\u00e9s (ceux gagnant plus de 4 000 \u20ac net par mois) ont support\u00e9 75 % de l\u2019imp\u00f4t sur le revenu<\/a>, selon les donn\u00e9es de la DGFiP.<\/p>\n<p>Cette in\u00e9galit\u00e9 fiscale, o\u00f9 une minorit\u00e9 supporte l\u2019essentiel de la charge, renforce le sentiment d\u2019injustice.<\/p>\n<p>Nicolas, souvent dans cette tranche des 10 %, a l\u2019impression de travailler pour un syst\u00e8me qui le pressure sans lui rendre la pareille.<\/p>\n<p>Ces chiffres ne sont pas de simples anecdotes : ils traduisent une r\u00e9alit\u00e9 o\u00f9 l\u2019\u00c9tat fran\u00e7ais, malgr\u00e9 son poids, \u00e9choue \u00e0 fournir des services publics \u00e0 la hauteur des sacrifices demand\u00e9s.<\/p>\n<blockquote>\n<p>Nicolas, lui, n\u2019en peut plus de payer pour un syst\u00e8me qui semble le m\u00e9priser.<\/p>\n<\/blockquote>\n<h5><iframe loading=\"lazy\" title=\"Trop c&#039;est trop\" width=\"1110\" height=\"833\" src=\"https:\/\/www.youtube.com\/embed\/1suGOG1x3TE?feature=oembed\" frameborder=\"0\" allow=\"accelerometer; autoplay; clipboard-write; encrypted-media; gyroscope; picture-in-picture; web-share\" referrerpolicy=\"strict-origin-when-cross-origin\" allowfullscreen><\/iframe><\/h5>\n<h5>\u00a0<\/h5>\n<h5><strong>Nicolas n\u2019est pas seul : un mouvement transnational<\/strong><\/h5>\n<p>La r\u00e9volte de Nicolas d\u00e9passe les fronti\u00e8res.<\/p>\n<p>En Angleterre, son cousin Nick, 30 ans, partage les m\u00eames frustrations.<\/p>\n<p>Nick en a assez de payer pour des aides sociales qu\u2019il juge mal distribu\u00e9es, notamment \u00e0 des populations qui, selon lui, ne contribuent pas \u00e0 l\u2019effort collectif.<\/p>\n<p>Sur X, Nicolas et Nick se tendent la main, r\u00eavant d\u2019un avenir meilleur.<\/p>\n<p>Ce mouvement, qui s\u2019inspire des politiques audacieuses des baisses des d\u00e9penses d\u2019\u00c9tat de Javier Milei en Argentine (son gouvernement ayant r\u00e9duit le d\u00e9ficit public de 5 % \u00e0 2 % du PIB en un an) ou des prises de position d\u2019Elon Musk avec le DOGE aux \u00c9tats-Unis, pourrait redessiner l\u2019avenir \u00e9conomique de l\u2019Occident.<\/p>\n<h5>\u00a0<\/h5>\n<h5><strong>Une r\u00e9volte aux accents libertariens<\/strong><\/h5>\n<p>R\u00e9duire son mouvement \u00e0 une \u00e9tiquette serait une erreur.<\/p>\n<p>Nicolas, c\u2019est avant tout un contribuable qui demande des comptes.<\/p>\n<p>Comme le Figaro de Beaumarchais, il \u00ab <em>se presse de rire de tout, de peur d\u2019\u00eatre oblig\u00e9 d\u2019en pleurer<\/em> \u00bb.<\/p>\n<p>Derri\u00e8re l\u2019humour des m\u00e8mes et des slogans, il y a une d\u00e9tresse r\u00e9elle, celle d\u2019une g\u00e9n\u00e9ration qui se sent sacrifi\u00e9e sur l\u2019autel d\u2019un mod\u00e8le social \u00e0 bout de souffle.<\/p>\n<h5>\u00a0<\/h5>\n<h5><strong>Et maintenant ?<\/strong><\/h5>\n<p>Nicolas ne doit pas \u00eatre pris \u00e0 la l\u00e9g\u00e8re. Sa r\u00e9volte, port\u00e9e par les r\u00e9seaux sociaux, est un sympt\u00f4me d\u2019un malaise profond.<\/p>\n<p>La question est de savoir si l\u2019\u00c9tat fran\u00e7ais saura r\u00e9pondre \u00e0 cette col\u00e8re avant qu\u2019elle ne se transforme en chaos.<\/p>\n<p>R\u00e9former la fiscalit\u00e9, rationaliser les d\u00e9penses publiques, restaurer la confiance dans les institutions : autant de d\u00e9fis colossaux pour une classe politique souvent d\u00e9connect\u00e9e.<\/p>\n<h5>\u00a0<\/h5>\n<h5><strong>Nicolas, miroir d\u2019une France en crise.<\/strong><\/h5>\n<p>Nicolas, c\u2019est vous, c\u2019est moi, c\u2019est le voisin qui se l\u00e8ve chaque matin pour faire tourner un pays qui semble avoir oubli\u00e9 ses fondamentaux.<\/p>\n<p>Avec ses slogans, ses hashtags et ses T-shirts, Nicolas incarne une r\u00e9volte fiscale et morale, celle d\u2019une France qui ne veut plus \u00eatre la vache \u00e0 lait d\u2019un syst\u00e8me \u00e0 la d\u00e9rive.<\/p>\n<p>Les chiffres sont l\u00e0 pour le prouver : plus de fonctionnaires par habitant qu\u2019en Chine communiste, 10 % des contribuables qui portent 75 % de l\u2019imp\u00f4t sur le revenu.<\/p>\n<p>Nicolas ne demande pas la lune, il veut simplement que son travail soit respect\u00e9, que ses imp\u00f4ts servent \u00e0 quelque chose, que son pays retrouve un cap.<\/p>\n<p>\u00c0 l\u2019\u00c9tat, maintenant, de l\u2019entendre avant qu\u2019il ne soit trop tard.<\/p>\n<p><a target=\"_blank\" href=\"https:\/\/x.com\/antoinebachelin\">Antoine Bachelin Sena est sur X<\/a><\/p>\n<\/div>\n<p><script>(function(d, s, id) {  var js, fjs = d.getElementsByTagName(s)[0];  if (d.getElementById(id)) return;  js = d.createElement(s); js.id = id;  js.src = \"\/\/connect.facebook.net\/fr_FR\/sdk.js#xfbml=1&version=v2.3\";  fjs.parentNode.insertBefore(js, fjs);}(document, \"script\", \"facebook-jssdk\"));<\/script><br \/>\n<br \/><br \/>\n<br \/><a href=\"https:\/\/www.francesoir.fr\/opinions-tribunes\/c-est-nicolas-qui-paie\" target=\"_blank\"\">Source link <\/a><\/p>\n","protected":false},"excerpt":{"rendered":"<p>Nicolas, symbole d\u2019une France \u00e0 bout de souffle Nicolas paie. Nicolas, c\u2019est cet homme ou cette femme d\u2019environ 30 ans, honn\u00eate, laborieux, qui finance un syst\u00e8me auquel il ne cro\u00eet&hellip; <\/p>\n","protected":false},"author":1,"featured_media":11196,"comment_status":"open","ping_status":"open","sticky":false,"template":"","format":"standard","meta":{"footnotes":""},"categories":[1],"tags":[],"class_list":["post-11195","post","type-post","status-publish","format-standard","has-post-thumbnail","hentry","category-non-classe"],"_links":{"self":[{"href":"https:\/\/monde25.info\/index.php\/wp-json\/wp\/v2\/posts\/11195","targetHints":{"allow":["GET"]}}],"collection":[{"href":"https:\/\/monde25.info\/index.php\/wp-json\/wp\/v2\/posts"}],"about":[{"href":"https:\/\/monde25.info\/index.php\/wp-json\/wp\/v2\/types\/post"}],"author":[{"embeddable":true,"href":"https:\/\/monde25.info\/index.php\/wp-json\/wp\/v2\/users\/1"}],"replies":[{"embeddable":true,"href":"https:\/\/monde25.info\/index.php\/wp-json\/wp\/v2\/comments?post=11195"}],"version-history":[{"count":0,"href":"https:\/\/monde25.info\/index.php\/wp-json\/wp\/v2\/posts\/11195\/revisions"}],"wp:featuredmedia":[{"embeddable":true,"href":"https:\/\/monde25.info\/index.php\/wp-json\/wp\/v2\/media\/11196"}],"wp:attachment":[{"href":"https:\/\/monde25.info\/index.php\/wp-json\/wp\/v2\/media?parent=11195"}],"wp:term":[{"taxonomy":"category","embeddable":true,"href":"https:\/\/monde25.info\/index.php\/wp-json\/wp\/v2\/categories?post=11195"},{"taxonomy":"post_tag","embeddable":true,"href":"https:\/\/monde25.info\/index.php\/wp-json\/wp\/v2\/tags?post=11195"}],"curies":[{"name":"wp","href":"https:\/\/api.w.org\/{rel}","templated":true}]}}