{"id":11208,"date":"2025-06-30T11:06:50","date_gmt":"2025-06-30T09:06:50","guid":{"rendered":"https:\/\/monde25.info\/index.php\/2025\/06\/30\/nouvelle-proposition-de-loi-agricole-des-milliers-dopposants-mobilises\/"},"modified":"2025-06-30T11:06:50","modified_gmt":"2025-06-30T09:06:50","slug":"nouvelle-proposition-de-loi-agricole-des-milliers-dopposants-mobilises","status":"publish","type":"post","link":"https:\/\/monde25.info\/index.php\/2025\/06\/30\/nouvelle-proposition-de-loi-agricole-des-milliers-dopposants-mobilises\/","title":{"rendered":"Nouvelle proposition de loi agricole, des milliers d&rsquo;opposants mobilis\u00e9s"},"content":{"rendered":"<p> <br \/>\n<\/p>\n<div>\n<p>Agriculteurs, ONG, scientifiques&#8230; Des milliers d&rsquo;opposants \u00e0 une proposition de loi visant \u00e0 \u00ab\u00a0lever les contraintes des agriculteurs\u00a0\u00bb se sont rassembl\u00e9s ce week-end partout en France pour demander l&rsquo;annulation de ce texte qui doit \u00eatre examin\u00e9 ce lundi au Parlement.<\/p>\n<p>Une commission mixte paritaire, qui r\u00e9unira sept s\u00e9nateurs et sept d\u00e9put\u00e9s, aura la charge de trouver un texte de compromis, apr\u00e8s un rejet tactique visant \u00e0 contourner un mur d&rsquo;amendements des \u00e9cologistes et de l&rsquo;extr\u00eame gauche.<\/p>\n<p>\u00ab\u00a0C&rsquo;est un coup de force antid\u00e9mocratique pour faire passer cette loi qui est une r\u00e9gression radicale\u00a0\u00bb aussi bien pour l&rsquo;environnement que pour la sant\u00e9 publique, ainsi qu&rsquo;une \u00ab\u00a0n\u00e9gation des faits scientifiques sur la dangerosit\u00e9 des pesticides\u00a0\u00bb, a d\u00e9clar\u00e9 le comit\u00e9 Scientifiques en r\u00e9bellion, pr\u00e9sent dimanche sur l&rsquo;esplanade des Invalides \u00e0 Paris.<\/p>\n<p>Selon le collectif Nourrir, qui rassemble des dizaines d&rsquo;ONG de d\u00e9fense de l&rsquo;environnement (Greenpeace, WWF, G\u00e9n\u00e9rations Futures &#8230;), \u00e0 l&rsquo;origine de l&rsquo;appel \u00e0 la mobilisation du week-end, environ un millier de personnes se sont r\u00e9unies \u00e0 Paris et 10.000 sur l&rsquo;ensemble du weekend dans 60 villes.<\/p>\n<p>La proposition de loi du s\u00e9nateur LR (droite) Laurent Duplomb se pr\u00e9sente comme destin\u00e9e \u00e0 \u00ab\u00a0lever les contraintes\u00a0\u00bb des agriculteurs.<\/p>\n<p>Elle pr\u00e9voit notamment la r\u00e9introduction du pesticide ac\u00e9tamipride (un n\u00e9onicotino\u00efde tr\u00e8s toxique notamment pour les pollinisateurs et les milieux naturels), mais aussi des mesures facilitant le stockage de l&rsquo;eau ou l&rsquo;agrandissement des \u00e9levages intensifs, ainsi qu&rsquo;une red\u00e9finition du travail de l&rsquo;Agence nationale de s\u00e9curit\u00e9 sanitaire de l&rsquo;alimentation, de l&rsquo;environnement et du travail (Anses).<\/p>\n<p>\u00ab\u00a0Non, les paysans ne sont pas derri\u00e8re cette loi qui ne r\u00e9pond en rien aux difficult\u00e9s du monde agricole\u00a0\u00bb et \u00ab\u00a0va \u00e0 l&rsquo;encontre de l&rsquo;int\u00e9r\u00eat g\u00e9n\u00e9ral\u00a0\u00bb, a scand\u00e9 \u00e0 la tribune parisienne St\u00e9phane Galais, porte-parole de la Conf\u00e9d\u00e9ration paysanne &#8211; un syndicat agricole de gauche &#8211; et \u00e9leveur bovin en Bretagne (ouest), au milieu de banderoles affichant \u00ab\u00a0loi Duplomb, loi poison\u00a0\u00bb.<\/p>\n<p>\u00ab\u00a0La loi Duplomb est dangereuse et r\u00e9trograde\u00a0\u00bb, a \u00e9galement martel\u00e9 dimanche Xavier Fromont, porte-parole du syndicat pour la r\u00e9gion Auvergne-Rh\u00f4ne-Alpes, lors d&rsquo;un rassemblement de 600 personnes habill\u00e9es en jaune et noir au Puy-en-Velay (centre-est), fief du s\u00e9nateur Duplomb.<\/p>\n<p>La veille \u00e0 Pau (sud-ouest), ville du Premier ministre Fran\u00e7ois Bayrou, une centaine de personnes avaient scand\u00e9 \u00ab\u00a0notre sant\u00e9 ne sera pas brad\u00e9e\u00a0\u00bb, en brandissant une grande b\u00e2che noire.<\/p>\n<p>\u00ab\u00a0C&rsquo;est une loi irresponsable et coupable\u00a0\u00bb, a jug\u00e9 dimanche \u00e0 Paris Allain Bougrain-Dubourg, pr\u00e9sident de la Ligue pour la protection des oiseaux (LPO).<\/p>\n<p>\u00ab\u00a0Mesdames et Messieurs les parlementaires, ressaisissez-vous, votre responsabilit\u00e9 c&rsquo;est de prot\u00e9ger la population fran\u00e7aise et pas les int\u00e9r\u00eats de quelques-uns\u00a0\u00bb, a rench\u00e9ri une repr\u00e9sentante de France Nature environnement (FNE) appelant au \u00ab\u00a0rejet pur et simple du texte\u00a0\u00bb.<\/p>\n<p>Les ONG se sont d\u00e9j\u00e0 d\u00e9clar\u00e9es pr\u00eates \u00e0 \u00ab\u00a0aller en justice\u00a0\u00bb si cette loi \u00e9tait promulgu\u00e9e.<\/p>\n<p>La mobilisation doit se poursuivre lundi \u00e0 Paris, par un banquet paysan pr\u00e8s du S\u00e9nat.<\/p>\n<\/div>\n<p><script>(function(d, s, id) {  var js, fjs = d.getElementsByTagName(s)[0];  if (d.getElementById(id)) return;  js = d.createElement(s); js.id = id;  js.src = \"\/\/connect.facebook.net\/fr_FR\/sdk.js#xfbml=1&version=v2.3\";  fjs.parentNode.insertBefore(js, fjs);}(document, \"script\", \"facebook-jssdk\"));<\/script><br \/>\n<br \/><br \/>\n<br \/><a href=\"https:\/\/www.francesoir.fr\/politique-france\/france-des-milliers-d-opposants-mobilises-ce-week-end-contre-une-proposition-de\" target=\"_blank\"\">Source link <\/a><\/p>\n","protected":false},"excerpt":{"rendered":"<p>Agriculteurs, ONG, scientifiques&#8230; Des milliers d&rsquo;opposants \u00e0 une proposition de loi visant \u00e0 \u00ab\u00a0lever les contraintes des agriculteurs\u00a0\u00bb se sont rassembl\u00e9s ce week-end partout en France pour demander l&rsquo;annulation de&hellip; <\/p>\n","protected":false},"author":1,"featured_media":11209,"comment_status":"open","ping_status":"open","sticky":false,"template":"","format":"standard","meta":{"footnotes":""},"categories":[1],"tags":[],"class_list":["post-11208","post","type-post","status-publish","format-standard","has-post-thumbnail","hentry","category-non-classe"],"_links":{"self":[{"href":"https:\/\/monde25.info\/index.php\/wp-json\/wp\/v2\/posts\/11208","targetHints":{"allow":["GET"]}}],"collection":[{"href":"https:\/\/monde25.info\/index.php\/wp-json\/wp\/v2\/posts"}],"about":[{"href":"https:\/\/monde25.info\/index.php\/wp-json\/wp\/v2\/types\/post"}],"author":[{"embeddable":true,"href":"https:\/\/monde25.info\/index.php\/wp-json\/wp\/v2\/users\/1"}],"replies":[{"embeddable":true,"href":"https:\/\/monde25.info\/index.php\/wp-json\/wp\/v2\/comments?post=11208"}],"version-history":[{"count":0,"href":"https:\/\/monde25.info\/index.php\/wp-json\/wp\/v2\/posts\/11208\/revisions"}],"wp:featuredmedia":[{"embeddable":true,"href":"https:\/\/monde25.info\/index.php\/wp-json\/wp\/v2\/media\/11209"}],"wp:attachment":[{"href":"https:\/\/monde25.info\/index.php\/wp-json\/wp\/v2\/media?parent=11208"}],"wp:term":[{"taxonomy":"category","embeddable":true,"href":"https:\/\/monde25.info\/index.php\/wp-json\/wp\/v2\/categories?post=11208"},{"taxonomy":"post_tag","embeddable":true,"href":"https:\/\/monde25.info\/index.php\/wp-json\/wp\/v2\/tags?post=11208"}],"curies":[{"name":"wp","href":"https:\/\/api.w.org\/{rel}","templated":true}]}}