{"id":1122,"date":"2024-11-29T00:53:21","date_gmt":"2024-11-28T23:53:21","guid":{"rendered":"https:\/\/monde25.info\/index.php\/2024\/11\/29\/tiktok-pointe-du-doigt-a-bruxelles-apres-la-victoire-surprise-de-georgescu-au-premier-tour-rt-en-francais\/"},"modified":"2024-11-29T00:53:21","modified_gmt":"2024-11-28T23:53:21","slug":"tiktok-pointe-du-doigt-a-bruxelles-apres-la-victoire-surprise-de-georgescu-au-premier-tour-rt-en-francais","status":"publish","type":"post","link":"https:\/\/monde25.info\/index.php\/2024\/11\/29\/tiktok-pointe-du-doigt-a-bruxelles-apres-la-victoire-surprise-de-georgescu-au-premier-tour-rt-en-francais\/","title":{"rendered":"TikTok point\u00e9 du doigt \u00e0 Bruxelles apr\u00e8s la victoire surprise de Georgescu au premier tour \u2014 RT en fran\u00e7ais"},"content":{"rendered":"<p> <br \/>\n<br \/><img decoding=\"async\" src=\"https:\/\/mf.b37mrtl.ru\/french\/images\/2024.11\/thumbnail\/6748210f87f3ec71427da052.jpg\" \/><\/p>\n<div>\n<p class=\"text__summary\">\n                                        Les autorit\u00e9s roumaines ont demand\u00e9 \u00e0 la Commission europ\u00e9enne d&rsquo;enqu\u00eater sur le r\u00e9seau social TikTok afin de d\u00e9terminer son r\u00f4le dans la victoire de Calin Georgescu au premier tour de l&rsquo;\u00e9lection pr\u00e9sidentielle en Roumanie. Des voix s&rsquo;\u00e9l\u00e8vent \u00e0 Bruxelles afin que, dans cette affaire, le PDG de TikTok se pr\u00e9sente devant le Parlement europ\u00e9en.\n                                    <\/p>\n<p>Tiktok est dans\u00a0le collimateur de\u00a0Bucarest et de Bruxelles, apr\u00e8s la surprise cr\u00e9\u00e9e par Calin Georgescu lors du premier tour des \u00e9lections pr\u00e9sidentielles roumaines. Bruxelles a \u00abmenac\u00e9 d&rsquo;ouvrir une enqu\u00eate\u00bb sur\u00a0la plateforme\u00a0en raison de \u00abson incapacit\u00e9 pr\u00e9sum\u00e9e \u00e0 emp\u00eacher la propagation de la d\u00e9sinformation et des campagnes non autoris\u00e9es\u00bb sur cette derni\u00e8re,\u00a0a relat\u00e9\u00a0le\u00a0<em>Financial Times<\/em>\u00a0(FT)\u00a0le 27 novembre.<\/p>\n<p>Le quotidien britannique rappelle que le Conseil roumain de l&rsquo;audiovisuel (ANCOM)\u00a0<a target=\"_blank\" href=\"https:\/\/www.euronews.com\/next\/2024\/11\/27\/romanian-authorities-ask-eu-commission-to-investigate-tiktok-role-in-election\">a demand\u00e9<\/a>\u00a0\u00e0 la Commission europ\u00e9enne d\u2019ouvrir une enqu\u00eate sur le r\u00f4le de la plateforme dans ces \u00e9lections. \u00abJe r\u00e9clame la suspension de la plateforme TikTok en Roumanie, jusqu\u2019\u00e0 l\u2019ach\u00e8vement de l\u2019enqu\u00eate des institutions concernant la manipulation du processus \u00e9lectoral du 24 novembre\u00bb, d\u00e9clarait le m\u00eame jour le vice-pr\u00e9sident de l\u2019ANCOM, selon\u00a0<a target=\"_blank\" href=\"https:\/\/www.lefigaro.fr\/secteur\/high-tech\/la-roumanie-reclame-des-mesures-d-urgence-contre-tiktok-accuse-d-avoir-ete-le-theatre-d-une-operation-de-manipulation-electorale-prorusse-20241128\">des propos<\/a>\u00a0rapport\u00e9s par <em>Le Figaro<\/em>.<\/p>\n<p>Le quotidien fran\u00e7ais a \u00e9galement cit\u00e9 le Conseil supr\u00eame roumain de la d\u00e9fense nationale qui a r\u00e9clam\u00e9 ce 28 novembre des \u00abmesures d\u2019urgence\u00bb contre la plateforme vid\u00e9os.<\/p>\n<p>\u00abUn l\u00e9gislateur europ\u00e9en de premier plan exige que le directeur g\u00e9n\u00e9ral de TikTok se pr\u00e9sente devant le Parlement europ\u00e9en pour r\u00e9pondre aux questions sur le r\u00f4le de la plateforme dans l\u2019\u00e9lection pr\u00e9sidentielle roumaine\u00bb,\u00a0<a target=\"_blank\" href=\"https:\/\/www.politico.eu\/article\/elections-tiktok-ceo-eu-parliament-romania-election-fake-accounts-pro-russia-calin-georgescu-nato-shock-victory\/\" target=\"_blank\" rel=\"noopener noreferrer\">rapportait<\/a>\u00a0\u00e9galement<em>\u00a0Politico<\/em>. Celui-ci \u00e9voquait \u00abdes chercheurs\u00bb qui mettraient \u00aben garde contre des activit\u00e9s secr\u00e8tes sur des milliers de faux comptes menant au vote\u00bb.<\/p>\n<p>Une agitation qui a \u00e9galement gagn\u00e9 le Parlement europ\u00e9en. \u00abNous demandons au PDG de TikTok de se pr\u00e9senter devant cette chambre et de garantir que sa plateforme ne viole pas la DSA\u00bb, a\u00a0<a target=\"_blank\" href=\"https:\/\/www.politico.eu\/article\/elections-tiktok-ceo-eu-parliament-romania-election-fake-accounts-pro-russia-calin-georgescu-nato-shock-victory\/\">d\u00e9clar\u00e9<\/a>\u00a0l\u2019eurod\u00e9put\u00e9 Val\u00e9rie Hayer lors d&rsquo;une conf\u00e9rence de presse, selon des propos rapport\u00e9s par <em>Politico<\/em>. La pr\u00e9sidente du groupe lib\u00e9ral Renew Europe faisait r\u00e9f\u00e9rence au r\u00e8glement europ\u00e9en\u00a0sur les services num\u00e9riques (DSA),\u00a0a\u00a0pr\u00e9cis\u00e9 le m\u00e9dia bruxellois.<\/p>\n<p>En cas de non-respect de ce r\u00e8glement, la Commission europ\u00e9enne peut infliger aux entreprises une amende allant jusqu&rsquo;\u00e0 6% de leur chiffre d&rsquo;affaires annuel mondial. TikTok, propri\u00e9t\u00e9 de ByteDance, a r\u00e9alis\u00e9 un chiffre d&rsquo;affaires annuel de 110 milliards de dollars en 2023,\u00a0<a target=\"_blank\" href=\"https:\/\/www.ft.com\/content\/ba48d220-8e0e-4fb8-990d-6381fa908027\" target=\"_blank\" rel=\"noopener noreferrer\">a quant \u00e0 lui pr\u00e9cis\u00e9<\/a>\u00a0le FT.<\/p>\n<h2><strong>Georgescu : ce candidat mal aim\u00e9 des grands m\u00e9dias occidentaux<\/strong><\/h2>\n<p>\u00abCes rapports hautement sp\u00e9culatifs sur les \u00e9lections roumaines sont inexacts et trompeurs, car la plupart des candidats ont des comptes TikTok et les gagnants ont fait campagne sur des plateformes num\u00e9riques autres que les n\u00f4tres\u00bb, a d\u00e9fendu\u00a0le porte-parole de TikTok Paolo Ganino, \u00e9galement cit\u00e9 par\u00a0<em>Politico\u00a0<\/em>.<\/p>\n<p>\u00abIl existe un syst\u00e8me et je ne suis pas s\u00fbr qu&rsquo;il soit l\u00e9gal. Une campagne aussi r\u00e9ussie n\u00e9cessite beaucoup d&rsquo;argent\u00bb, avait\u00a0<a target=\"_blank\" href=\"https:\/\/www.facebook.com\/share\/v\/9phbxyxZv3ubm5X1\/\" target=\"_blank\" rel=\"noopener noreferrer\">d\u00e9clar\u00e9<\/a>\u00a0le 26 novembre le Premier ministre social d\u00e9mocrate roumain Marcel Ciolacu,\u00a0\u00e9vinc\u00e9 d\u00e8s le premier tour de la pr\u00e9sidentielle. Avec 22,94% des voix, Calin Georgescu, candidat ind\u00e9pendant \u00e0 l&rsquo;\u00e9lection pr\u00e9sidentielle roumaine, est arriv\u00e9 en t\u00eate du premier tour le 25 novembre.<\/p>\n<p>Cette\u00a0victoire, jug\u00e9e \u00ab<a target=\"_blank\" href=\"https:\/\/www.francetvinfo.fr\/politique\/presidentielle-en-roumanie-l-inquietante-victoire-au-premier-tour-de-calin-georgescu-populiste-et-pro-russie_6919064.html\" target=\"_blank\" rel=\"noopener noreferrer\">inqui\u00e9tante<\/a>\u00bb par un m\u00e9dia public fran\u00e7ais, a cr\u00e9\u00e9 une onde de choc dans la presse occidentale. Celle-ci d\u00e9peint\u00a0ce candidat comme un \u00abpopuliste\u00bb, \u00abanti-vax\u00bb, \u00abconspirationniste\u00bb, \u00abpro-Russie\u00bb, voire \u00abfan de Vladimir Poutine\u00bb, ou encore \u00abultranationaliste\u00bb.<\/p>\n<\/div>\n<p><br \/>\n<br \/><a href=\"https:\/\/francais.rt.com\/international\/114992-presidentielle-roumaine-tiktok-pointe-doigt\" target=\"_blank\"\">Source link <\/a><\/p>\n","protected":false},"excerpt":{"rendered":"<p>Les autorit\u00e9s roumaines ont demand\u00e9 \u00e0 la Commission europ\u00e9enne d&rsquo;enqu\u00eater sur le r\u00e9seau social TikTok afin de d\u00e9terminer son r\u00f4le dans la victoire de Calin Georgescu au premier tour de&hellip; <\/p>\n","protected":false},"author":1,"featured_media":1123,"comment_status":"open","ping_status":"open","sticky":false,"template":"","format":"standard","meta":{"footnotes":""},"categories":[1],"tags":[],"class_list":["post-1122","post","type-post","status-publish","format-standard","has-post-thumbnail","hentry","category-non-classe"],"_links":{"self":[{"href":"https:\/\/monde25.info\/index.php\/wp-json\/wp\/v2\/posts\/1122","targetHints":{"allow":["GET"]}}],"collection":[{"href":"https:\/\/monde25.info\/index.php\/wp-json\/wp\/v2\/posts"}],"about":[{"href":"https:\/\/monde25.info\/index.php\/wp-json\/wp\/v2\/types\/post"}],"author":[{"embeddable":true,"href":"https:\/\/monde25.info\/index.php\/wp-json\/wp\/v2\/users\/1"}],"replies":[{"embeddable":true,"href":"https:\/\/monde25.info\/index.php\/wp-json\/wp\/v2\/comments?post=1122"}],"version-history":[{"count":0,"href":"https:\/\/monde25.info\/index.php\/wp-json\/wp\/v2\/posts\/1122\/revisions"}],"wp:featuredmedia":[{"embeddable":true,"href":"https:\/\/monde25.info\/index.php\/wp-json\/wp\/v2\/media\/1123"}],"wp:attachment":[{"href":"https:\/\/monde25.info\/index.php\/wp-json\/wp\/v2\/media?parent=1122"}],"wp:term":[{"taxonomy":"category","embeddable":true,"href":"https:\/\/monde25.info\/index.php\/wp-json\/wp\/v2\/categories?post=1122"},{"taxonomy":"post_tag","embeddable":true,"href":"https:\/\/monde25.info\/index.php\/wp-json\/wp\/v2\/tags?post=1122"}],"curies":[{"name":"wp","href":"https:\/\/api.w.org\/{rel}","templated":true}]}}