{"id":11220,"date":"2025-06-30T14:25:08","date_gmt":"2025-06-30T12:25:08","guid":{"rendered":"https:\/\/monde25.info\/index.php\/2025\/06\/30\/en-mediterranee-leau-est-5-c-plus-chaude-que-la-normale\/"},"modified":"2025-06-30T14:25:08","modified_gmt":"2025-06-30T12:25:08","slug":"en-mediterranee-leau-est-5-c-plus-chaude-que-la-normale","status":"publish","type":"post","link":"https:\/\/monde25.info\/index.php\/2025\/06\/30\/en-mediterranee-leau-est-5-c-plus-chaude-que-la-normale\/","title":{"rendered":"En M\u00e9diterran\u00e9e, l&#039;eau est 5\u00a0\u00b0C plus chaude que la normale"},"content":{"rendered":"<p> <br \/>\n<br \/><img loading=\"lazy\" decoding=\"async\" src=\"https:\/\/reporterre.net\/local\/cache-vignettes\/L700xH467\/mer_mediterranee_marseille_4_1_-e2dcf.jpg?1751285559\" class=\"spip_logo\" width=\"700\" height=\"467\" alt=\"\" \/><\/p>\n<p>La France bout, et la M\u00e9diterran\u00e9e avec elle. Six des dix plus importantes anomalies de temp\u00e9rature enregistr\u00e9es \u00e0 la surface de la grande bleue depuis 1982 l&rsquo;ont \u00e9t\u00e9 en juin 2025, alerte le Centre d&rsquo;\u00e9tudes environnementales de la M\u00e9diterran\u00e9e. <br class=\"autobr\" \/><br \/>\nLa mer M\u00e9diterran\u00e9e fait en ce moment face \u00e0 une canicule marine intense. Le programme de surveillance de l&rsquo;\u00e9tat de la Terre de l&rsquo;Union europ\u00e9enne, Copernicus, a d\u00e9voil\u00e9 une carte des anomalies de temp\u00e9rature enregistr\u00e9es le 22\u00a0juin \u00e0 sa surface.\u00a0(\u2026)<\/p>\n<p>                    <a target=\"_blank\" href=\"https:\/\/reporterre.net\/En-Mediterranee-l-eau-est-5-oC-plus-chaude-que-la-normale?utm_source=RSS&amp;utm_medium=RSS\">Lire la suite<\/a><\/p>\n<p>                    &#8211;<br \/>\n                        <a target=\"_blank\" href=\"https:\/\/reporterre.net\/Breves-20\" rel=\"directory\">En bref<\/a><\/p>\n<p>                    \/<br \/>\n                        <a target=\"_blank\" href=\"https:\/\/reporterre.net\/Climat-18\" rel=\"tag\">Climat <\/a><br \/>\n                    ,<br \/>\n                        <a target=\"_blank\" href=\"https:\/\/reporterre.net\/Mers-et-oceans\" rel=\"tag\">Oc\u00e9ans<\/a><br \/>\n<br \/><br \/>\n<br \/><a href=\"https:\/\/reporterre.net\/En-Mediterranee-l-eau-est-5-oC-plus-chaude-que-la-normale\" target=\"_blank\"\">Source link <\/a><\/p>\n","protected":false},"excerpt":{"rendered":"<p>La France bout, et la M\u00e9diterran\u00e9e avec elle. Six des dix plus importantes anomalies de temp\u00e9rature enregistr\u00e9es \u00e0 la surface de la grande bleue depuis 1982 l&rsquo;ont \u00e9t\u00e9 en juin&hellip; <\/p>\n","protected":false},"author":1,"featured_media":0,"comment_status":"open","ping_status":"open","sticky":false,"template":"","format":"standard","meta":{"footnotes":""},"categories":[1],"tags":[],"class_list":["post-11220","post","type-post","status-publish","format-standard","hentry","category-non-classe"],"_links":{"self":[{"href":"https:\/\/monde25.info\/index.php\/wp-json\/wp\/v2\/posts\/11220","targetHints":{"allow":["GET"]}}],"collection":[{"href":"https:\/\/monde25.info\/index.php\/wp-json\/wp\/v2\/posts"}],"about":[{"href":"https:\/\/monde25.info\/index.php\/wp-json\/wp\/v2\/types\/post"}],"author":[{"embeddable":true,"href":"https:\/\/monde25.info\/index.php\/wp-json\/wp\/v2\/users\/1"}],"replies":[{"embeddable":true,"href":"https:\/\/monde25.info\/index.php\/wp-json\/wp\/v2\/comments?post=11220"}],"version-history":[{"count":0,"href":"https:\/\/monde25.info\/index.php\/wp-json\/wp\/v2\/posts\/11220\/revisions"}],"wp:attachment":[{"href":"https:\/\/monde25.info\/index.php\/wp-json\/wp\/v2\/media?parent=11220"}],"wp:term":[{"taxonomy":"category","embeddable":true,"href":"https:\/\/monde25.info\/index.php\/wp-json\/wp\/v2\/categories?post=11220"},{"taxonomy":"post_tag","embeddable":true,"href":"https:\/\/monde25.info\/index.php\/wp-json\/wp\/v2\/tags?post=11220"}],"curies":[{"name":"wp","href":"https:\/\/api.w.org\/{rel}","templated":true}]}}