{"id":11221,"date":"2025-06-30T14:57:57","date_gmt":"2025-06-30T12:57:57","guid":{"rendered":"https:\/\/monde25.info\/index.php\/2025\/06\/30\/deposition-de-seyed-abbas-araghchi-a-lattention-du-conseil-de-securite-par-seyed-abbas-araghchi\/"},"modified":"2025-06-30T14:57:57","modified_gmt":"2025-06-30T12:57:57","slug":"deposition-de-seyed-abbas-araghchi-a-lattention-du-conseil-de-securite-par-seyed-abbas-araghchi","status":"publish","type":"post","link":"https:\/\/monde25.info\/index.php\/2025\/06\/30\/deposition-de-seyed-abbas-araghchi-a-lattention-du-conseil-de-securite-par-seyed-abbas-araghchi\/","title":{"rendered":"D\u00e9position de Seyed Abbas Araghchi \u00e0 l&rsquo;attention du Conseil de s\u00e9curit\u00e9, par Seyed Abbas Araghchi"},"content":{"rendered":"<p> <br \/>\n<\/p>\n<div id=\"article-text\">\n<div class=\"article-text-images crayon article-texte-222571 \">\n<div class=\"spip_document_249619 spip_document spip_documents spip_document_image spip_documents_center spip_document_center\">\n<figure class=\"spip_doc_inner\">\n<a target=\"_blank\" href=\"https:\/\/www.voltairenet.org\/IMG\/jpg\/400_-_1_3_-69.jpg\" class=\"spip_doc_lien mediabox\" type=\"image\/jpeg\"><br \/>\n<img loading=\"lazy\" decoding=\"async\" src=\"https:\/\/www.voltairenet.org\/local\/cache-vignettes\/L800xH600\/400_-_1_3_-69-86d89.jpg?1751202933\" width=\"800\" height=\"600\" alt=\"\"\/><\/a><br \/>\n<\/figure>\n<\/div>\n<p>\tComme suite \u00e0 ma lettre du 13 juin 2025, je vous \u00e9cris de nouveau apr\u00e8s que les \u00c9tats-Unis ont commis \u00e9hont\u00e9ment un acte d\u2019agression militaire contre des installations nucl\u00e9aires pacifiques de la R\u00e9publique islamique d\u2019Iran, y compris les sites d\u2019enrichissement de Natanz, d\u2019Ispahan et de Fordou le 21 juin 2025, en violation flagrante du droit international et de la Charte des Nations Unies.<\/p>\n<p>\tJ\u2019appelle votre attention sur cette agression grave et alarmante par laquelle un \u00c9tat dot\u00e9 d\u2019armes nucl\u00e9aires a attaqu\u00e9 un \u00c9tat non dot\u00e9 d\u2019armes nucl\u00e9aires, partie au Trait\u00e9 sur la non-prolif\u00e9ration des armes nucl\u00e9aires, dont les activit\u00e9s nucl\u00e9aires sont soumises aux garanties g\u00e9n\u00e9ralis\u00e9es de l\u2019Agence internationale de l\u2019\u00e9nergie atomique (AIEA). Comme vous le savez parfaitement, cette attaque fait suite \u00e0 plusieurs autres agressions contre des installations commises par le r\u00e9gime isra\u00e9lien, qui n\u2019est pas partie au Trait\u00e9 sur la non-prolif\u00e9ration et qui poss\u00e8de des arsenaux nucl\u00e9aires. L\u2019acte d\u2019agression inconsid\u00e9r\u00e9 des \u00c9tats-Unis constitue non seulement une violation flagrante de la paix et de la s\u00e9curit\u00e9 mondiales, mais repr\u00e9sente \u00e9galement un grave danger sur les plans humanitaire et environnemental.<\/p>\n<p>\tDe nombreux instruments internationaux interdisent clairement de prendre pour cible des installations nucl\u00e9aires, notamment les r\u00e9solutions 444, 475 et 533 de la Conf\u00e9rence g\u00e9n\u00e9rale de l\u2019AIEA, ainsi que l\u2019article 56 du Protocole additionnel aux Conventions de Gen\u00e8ve. Ce type d\u2019attaque, qui marque une nouvelle d\u00e9t\u00e9rioration des relations internationales, peut avoir des cons\u00e9quences catastrophiques, entra\u00eener des pertes civiles massives et causer des d\u00e9g\u00e2ts \u00e9cologiques \u00e0 long terme.<\/p>\n<p>\tCet acte d\u2019agression de la part des \u00c9tats-Unis doit \u00eatre condamn\u00e9 avec la plus grande fermet\u00e9. Le Gouvernement des \u00c9tats-Unis doit \u00eatre tenu pour responsable de l\u2019attaque criminelle qu\u2019il a men\u00e9e \u00e0 l\u2019appui d\u2019un r\u00e9gime qui, sous la direction d\u2019un criminel de guerre sous mandat d\u2019arr\u00eat international, menace de plonger le monde entier dans l\u2019instabilit\u00e9 et le chaos.<\/p>\n<p>\tNous comptons que la s\u00e9ance d\u2019urgence du Conseil de s\u00e9curit\u00e9 convoqu\u00e9e en r\u00e9ponse \u00e0 cet acte d\u2019agression sera l\u2019occasion de condamner sans \u00e9quivoque les \u00c9tats-Unis en tant que membre permanent du Conseil de s\u00e9curit\u00e9. L\u2019Organisation des Nations Unies et les structures multilat\u00e9rales sont au bord d\u2019un pr\u00e9cipice. Je compte que, en votre qualit\u00e9 de gardien du syst\u00e8me des Nations Unies, vous vous opposiez fermement \u00e0 cette illic\u00e9it\u00e9 qui menace la paix. Le monde nous regarde \u2013 l\u2019inaction ne fera qu\u2019aggraver la crise et d\u00e9t\u00e9riorer davantage la s\u00e9curit\u00e9 mondiale.<\/p>\n<p>\tNous attendons du Conseil de s\u00e9curit\u00e9 et du Secr\u00e9taire g\u00e9n\u00e9ral qu\u2019ils s\u2019acquittent sans d\u00e9lai de leurs obligations juridiques et morales.<\/p>\n<p>\tJe vous serais reconnaissant de bien vouloir faire distribuer le texte de la pr\u00e9sente lettre comme document du Conseil de s\u00e9curit\u00e9.<\/p>\n<\/div>\n<aside>\n<\/aside>\n<div class=\"follow\" id=\"social\">\n<h4>Restez en contact<\/h4>\n<div class=\"follow-left\">\n<h5>Suivez-nous sur les r\u00e9seaux sociaux<\/h5>\n<p><a target=\"_blank\" href=\"https:\/\/www.facebook.com\/R%C3%A9seau-Voltaire-en-fran%C3%A7ais-106616878523973\" title=\"\" target=\"_blank\"><img decoding=\"async\" src=\"https:\/\/www.voltairenet.org\/squelettes\/images\/follow-fb.png\" alt=\"\"\/><\/a><br \/>\n<a target=\"_blank\" href=\"https:\/\/t.me\/reseauvoltaire\" title=\"\" target=\"_blank\"><img decoding=\"async\" src=\"https:\/\/www.voltairenet.org\/squelettes\/images\/follow-tg.png\" alt=\"\"\/><\/a><br \/>\n<a target=\"_blank\" href=\"https:\/\/twitter.com\/voltairenetFr\" title=\"\" target=\"_blank\"><img decoding=\"async\" src=\"https:\/\/www.voltairenet.org\/squelettes\/images\/follow-tw.png\" alt=\"\"\/><\/a>\n<\/div>\n<p><h5>Subscribe to weekly newsletter<\/h5>\n<\/p>\n<\/div>\n<p><!--\n\n<div><\/div>\n\n--><\/p>\n<\/div>\n<p><script async src=\"\/\/platform.twitter.com\/widgets.js\" charset=\"utf-8\"><\/script><br \/>\n<br \/><br \/>\n<br \/><a href=\"https:\/\/www.voltairenet.org\/article222571.html\" target=\"_blank\"\">Source link <\/a><\/p>\n","protected":false},"excerpt":{"rendered":"<p>Comme suite \u00e0 ma lettre du 13 juin 2025, je vous \u00e9cris de nouveau apr\u00e8s que les \u00c9tats-Unis ont commis \u00e9hont\u00e9ment un acte d\u2019agression militaire contre des installations nucl\u00e9aires pacifiques&hellip; <\/p>\n","protected":false},"author":1,"featured_media":11222,"comment_status":"open","ping_status":"open","sticky":false,"template":"","format":"standard","meta":{"footnotes":""},"categories":[1],"tags":[],"class_list":["post-11221","post","type-post","status-publish","format-standard","has-post-thumbnail","hentry","category-non-classe"],"_links":{"self":[{"href":"https:\/\/monde25.info\/index.php\/wp-json\/wp\/v2\/posts\/11221","targetHints":{"allow":["GET"]}}],"collection":[{"href":"https:\/\/monde25.info\/index.php\/wp-json\/wp\/v2\/posts"}],"about":[{"href":"https:\/\/monde25.info\/index.php\/wp-json\/wp\/v2\/types\/post"}],"author":[{"embeddable":true,"href":"https:\/\/monde25.info\/index.php\/wp-json\/wp\/v2\/users\/1"}],"replies":[{"embeddable":true,"href":"https:\/\/monde25.info\/index.php\/wp-json\/wp\/v2\/comments?post=11221"}],"version-history":[{"count":0,"href":"https:\/\/monde25.info\/index.php\/wp-json\/wp\/v2\/posts\/11221\/revisions"}],"wp:featuredmedia":[{"embeddable":true,"href":"https:\/\/monde25.info\/index.php\/wp-json\/wp\/v2\/media\/11222"}],"wp:attachment":[{"href":"https:\/\/monde25.info\/index.php\/wp-json\/wp\/v2\/media?parent=11221"}],"wp:term":[{"taxonomy":"category","embeddable":true,"href":"https:\/\/monde25.info\/index.php\/wp-json\/wp\/v2\/categories?post=11221"},{"taxonomy":"post_tag","embeddable":true,"href":"https:\/\/monde25.info\/index.php\/wp-json\/wp\/v2\/tags?post=11221"}],"curies":[{"name":"wp","href":"https:\/\/api.w.org\/{rel}","templated":true}]}}