{"id":11224,"date":"2025-06-30T16:03:48","date_gmt":"2025-06-30T14:03:48","guid":{"rendered":"https:\/\/monde25.info\/index.php\/2025\/06\/30\/la-crise-mondiale-est-inedite-dapres-amnesty\/"},"modified":"2025-06-30T16:03:48","modified_gmt":"2025-06-30T14:03:48","slug":"la-crise-mondiale-est-inedite-dapres-amnesty","status":"publish","type":"post","link":"https:\/\/monde25.info\/index.php\/2025\/06\/30\/la-crise-mondiale-est-inedite-dapres-amnesty\/","title":{"rendered":"La crise mondiale est in\u00e9dite d\u2019apr\u00e8s Amnesty"},"content":{"rendered":"<p> <br \/>\n<\/p>\n<div>\n<h4><b>Une <\/b><span style=\"font-weight: 400;\">\u00ab <\/span><b>crise mondiale des droits humains <\/b><span style=\"font-weight: 400;\">\u00bb<\/span><b>\u00a0nourrie par <\/b><span style=\"font-weight: 400;\">\u00ab <\/span><b>des pratiques autoritaires auxquelles se m\u00eale la cupidit\u00e9 des grandes entreprises <\/b><span style=\"font-weight: 400;\">\u00bb<\/span><b>\u2026 C\u2019est le verdict implacable du dernier rapport annuel d\u2019Amnesty International visant 150 pays. L\u2019ONG y pointe la mont\u00e9e en fl\u00e8che des r\u00e9gimes autoritaires, la r\u00e9pression brutale de la dissidence et un <\/b><span style=\"font-weight: 400;\">\u00ab <\/span><b>effet Trump <\/b><span style=\"font-weight: 400;\">\u00bb<\/span><b> aux r\u00e9percussions globales. Lecture d\u2019un terrible bilan.\u00a0\u00a0<\/b><\/h4>\n<p><span style=\"font-weight: 400;\"><strong><em>\u00ab Nous vivons une crise mondiale des droits humains, comme jamais auparavant \u00bb.<\/em><\/strong> Ces mots, sign\u00e9s d\u2019Agn\u00e8s Callamard, secr\u00e9taire g\u00e9n\u00e9rale de l\u2019organisation, ouvrent <a target=\"_blank\" href=\"https:\/\/amnesty.ca\/wp-content\/uploads\/2025\/04\/24-April-en-screen.pdf\">la pr\u00e9face d\u2019un rapport qui d\u00e9nonce des tendances alarmantes en mati\u00e8re de droits humains.<\/a> En effet, la situation est critique, aliment\u00e9e par <strong>l\u2019inaction face aux in\u00e9galit\u00e9s, face au d\u00e9r\u00e8glement climatique ainsi qu\u2019aux bouleversements politiques mena\u00e7ant les g\u00e9n\u00e9rations futures.<\/strong><\/span><\/p>\n<blockquote>\n<p><span style=\"font-weight: 400;\"><strong><em>\u00ab Nous vivons une crise mondiale des droits humains, comme jamais auparavant \u00bb.<\/em><\/strong><\/span><\/p>\n<\/blockquote>\n<p><img fetchpriority=\"high\" decoding=\"async\" class=\"alignnone size-full wp-image-717868\" src=\"https:\/\/mrmondialisation.org\/wp-content\/uploads\/2025\/06\/ai-generated-8590336-1280.png\" alt=\"\" width=\"1280\" height=\"717\" srcset=\"https:\/\/mrmondialisation.org\/wp-content\/uploads\/2025\/06\/ai-generated-8590336-1280.png 1280w, https:\/\/mrmondialisation.org\/wp-content\/uploads\/2025\/06\/ai-generated-8590336-1280-1024x574.png 1024w, https:\/\/mrmondialisation.org\/wp-content\/uploads\/2025\/06\/ai-generated-8590336-1280-768x430.png 768w, https:\/\/mrmondialisation.org\/wp-content\/uploads\/2025\/06\/ai-generated-8590336-1280-696x390.png 696w, https:\/\/mrmondialisation.org\/wp-content\/uploads\/2025\/06\/ai-generated-8590336-1280-1068x598.png 1068w, https:\/\/mrmondialisation.org\/wp-content\/uploads\/2025\/06\/ai-generated-8590336-1280-750x420.png 750w\" sizes=\"(max-width: 1280px) 100vw, 1280px\"\/><\/p>\n<h2><b>Autoritarisme, r\u00e9pression, in\u00e9galit\u00e9s : le constat accablant d\u2019Amnesty International<\/b><\/h2>\n<p><span style=\"font-weight: 400;\">Paru en avril, le document consacre un long passage aux<strong> cent premiers jours de la pr\u00e9sidence am\u00e9ricaine. <\/strong><\/span><\/p>\n<p><span style=\"font-weight: 400;\">Il y d\u00e9nonce<strong> un \u00ab effet Trump \u00bb <\/strong>qui, loin d\u2019\u00eatre anecdotique, aurait <strong>acc\u00e9l\u00e9r\u00e9 l\u2019\u00e9rosion des acquis internationaux en mati\u00e8re de droits fondamentaux :<\/strong>\u00a0<em>\u00ab Donald Trump ne montre qu\u2019un profond m\u00e9pris pour les droits humains. Son gouvernement a <strong>rapidement et d\u00e9lib\u00e9r\u00e9ment cibl\u00e9 des institutions et des initiatives am\u00e9ricaines et internationales essentielles<\/strong> qui visaient \u00e0 rendre notre monde plus s\u00fbr et plus juste \u00bb,<\/em> d\u00e9plore Agn\u00e8s Callamard. <\/span><\/p>\n<p><span style=\"font-weight: 400;\">Elle poursuit :<em> \u00ab son attaque g\u00e9n\u00e9ralis\u00e9e contre les concepts m\u00eames de<strong> multilat\u00e9ralisme, d\u2019asile, de justice raciale, de justice de genre, de sant\u00e9 mondiale et d\u2019action vitale pour le climat<\/strong> exacerbe les dommages consid\u00e9rables que ces principes et institutions ont d\u00e9j\u00e0 subis et encourage <strong>d\u2019autres dirigeants et mouvements anti-droits<\/strong> \u00e0 se joindre \u00e0 son offensive \u00bb.<\/em><\/span><\/p>\n<p><span style=\"font-weight: 400;\">Le panorama mondial dress\u00e9 par Amnesty est gla\u00e7ant. <strong>R\u00e9pressions violentes, intensification des conflits arm\u00e9s, inertie climatique, attaques cibl\u00e9es contre les droits des personnes migrantes, des femmes, des filles et des personnes LGBTI : les atteintes se multiplient.<\/strong> <\/span><\/p>\n<figure id=\"attachment_718289\" aria-describedby=\"caption-attachment-718289\" style=\"width: 1280px\" class=\"wp-caption alignnone\"><img loading=\"lazy\" decoding=\"async\" class=\"size-full wp-image-718289\" src=\"https:\/\/mrmondialisation.org\/wp-content\/uploads\/2025\/06\/120516-independence-flypast-sufa-01.jpg\" alt=\"\" width=\"1280\" height=\"853\" srcset=\"https:\/\/mrmondialisation.org\/wp-content\/uploads\/2025\/06\/120516-independence-flypast-sufa-01.jpg 1280w, https:\/\/mrmondialisation.org\/wp-content\/uploads\/2025\/06\/120516-independence-flypast-sufa-01-1024x682.jpg 1024w, https:\/\/mrmondialisation.org\/wp-content\/uploads\/2025\/06\/120516-independence-flypast-sufa-01-768x512.jpg 768w, https:\/\/mrmondialisation.org\/wp-content\/uploads\/2025\/06\/120516-independence-flypast-sufa-01-696x464.jpg 696w, https:\/\/mrmondialisation.org\/wp-content\/uploads\/2025\/06\/120516-independence-flypast-sufa-01-1068x712.jpg 1068w, https:\/\/mrmondialisation.org\/wp-content\/uploads\/2025\/06\/120516-independence-flypast-sufa-01-630x420.jpg 630w\" sizes=\"auto, (max-width: 1280px) 100vw, 1280px\"\/><figcaption id=\"caption-attachment-718289\" class=\"wp-caption-text\">Le F-16l Sufa, utilis\u00e9 par Isra\u00ebl pour le bombardement de la bande de Gaza @Wikicommons<\/figcaption><\/figure>\n<p><span style=\"font-weight: 400;\"><strong><em>\u00ab \u00c0 moins d\u2019une volte-face mondiale, chacune de ces r\u00e9gressions va encore s\u2019aggraver en 2025 \u00bb,<\/em><\/strong> avertit l\u2019ancienne rapporteure sp\u00e9ciale du Conseil des droits de l\u2019homme des Nations unies.<\/span><\/p>\n<h2><b>Guerres et silences complices : les droits humains sacrifi\u00e9s<\/b><\/h2>\n<p><span style=\"font-weight: 400;\">L\u2019association d\u00e9nonce <strong><a target=\"_blank\" href=\"https:\/\/mrmondialisation.org\/genocide-a-gaza-le-silence-complice-de-loccident\/\">\u00ab un g\u00e9nocide en directe \u00bb<\/a> commis par Isra\u00ebl contre les Palestiniens de Gaza,<\/strong> sur fond d\u2019occupation toujours plus brutale en Cisjordanie. En parall\u00e8le, <strong>la Russie a<a target=\"_blank\" href=\"https:\/\/news.un.org\/fr\/story\/2025\/06\/1156326#:~:text=Le%20nombre%20de%20morts%20et,la%20situation%20dans%20ce%20pays.\"> tu\u00e9 davantage de civils ukrainiens<\/a> en 2024 qu\u2019en 2023<\/strong>, tout en continuant de viser les infrastructures civiles et de pratiquer torture et disparitions forc\u00e9es, selon les observateurs de l\u2019organisation.<\/span><\/p>\n<p><span style=\"font-weight: 400;\">Au Soudan, <strong>la guerre civile en cours depuis deux ans a d\u00e9j\u00e0 d\u00e9plac\u00e9 quelque 11\u202fmillions de personnes \u00e0 l\u2019int\u00e9rieur du pays, un triste record mondial<\/strong>. Dans ce contexte de chaos, les Forces d\u2019appui rapide ont commis <a target=\"_blank\" href=\"https:\/\/www.youtube.com\/watch?v=J3mDGTAuKMs\">des violences sexuelles syst\u00e9matiques<\/a> \u00e0 l\u2019encontre des femmes et des filles. <em>\u00ab Pourtant, ce conflit a suscit\u00e9 <strong>une indiff\u00e9rence presque totale \u00e0 travers la plan\u00e8te<\/strong> \u2013 hormis de la part d\u2019agents cyniques exploitant les occasions de violer l\u2019embargo sur les armes \u00e0 destination du Darfour \u00bb,<\/em> d\u00e9plore Amnesty International.<\/span><\/p>\n<div class=\"td-a-rec td-a-rec-id-content_inline  tdi_1 td_block_template_1\">\n<span class=\"td-adspot-title\">&#8211; Pour une information libre ! &#8211;<\/span><a target=\"_blank\" href=\"https:\/\/fr.tipeee.com\/mr-mondialisation\" class=\"tipeee-project-small\">Soutenir Mr Japanization sur Tipeee<\/a>\n<\/div>\n<p><iframe loading=\"lazy\" title=\"Guerre au Soudan : enqu\u00eate sur les ravages parmi les civils\" width=\"1110\" height=\"624\" src=\"https:\/\/www.youtube.com\/embed\/MAEWCopXP0s?feature=oembed\" frameborder=\"0\" allow=\"accelerometer; autoplay; clipboard-write; encrypted-media; gyroscope; picture-in-picture; web-share\" referrerpolicy=\"strict-origin-when-cross-origin\" allowfullscreen><\/iframe><\/p>\n<h2><b>R\u00e9pression mondiale : une strat\u00e9gie de la peur<\/b><\/h2>\n<p><span style=\"font-weight: 400;\">Partout sur la plan\u00e8te, des r\u00e9gimes autoritaires cherchent \u00e0 consolider leur emprise en criminalisant toute forme de dissidence. <strong>Censure des m\u00e9dias, interdictions de partis politiques ou de manifestations, harc\u00e8lement judiciaire des d\u00e9fenseurs des droits humains, et arrestations pour motifs fallacieux de \u00ab terrorisme \u00bb ou d\u2019\u00ab extr\u00e9misme \u00bb deviennent des pratiques banalis\u00e9es.<\/strong><\/span><\/p>\n<p><span style=\"font-weight: 400;\">Au <strong>Bangladesh<\/strong>, les autorit\u00e9s ont ordonn\u00e9<a target=\"_blank\" href=\"https:\/\/www.humanite.fr\/monde\/bangladesh\/revoltes-au-bangladesh-le-gouvernement-seme-le-chaos-et-la-mort\"><strong> de \u00ab tirer \u00e0 vue \u00bb sur les manifestants \u00e9tudiants,<\/strong><\/a> causant la mort de pr\u00e8s d\u2019un millier de personnes. Au <strong>Mozambique<\/strong>, les forces de s\u00e9curit\u00e9 <strong><a target=\"_blank\" href=\"https:\/\/www.amnesty.org\/fr\/latest\/news\/2024\/11\/mozambique-end-violent-post-election-crackdown-ahead-of-7-november-maputo-march\/\">ont violemment r\u00e9prim\u00e9 les mobilisations post-\u00e9lectorales,<\/a> <\/strong>entra\u00eenant la mort d\u2019au moins 277 personnes. La <strong>Turquie<\/strong>, elle, a interdit certaines manifestations dans leur totalit\u00e9, et continue de disperser ill\u00e9galement et sans discernement les rassemblements pacifiques.<\/span><\/p>\n<h2><b>Augmentation des in\u00e9galit\u00e9s : les plus vuln\u00e9rables en premi\u00e8re ligne<\/b><\/h2>\n<p><span style=\"font-weight: 400;\">En 2024,<strong> les <a target=\"_blank\" href=\"https:\/\/mrmondialisation.org\/la-fabrique-des-inegalites-sociales-cette-machine-a-soumettre-le-peuple\/\">in\u00e9galit\u00e9s<\/a> se sont encore creus\u00e9es, tant \u00e0 l\u2019int\u00e9rieur des pays qu\u2019\u00e0 l\u2019\u00e9chelle internationale.<\/strong> En cause\u202f:<em> \u00ab l\u2019inflation g\u00e9n\u00e9ralis\u00e9e, la r\u00e9glementation insuffisante des entreprises, la <a target=\"_blank\" href=\"https:\/\/mrmondialisation.org\/la-tres-grande-evasion-le-film-de-noel-ideal-sur-le-vol-fiscal\/\">fraude fiscale end\u00e9mique<\/a> et l\u2019augmentation des dettes nationales \u00bb,<\/em> alerte Amnesty International. Ces dynamiques combin\u00e9es ont aliment\u00e9 <strong>une pr\u00e9carit\u00e9 croissante pour des millions de personnes, sans susciter de r\u00e9ponse politique \u00e0 la hauteur.<\/strong><\/span><\/p>\n<blockquote>\n<p><strong>\u00ab\u00a0Pendant ce temps, la richesse des plus fortun\u00e9s s\u2019est envol\u00e9e\u2026\u00a0\u00bb<\/strong><\/p>\n<\/blockquote>\n<p><span style=\"font-weight: 400;\">Dans ce contexte, de nombreux gouvernements ont eu recours \u00e0 <strong>une rh\u00e9torique raciste et x\u00e9nophobe,<\/strong> <strong>d\u00e9signant <a target=\"_blank\" href=\"https:\/\/mrmondialisation.org\/sortir-haine-5-prejuges-immigration\/\">les personnes migrantes et r\u00e9fugi\u00e9es<\/a> comme boucs \u00e9missaires des difficult\u00e9s \u00e9conomiques et de l\u2019ins\u00e9curit\u00e9<\/strong>. Une strat\u00e9gie opportuniste qui d\u00e9tourne l\u2019attention des <a target=\"_blank\" href=\"https:\/\/mrmondialisation.org\/comment-les-ultra-riches-nous-maintiennent-tous-dans-la-pauvrete\/\"><strong>causes structurelles de la pauvret\u00e9<\/strong><\/a> tout en exacerbant les divisions sociales.<\/span><\/p>\n<p><span style=\"font-weight: 400;\">Pendant ce temps, la richesse des plus fortun\u00e9s s\u2019est envol\u00e9e, note le rapport. <strong>Le nombre de milliardaires n\u2019a cess\u00e9 d\u2019augmenter, <\/strong>creusant un peu plus le foss\u00e9 entre les ultra-riches et le reste de la population mondiale. La Banque mondiale elle-m\u00eame a tir\u00e9 la sonnette d\u2019alarme en \u00e9voquant <strong>une<em> \u00ab d\u00e9cennie perdue \u00bb<\/em> dans la lutte contre la pauvret\u00e9.<\/strong><\/span><\/p>\n<h2><b>Exclusions et discriminations en prime<\/b><\/h2>\n<p><span style=\"font-weight: 400;\">En outre, <strong>les droits des femmes, des filles et des personnes LGBTI ont \u00e9t\u00e9 violemment pris pour cible en 2024<\/strong>, dans un climat mondial de plus en plus hostile \u00e0 l\u2019\u00e9galit\u00e9 de genre et \u00e0 la diversit\u00e9 des identit\u00e9s. <\/span><\/p>\n<p><span style=\"font-weight: 400;\">En Afghanistan,<a target=\"_blank\" href=\"https:\/\/mrmondialisation.org\/afghanistan-la-condition-des-femmes-saggrave\/\"> les talibans ont encore durci leur emprise sur la vie publique des femmes,<\/a> les excluant toujours plus syst\u00e9matiquement <strong>de l\u2019\u00e9ducation, de l\u2019emploi et des espaces sociaux.<\/strong> En Iran, les autorit\u00e9s ont<a target=\"_blank\" href=\"https:\/\/www.amnesty.fr\/liberte-d-expression\/actualites\/iran-durcissement-repression-contre-femmes?utm_source=google&amp;utm_medium=cpc&amp;utm_campaign=Grants%20-%20Performance%20Max&amp;utm_content=&amp;utm_term=&amp;gad_source=1&amp;gad_campaignid=22329745188&amp;gbraid=0AAAAADuHBO8rYvuyz61Djm6g3uUD93kxi&amp;gclid=Cj0KCQjw64jDBhDXARIsABkk8J6sKsoXiP9e-NKUz3-A9OVmHE98VlLhXPJDD1f4IYxP4fS4vxCuDIoaAg_KEALw_wcB\"> redoubl\u00e9 de brutalit\u00e9 envers les femmes et les filles<\/a> refusant de se plier \u00e0 l\u2019obligation du port du voile, usant de la violence et de l\u2019intimidation pour faire taire toute contestation.<\/span><\/p>\n<p><iframe loading=\"lazy\" title=\"Amnesty Launches Annual Report on the State of Human Rights Worldwide\" width=\"1110\" height=\"624\" src=\"https:\/\/www.youtube.com\/embed\/vlO-wNwRr98?feature=oembed\" frameborder=\"0\" allow=\"accelerometer; autoplay; clipboard-write; encrypted-media; gyroscope; picture-in-picture; web-share\" referrerpolicy=\"strict-origin-when-cross-origin\" allowfullscreen><\/iframe><\/p>\n<p><span style=\"font-weight: 400;\">Plusieurs pays, dont le Malawi, le Mali et l\u2019Ouganda, <strong>ont renforc\u00e9 la criminalisation des relations entre personnes de m\u00eame sexe<\/strong>, souvent sous couvert de d\u00e9fense des valeurs traditionnelles. La G\u00e9orgie et la Bulgarie ont eux suivi l\u2019exemple de la Russie en r\u00e9primant<strong> la pr\u00e9tendue \u201cpropagande LGBTI\u201d \u00bb,<\/strong> note l\u2019organisation.<\/span><\/p>\n<p><span style=\"font-weight: 400;\">Aux \u00c9tats-Unis, <strong>le gouvernement de Donald Trump a contribu\u00e9 \u00e0 entretenir un climat d\u00e9l\u00e9t\u00e8re en mati\u00e8re de justice de genre.<\/strong> En supprimant des programmes de lutte contre la discrimination, en attaquant frontalement<a target=\"_blank\" href=\"https:\/\/mrmondialisation.org\/9-atrocites-trump-mandat\/\"> les droits des personnes transgenres<\/a> et en coupant les financements d\u2019initiatives essentielles en mati\u00e8re de sant\u00e9 et d\u2019\u00e9ducation pour les femmes et les filles \u00e0 l\u2019\u00e9chelle mondiale, <strong>l\u2019administration am\u00e9ricaine a donn\u00e9 un signal clair.<\/strong><\/span><\/p>\n<h2><b>R\u00e9sistances et lueurs d\u2019espoir<\/b><\/h2>\n<blockquote>\n<p><strong><em> \u00ab L\u2019histoire regorge d\u2019exemples de personnes courageuses qui ont surmont\u00e9 des pratiques autoritaires \u00bb.<\/em><\/strong><\/p>\n<\/blockquote>\n<p><span style=\"font-weight: 400;\">Malgr\u00e9 l\u2019ampleur des reculs, Amnesty International souligne aussi <strong>les avanc\u00e9es<\/strong> port\u00e9es par la justice internationale. <strong>Certains organes multilat\u00e9raux et des \u00c9tats comme l\u2019Afrique du Sud ont rappel\u00e9 \u00e0 l\u2019unisson que l\u2019impunit\u00e9 n\u2019est pas une fatalit\u00e9.<\/strong> <\/span><\/p>\n<p><span style=\"font-weight: 400;\"><em>\u00ab La Cour p\u00e9nale internationale a d\u00e9cern\u00e9 <strong>des mandats d\u2019arr\u00eat <\/strong>contre de hauts repr\u00e9sentants de l\u2019\u00c9tat et des dirigeants de groupes arm\u00e9s <strong>d\u2019Isra\u00ebl, de Gaza, de Libye, du Myanmar et de Russie \u00bb,<\/strong><\/em> salue l\u2019organisation, <strong>en rappelant l\u2019importance de rendre des comptes, y compris au plus haut niveau.<\/strong><\/span><\/p>\n<p><span style=\"font-weight: 400;\">Agn\u00e8s Callamard, pour qui tout n\u2019est pas perdu, souligne \u00e9galement<strong> l\u2019implication des citoyens et citoyennes partout dans le monde.<\/strong> <em>\u00ab Malgr\u00e9 des d\u00e9fis de taille, la destruction des droits humains est loin d\u2019\u00eatre in\u00e9vitable. L\u2019histoire regorge d\u2019exemples de personnes courageuses qui ont surmont\u00e9 des pratiques autoritaires \u00bb.<\/em> <\/span><\/p>\n<p><span style=\"font-weight: 400;\">En 2024, plusieurs scrutins ont vu les \u00e9lecteurs rejeter dans les urnes des dirigeants hostiles aux droits fondamentaux, tandis que <strong>des millions de citoyens \u00e0 travers le monde ont manifest\u00e9 leur solidarit\u00e9 et leur refus de l\u2019injustice.<\/strong> <\/span><\/p>\n<p><span style=\"font-weight: 400;\"><em>\u00ab Alors une chose est claire : peu importe qui se dresse sur notre chemin. Nous devons continuer, et nous continuerons, <strong>de r\u00e9sister aux r\u00e9gimes irresponsables, avides de pouvoir et de profit, qui cherchent \u00e0 arracher aux gens leurs droits humains \u00bb,<\/strong><\/em> conclut avec force la secr\u00e9taire g\u00e9n\u00e9rale du mouvement.<\/span><\/p>\n<p style=\"text-align: right;\"><strong><em>\u2013 Lou A.<\/em><\/strong><\/p>\n<hr\/>\n<p style=\"text-align: right;\">Illustration @dimitrisvetsikas1969 \u2013 Pixabay<\/p>\n<div class=\"td-a-rec td-a-rec-id-content_bottom  tdi_2 td_block_template_1\">\n<span class=\"td-adspot-title\">&#8211; Cet article gratuit et ind\u00e9pendant existe gr\u00e2ce \u00e0 vous &#8211;<\/span><\/p>\n<div class=\"td-all-devices\">\n    <a target=\"_blank\" href=\"https:\/\/mrmondialisation.org\/donation\/\" title=\"Faire_un_don\"><img decoding=\"async\" class=\"donationArticle\" src=\"https:\/\/mrmondialisation.org\/wp-content\/uploads\/2022\/12\/220405-flikalicious-final.jpg\" alt=\"Donation\"\/><\/a>\n<\/div>\n<\/div><\/div>\n<p><br \/>\n<br \/><a href=\"https:\/\/mrmondialisation.org\/crise-monde-sombre-rapport-amnesty\/\" target=\"_blank\"\">Source link <\/a><\/p>\n","protected":false},"excerpt":{"rendered":"<p>Une \u00ab crise mondiale des droits humains \u00bb\u00a0nourrie par \u00ab des pratiques autoritaires auxquelles se m\u00eale la cupidit\u00e9 des grandes entreprises \u00bb\u2026 C\u2019est le verdict implacable du dernier rapport annuel&hellip; <\/p>\n","protected":false},"author":1,"featured_media":11225,"comment_status":"open","ping_status":"open","sticky":false,"template":"","format":"standard","meta":{"footnotes":""},"categories":[1],"tags":[],"class_list":["post-11224","post","type-post","status-publish","format-standard","has-post-thumbnail","hentry","category-non-classe"],"_links":{"self":[{"href":"https:\/\/monde25.info\/index.php\/wp-json\/wp\/v2\/posts\/11224","targetHints":{"allow":["GET"]}}],"collection":[{"href":"https:\/\/monde25.info\/index.php\/wp-json\/wp\/v2\/posts"}],"about":[{"href":"https:\/\/monde25.info\/index.php\/wp-json\/wp\/v2\/types\/post"}],"author":[{"embeddable":true,"href":"https:\/\/monde25.info\/index.php\/wp-json\/wp\/v2\/users\/1"}],"replies":[{"embeddable":true,"href":"https:\/\/monde25.info\/index.php\/wp-json\/wp\/v2\/comments?post=11224"}],"version-history":[{"count":0,"href":"https:\/\/monde25.info\/index.php\/wp-json\/wp\/v2\/posts\/11224\/revisions"}],"wp:featuredmedia":[{"embeddable":true,"href":"https:\/\/monde25.info\/index.php\/wp-json\/wp\/v2\/media\/11225"}],"wp:attachment":[{"href":"https:\/\/monde25.info\/index.php\/wp-json\/wp\/v2\/media?parent=11224"}],"wp:term":[{"taxonomy":"category","embeddable":true,"href":"https:\/\/monde25.info\/index.php\/wp-json\/wp\/v2\/categories?post=11224"},{"taxonomy":"post_tag","embeddable":true,"href":"https:\/\/monde25.info\/index.php\/wp-json\/wp\/v2\/tags?post=11224"}],"curies":[{"name":"wp","href":"https:\/\/api.w.org\/{rel}","templated":true}]}}