{"id":11228,"date":"2025-06-30T17:10:05","date_gmt":"2025-06-30T15:10:05","guid":{"rendered":"https:\/\/monde25.info\/index.php\/2025\/06\/30\/lascendance-nazie-de-la-nouvelle-patronne-du-mi6-revelee-par-la-presse\/"},"modified":"2025-06-30T17:10:05","modified_gmt":"2025-06-30T15:10:05","slug":"lascendance-nazie-de-la-nouvelle-patronne-du-mi6-revelee-par-la-presse","status":"publish","type":"post","link":"https:\/\/monde25.info\/index.php\/2025\/06\/30\/lascendance-nazie-de-la-nouvelle-patronne-du-mi6-revelee-par-la-presse\/","title":{"rendered":"L\u2019ascendance nazie de la nouvelle patronne du MI6 r\u00e9v\u00e9l\u00e9e par la presse"},"content":{"rendered":"<p> <br \/>\n<\/p>\n<div>\n<p>Future premi\u00e8re dirigeante femme des services de renseignement ext\u00e9rieur britannique (MI6), Blaise Metreweli a fait beaucoup parler lors de sa nomination mi-juin. La directrice g\u00e9n\u00e9rale de la section \u201cQ\u201d fait \u00e0 nouveau la une des journaux britanniques et la raison suscite cette fois-ci la pol\u00e9mique. Blaise Metreweli est la petite fille d\u2019un certain Constantine Dobrowolski, un d\u00e9serteur de l\u2019arm\u00e9e russe mais surtout un espion nazi, surnomm\u00e9 \u201cLe Boucher\u201d pendant la Seconde Guerre mondiale.<span class=\"Apple-converted-space\">\u00a0<\/span><\/p>\n<p>\u00c2g\u00e9e de 47 ans, la nouvelle patronne du MI6 est dipl\u00f4m\u00e9e en anthropologie de l\u2019Universit\u00e9 de Cambridge et a rejoint ce service en 1999, o\u00f9 elle a occup\u00e9 divers postes op\u00e9rationnels au Moyen-Orient et en Europe.<span class=\"Apple-converted-space\">\u00a0<\/span><\/p>\n<p><strong>Petite-fille d\u2019un espion nazi<\/strong><\/p>\n<p>Avant sa nomination, elle \u00e9tait directrice g\u00e9n\u00e9rale de la section \u201cQ\u201d, charg\u00e9e des questions technologiques et de l\u2019innovation au sein du MI6, un r\u00f4le qu\u2019elle occupe encore et qui l\u2019a conduite \u00e0 superviser les d\u00e9veloppements technologiques strat\u00e9giques de l\u2019agence.<span class=\"Apple-converted-space\">\u00a0<\/span><\/p>\n<p>Sa nomination a suscit\u00e9 une attention particuli\u00e8re, notamment en Grande-Bretagne. Le Premier ministre Keir Starmer avait qualifi\u00e9 la nomination \u201cd\u2019historique\u201d, de par le profil in\u00e9dit de la concern\u00e9e, tandis que la presse britannique s\u2019est empress\u00e9e de d\u00e9voiler le maximum d\u2019informations sur le parcours de Blaise Metreweli, qui a aussi exerc\u00e9 des responsabilit\u00e9s de direction au MI5, le service de renseignement int\u00e9rieur, et qui succ\u00e9dera \u00e0 Richard Moore \u00e0 l\u2019automne 2025.<span class=\"Apple-converted-space\">\u00a0<\/span><\/p>\n<p>\u00ab\u00a0Dans un contexte d&rsquo;instabilit\u00e9 mondiale et de menaces s\u00e9curitaires croissantes o\u00f9 la technologie conf\u00e8re un avantage strat\u00e9gique (&#8230;) Blaise veillera \u00e0 ce que le Royaume-Uni rel\u00e8ve ces d\u00e9fis pour garantir la s\u00e9curit\u00e9 du pays\u00a0\u00bb, avait r\u00e9agi le ministre des Affaires \u00e9trang\u00e8res, David Lammy.<span class=\"Apple-converted-space\">\u00a0<\/span><\/p>\n<p>La concern\u00e9e s\u2019\u00e9tait juste dite \u201cfi\u00e8re et honor\u00e9e qu&rsquo;on me demande de diriger mon service\u00a0\u00bb, se \u00ab\u00a0r\u00e9jouissant\u00a0\u00bb de poursuivre son travail aux c\u00f4t\u00e9s des \u00ab\u00a0courageux officiers\u00a0\u00bb du MI6, sans d\u00e9voiler plus de commentaires.\u00a0<\/p>\n<p>De quoi pousser la presse locale \u00e0 enqu\u00eater sur ce profil pour en savoir davantage. Vendredi, c\u2019est The Daily Mail qui d\u00e9voile les premi\u00e8res informations. Il est alors fait mention de Constantine Dobrowolski, un d\u00e9serteur de l&rsquo;arm\u00e9e russe, espion nazi pendant la Seconde Guerre mondiale, surnomm\u00e9 \u201cLe Boucher\u201d ou encore \u201cAgent n\u00b030\u201d. Il s\u2019agit du grand-p\u00e8re paternel de la nouvelle patronne du renseignement ext\u00e9rieur<span class=\"Apple-converted-space\">\u00a0<\/span><\/p>\n<p>Membre de la Wehrmacht, l\u2019arm\u00e9e du III<sup>e<\/sup> Reich, Constantine Dobrowolski aurait \u201cpersonnellement contribu\u00e9 \u00e0 l\u2019extermination des Juifs\u201d en Europe. Il l\u2019affirmait lui-m\u00eame dans des courriers \u00e9chang\u00e9s avec ses sup\u00e9rieurs et r\u00e9v\u00e9l\u00e9s par The Daily Mail.<span class=\"Apple-converted-space\">\u00a0<\/span><\/p>\n<p>Son \u00e9pouse aurait fui au Royaume-Uni avec leur enfant, \u00e0 savoir le futur p\u00e8re de Blaise Metreweli.<\/p>\n<p>La BBC rench\u00e9rit en d\u00e9voilant que Constantine Dobrowolski faisait partie des personnes recherch\u00e9es par le KGB dans les ann\u00e9es 1960 comme agents de renseignement \u00e9trangers et \u201ctra\u00eetres \u00e0 la m\u00e8re patrie\u201d.<span class=\"Apple-converted-space\">\u00a0<\/span><\/p>\n<p><strong>Un h\u00e9ritage assez fr\u00e9quent &#8230;<\/strong><\/p>\n<p>La pol\u00e9mique a fait r\u00e9agir le minist\u00e8re britannique des Affaires \u00e9trang\u00e8res, qui g\u00e8re le renseignement ext\u00e9rieur. Blaise Metreweli, explique-t-on, \u201cn&rsquo;avait jamais connu ni rencontr\u00e9 son grand-p\u00e8re paternel\u201d. \u201cL&rsquo;ascendance de Blaise est marqu\u00e9e par les conflits et les divisions et, comme c&rsquo;est le cas pour de nombreuses personnes d&rsquo;origine est-europ\u00e9enne, elle n&rsquo;est que partiellement connue. C&rsquo;est pr\u00e9cis\u00e9ment cet h\u00e9ritage complexe qui a contribu\u00e9 \u00e0 son engagement pour pr\u00e9venir les conflits et prot\u00e9ger la population britannique des menaces modernes \u00e9manant d&rsquo;\u00c9tats hostiles\u201d, a-t-on ajout\u00e9.<\/p>\n<p>La question de l\u2019ascendance nazie chez certains dirigeants europ\u00e9ens, qu\u2019ils soient \u00e0 la t\u00eate d\u2019un gouvernement ou de services de renseignement, suscite de plus en plus de d\u00e9bats. Le dernier en date \u00e0 se faire rappeler ses origines est Friedrich Merz, chancelier allemand, dont le grand-p\u00e8re maternel a \u00e9t\u00e9 membre du NSDAP et maire sous le r\u00e9gime hitl\u00e9rien. Lors de sa rencontre d\u00e9but juin avec Donald Trump, le pr\u00e9sident am\u00e9ricain n\u2019avait d\u2019ailleurs pas manqu\u00e9 de lui rappeler son ascendance et le pass\u00e9 de son pays.<span class=\"Apple-converted-space\">\u00a0<\/span><\/p>\n<p>Le grand-p\u00e8re de l\u2019actuel roi Willem-Alexander, le prince Bernhard, a \u00e9t\u00e9 membre du NSDAP (le parti nazi) en 1933. Il a r\u00e9ussi \u00e0 cacher cette appartenance jusqu\u2019en 1995, lorsque la presse a r\u00e9v\u00e9l\u00e9 cette information, que des archives royales ont confirm\u00e9e.<\/p>\n<p>En Belgique, c\u2019est le Premier ministre Bart De Wever qui s\u2019est vu rappeler les activit\u00e9s de son grand-p\u00e8re, membre du VNV (Ligue nationale flamande), un parti collaborationniste flamand ayant activement soutenu l\u2019occupation allemande, la d\u00e9portation des Juifs, et le recrutement de soldats pour la Waffen-SS.<\/p>\n<\/div>\n<p><script>(function(d, s, id) {  var js, fjs = d.getElementsByTagName(s)[0];  if (d.getElementById(id)) return;  js = d.createElement(s); js.id = id;  js.src = \"\/\/connect.facebook.net\/fr_FR\/sdk.js#xfbml=1&version=v2.3\";  fjs.parentNode.insertBefore(js, fjs);}(document, \"script\", \"facebook-jssdk\"));<\/script><br \/>\n<br \/><br \/>\n<br \/><a href=\"https:\/\/www.francesoir.fr\/societe-faits-divers\/royaume-uni-l-ascendance-nazie-de-la-nouvelle-patronne-du-mi6-revelee-par-la\" target=\"_blank\"\">Source link <\/a><\/p>\n","protected":false},"excerpt":{"rendered":"<p>Future premi\u00e8re dirigeante femme des services de renseignement ext\u00e9rieur britannique (MI6), Blaise Metreweli a fait beaucoup parler lors de sa nomination mi-juin. La directrice g\u00e9n\u00e9rale de la section \u201cQ\u201d fait&hellip; <\/p>\n","protected":false},"author":1,"featured_media":11229,"comment_status":"open","ping_status":"open","sticky":false,"template":"","format":"standard","meta":{"footnotes":""},"categories":[1],"tags":[],"class_list":["post-11228","post","type-post","status-publish","format-standard","has-post-thumbnail","hentry","category-non-classe"],"_links":{"self":[{"href":"https:\/\/monde25.info\/index.php\/wp-json\/wp\/v2\/posts\/11228","targetHints":{"allow":["GET"]}}],"collection":[{"href":"https:\/\/monde25.info\/index.php\/wp-json\/wp\/v2\/posts"}],"about":[{"href":"https:\/\/monde25.info\/index.php\/wp-json\/wp\/v2\/types\/post"}],"author":[{"embeddable":true,"href":"https:\/\/monde25.info\/index.php\/wp-json\/wp\/v2\/users\/1"}],"replies":[{"embeddable":true,"href":"https:\/\/monde25.info\/index.php\/wp-json\/wp\/v2\/comments?post=11228"}],"version-history":[{"count":0,"href":"https:\/\/monde25.info\/index.php\/wp-json\/wp\/v2\/posts\/11228\/revisions"}],"wp:featuredmedia":[{"embeddable":true,"href":"https:\/\/monde25.info\/index.php\/wp-json\/wp\/v2\/media\/11229"}],"wp:attachment":[{"href":"https:\/\/monde25.info\/index.php\/wp-json\/wp\/v2\/media?parent=11228"}],"wp:term":[{"taxonomy":"category","embeddable":true,"href":"https:\/\/monde25.info\/index.php\/wp-json\/wp\/v2\/categories?post=11228"},{"taxonomy":"post_tag","embeddable":true,"href":"https:\/\/monde25.info\/index.php\/wp-json\/wp\/v2\/tags?post=11228"}],"curies":[{"name":"wp","href":"https:\/\/api.w.org\/{rel}","templated":true}]}}