{"id":11236,"date":"2025-06-30T19:55:09","date_gmt":"2025-06-30T17:55:09","guid":{"rendered":"https:\/\/monde25.info\/index.php\/2025\/06\/30\/une-manipulation-des-elites-mondiales-les-moutons-enrages\/"},"modified":"2025-06-30T19:55:09","modified_gmt":"2025-06-30T17:55:09","slug":"une-manipulation-des-elites-mondiales-les-moutons-enrages","status":"publish","type":"post","link":"https:\/\/monde25.info\/index.php\/2025\/06\/30\/une-manipulation-des-elites-mondiales-les-moutons-enrages\/","title":{"rendered":"une manipulation des \u00e9lites mondiales ? \u2013 Les moutons enrag\u00e9s"},"content":{"rendered":"<p> <br \/>\n<\/p>\n<div>\n<p>Par Xavier Azalbert, <a target=\"_blank\" href=\"https:\/\/www.francesoir.fr\/opinions-editos\/tout-detruire-pour-mieux-reconstruire-une-manipulation-des-elites-mondiales\" data-type=\"link\" data-id=\"https:\/\/www.francesoir.fr\/opinions-editos\/tout-detruire-pour-mieux-reconstruire-une-manipulation-des-elites-mondiales\">publi\u00e9 le 27 juin 2025<\/a><\/p>\n<div class=\"wp-block-image\">\n<figure class=\"aligncenter size-large is-resized\"><img fetchpriority=\"high\" decoding=\"async\" width=\"550\" height=\"309\" src=\"https:\/\/lesmoutonsenrages.fr\/wp-content\/uploads\/2025\/06\/image-184-550x309.png\" alt=\"\" class=\"wp-image-167563\" style=\"width:637px;height:auto\" srcset=\"https:\/\/lesmoutonsenrages.fr\/wp-content\/uploads\/2025\/06\/image-184-550x309.png 550w, https:\/\/lesmoutonsenrages.fr\/wp-content\/uploads\/2025\/06\/image-184-250x141.png 250w, https:\/\/lesmoutonsenrages.fr\/wp-content\/uploads\/2025\/06\/image-184-768x432.png 768w, https:\/\/lesmoutonsenrages.fr\/wp-content\/uploads\/2025\/06\/image-184-150x84.png 150w, https:\/\/lesmoutonsenrages.fr\/wp-content\/uploads\/2025\/06\/image-184.png 1300w\" sizes=\"(max-width: 550px) 100vw, 550px\"\/><figcaption class=\"wp-element-caption\"><img loading=\"lazy\" decoding=\"async\" width=\"10\" height=\"10\" class=\"\" src=\"https:\/\/www.francesoir.fr\/themes\/custom\/francesoir\/image\/copyright-symbol-logo.png\" onload=\"pagespeed.lazyLoadImages.loadIfVisibleAndMaybeBeacon(this);\" onerror=\"this.onerror=null;pagespeed.lazyLoadImages.loadIfVisibleAndMaybeBeacon(this);\"\/>\u00a0Pixabay<\/figcaption><\/figure>\n<\/div>\n<p><strong>Une guerre orchestr\u00e9e ?<\/strong><\/p>\n<p>Depuis le 13 juin 2025, les m\u00e9dias occidentaux ont diffus\u00e9 des images de destructions importantes en Iran et en Isra\u00ebl, attribu\u00e9es \u00e0 une \u00ab\u00a0guerre\u00a0\u00bb marqu\u00e9e par des bombardements et des tirs de missiles. Mais que se passe-t-il vraiment ? Un g\u00e9opolitologue et historien, fort de 40 ans d\u2019analyse, avance une hypoth\u00e8se troublante : \u00ab\u00a0<em>ces destructions ne seraient pas le fruit d\u2019un conflit spontan\u00e9, mais d\u2019un accord entre les dirigeants des deux pays pour raser des zones cibl\u00e9es et reconstruire une \u00ab\u00a0nouvelle J\u00e9rusalem\u00a0\u00bb, un projet \u00e0 la fois symbolique et \u00e9conomique.\u00a0\u00bb\u00a0<\/em>Cette th\u00e8se, qui \u00e9voque une gouvernance plan\u00e9taire orchestr\u00e9e par des \u00e9lites d\u00e9connect\u00e9es, m\u00e9rite d\u2019\u00eatre examin\u00e9e.<\/p>\n<div class=\"wp-block-image\">\n<figure class=\"aligncenter size-large is-resized\"><img loading=\"lazy\" decoding=\"async\" width=\"550\" height=\"170\" src=\"https:\/\/lesmoutonsenrages.fr\/wp-content\/uploads\/2025\/06\/image-186-550x170.png\" alt=\"\" class=\"wp-image-167565\" style=\"width:608px;height:auto\" srcset=\"https:\/\/lesmoutonsenrages.fr\/wp-content\/uploads\/2025\/06\/image-186-550x170.png 550w, https:\/\/lesmoutonsenrages.fr\/wp-content\/uploads\/2025\/06\/image-186-250x77.png 250w, https:\/\/lesmoutonsenrages.fr\/wp-content\/uploads\/2025\/06\/image-186-768x237.png 768w, https:\/\/lesmoutonsenrages.fr\/wp-content\/uploads\/2025\/06\/image-186-150x46.png 150w, https:\/\/lesmoutonsenrages.fr\/wp-content\/uploads\/2025\/06\/image-186.png 1249w\" sizes=\"auto, (max-width: 550px) 100vw, 550px\" onload=\"pagespeed.lazyLoadImages.loadIfVisibleAndMaybeBeacon(this);\" onerror=\"this.onerror=null;pagespeed.lazyLoadImages.loadIfVisibleAndMaybeBeacon(this);\"\/><\/figure>\n<\/div>\n<p>La\u00a0<a target=\"_blank\" href=\"https:\/\/www.francesoir.fr\/politique-france\/sondage-exclusif-les-francais-expriment-leur-totale-defiance-envers-macron-et\" target=\"_blank\" rel=\"noreferrer noopener\">fracture consacr\u00e9e entre les \u00e9lites et le peuple \u00e9tablie dans les sondages r\u00e9cents est l\u2019\u00e9l\u00e9ment qui m\u2019a conduit \u00e0 m\u2019int\u00e9resser \u00e0 cette th\u00e8se<\/a>. En effet, 65 % des Fran\u00e7ais consid\u00e8rent Macron comme un mauvais pr\u00e9sident, 56 % ont honte de lui, et seuls 4 % pensent qu\u2019il m\u00e8ne le pays dans la bonne direction. Cette d\u00e9fiance s\u2019\u00e9tend au gouvernement, avec 67 % des sond\u00e9s d\u00e9clarant\u00a0n\u2019avoir aucune confiance\u00a0en lui et\u00a070 % estimant que lui et son gouvernement n\u2019agissent pas\u00a0dans l\u2019int\u00e9r\u00eat de la population. Ce n\u2019est pas la premi\u00e8re fois que de telles hypoth\u00e8ses voient le jour, cependant les \u00e9v\u00e8nements r\u00e9cents donnent mati\u00e8re \u00e0 r\u00e9fl\u00e9chir. Voici pourquoi.<\/p>\n<p>La grande majorit\u00e9, voire l\u2019ultra majorit\u00e9 des dirigeants mondiaux, des chefs d\u2019\u00c9tat aux responsables des banques centrales, en passant par les patrons des trusts pharmaceutiques, agroalimentaires et des GAFAM,\u00a0<strong>semblent agir de concert<\/strong>. Selon certains observateurs de plusieurs horizons, \u00ab\u00a0<em>ils formeraient une unit\u00e9 de commandement au service d\u2019int\u00e9r\u00eats supranationaux, potentiellement li\u00e9s \u00e0 un petit groupe d\u2019\u00e9lites influentes<\/em>\u00a0\u00bb. Le\u00a0<a target=\"_blank\" href=\"https:\/\/www.ats.aq\/f\/antarctictreaty.html\" target=\"_blank\" rel=\"noreferrer noopener\">trait\u00e9 sur l\u2019Antarctique<\/a>, sign\u00e9 par tous les pays, y compris la Cor\u00e9e du Nord,\u00a0<strong>quiinterdit l\u2019acc\u00e8s \u00e0 ce continent<\/strong>, illustre qu\u2019une coordination globale est possible m\u00eame si elle se fait rare. Ce n\u2019est pas une preuve d\u00e9finitive, mais un indice troublant.<\/p>\n<p>Ces \u00e9lites se\u00a0<strong>retrouvent dans des cercles aux \u00ab\u00a0<\/strong><em><strong>r\u00e8gles et contours opaques<\/strong><\/em><strong>\u00a0\u00bb<\/strong>\u00a0comme le Forum \u00e9conomique mondial (Davos), le groupe Bilderberg et le Club de Rome pour ne citer que ceux-l\u00e0. \u00c0 Davos, des figures comme Klaus Schwab discutent de projets comme le \u00ab\u00a0<em>Great Reset<\/em>\u00a0\u00bb, pr\u00e9sent\u00e9 comme\u00a0<strong>une refonte de l\u2019\u00e9conomie mondiale<\/strong>, mais \u00e0 desein pr\u00eat \u00e0\u00a0<strong>\u00ab\u00a0<\/strong><em><strong>servir des agendas de reconstruction post-conflit<\/strong><\/em><strong>\u00a0\u00bb\u00a0<\/strong>m\u2019explique un visiteur assidu de Davos. Fort de son exp\u00e9rience \u00e0 haut niveau dans le lobbying et le conseil en management, il ajoute\u00a0: \u00ab\u00a0<em>beaucoup de ces sujets sont discut\u00e9s en marge de ces forums dans des discussions priv\u00e9es, et c\u2019est d\u2019ailleurs l\u2019objet de ces forum\u00a0de proposer aux divers participants d\u2019avoir des groupes de travail ou d\u2019\u00e9tude en marge des grandes messes<\/em>\u00a0\u00bb. Bilderberg, avec ses\u00a0<strong>r\u00e9unions confidentielles<\/strong>\u00a0depuis 1954, r\u00e9unit politiciens, militaires et financiers, souvent s\u00e9lectionn\u00e9s pour \u00ab\u00a0<em>leur loyaut\u00e9 ind\u00e9l\u00e9bile \u00e0 des r\u00e9seaux laissant de cot\u00e9 la m\u00e9ritocratie<\/em>\u00a0\u00bb d\u00e9crit \u00ab\u00a0l\u2019expert Davossien\u00a0\u00bb. Le Club de Rome, avec ses rapports sur la surpopulation, alimente l\u2019id\u00e9e d\u2019un contr\u00f4le d\u00e9mographique, o\u00f9 des conflits orchestr\u00e9s serviraient \u00e0 \u00ab\u00a0<em>r\u00e9guler<\/em>\u00a0\u00bb les masses. Quand Emmanuel Macron parle de \u00ab\u00a0<em>fin de l\u2019abondance<\/em>\u00a0\u00bb ou Val\u00e9rie Hayer d\u00e9fend des politiques impopulaires, on aper\u00e7oit\u00a0<strong>une \u00e9lite d\u00e9connect\u00e9e<\/strong>, s\u00e9lectionn\u00e9e\u00a0<strong>non pour son bon sens<\/strong>\u00a0qui viserait \u00e0 d\u00e9fendre les int\u00e9r\u00eats du peuple, mais pour son all\u00e9geance \u00e0 ces cercles qui vise \u00e0 d\u00e9fendre un agenda qui va trop souvent \u00e0 l\u2019encontre des int\u00e9r\u00eats des populations.<\/p>\n<div class=\"wp-block-image\">\n<figure class=\"aligncenter size-large is-resized\"><img loading=\"lazy\" decoding=\"async\" width=\"550\" height=\"309\" src=\"https:\/\/lesmoutonsenrages.fr\/wp-content\/uploads\/2025\/06\/image-188-550x309.png\" alt=\"\" class=\"wp-image-167567\" style=\"width:571px;height:auto\" srcset=\"https:\/\/lesmoutonsenrages.fr\/wp-content\/uploads\/2025\/06\/image-188-550x309.png 550w, https:\/\/lesmoutonsenrages.fr\/wp-content\/uploads\/2025\/06\/image-188-250x141.png 250w, https:\/\/lesmoutonsenrages.fr\/wp-content\/uploads\/2025\/06\/image-188-768x432.png 768w, https:\/\/lesmoutonsenrages.fr\/wp-content\/uploads\/2025\/06\/image-188-150x84.png 150w, https:\/\/lesmoutonsenrages.fr\/wp-content\/uploads\/2025\/06\/image-188.png 1280w\" sizes=\"auto, (max-width: 550px) 100vw, 550px\" onload=\"pagespeed.lazyLoadImages.loadIfVisibleAndMaybeBeacon(this);\" onerror=\"this.onerror=null;pagespeed.lazyLoadImages.loadIfVisibleAndMaybeBeacon(this);\"\/><\/figure>\n<\/div>\n<h5 class=\"wp-block-heading\"><strong>Iran-Isra\u00ebl : destructions cibl\u00e9es ou mascarade ?<\/strong><\/h5>\n<p>Les destructions en Iran et en Isra\u00ebl, attribu\u00e9es \u00e0 des missiles ou des drones, soul\u00e8vent des questions. Pourquoi les cibles ne sont-elles pas\u00a0<strong>des infrastructures strat\u00e9giques<\/strong>\u00a0(centrales \u00e9lectriques, postes de commandement), mais des zones r\u00e9sidentielles ou commerciales, comme si elles paraissaient promises \u00e0 la d\u00e9molition ?<\/p>\n<p>\u00c0 Tel-Aviv, par exemple, les quartiers touch\u00e9s co\u00efncident avec des projets de r\u00e9novation urbaine, comme l\u2019a not\u00e9 le politologue Olivier Demeulenaere dans un article du 15 juin 2025 \u00ab\u00a0<a target=\"_blank\" href=\"https:\/\/olivierdemeulenaere.wordpress.com\/2025\/06\/17\/la-guerre-entre-israel-et-liran-une-psy-op\/\" target=\"_blank\" rel=\"noreferrer noopener\"><em>La guerre entre Isra\u00ebl et l\u2019Iran : une PSY-OP ?<\/em><\/a><em>\u00a0\u00bb<\/em>. Il observe que les zones \u00ab\u00a0<em>frapp\u00e9es<\/em>\u00a0\u00bb \u00e0 Tel-Aviv correspondent \u00e0\u00a0<strong>des plans d\u2019 \u00ab\u00a0<\/strong><em><strong>\u00e9vacuation-reconstruction<\/strong><\/em><strong>\u00a0\u00bb bloqu\u00e9s depuis des ann\u00e9es<\/strong>, g\u00e9r\u00e9s par des entreprises li\u00e9es \u00e0 des fonds d\u2019investissement mondiaux.<\/p>\n<p>De plus, les images diffus\u00e9es semblent parfois incoh\u00e9rentes : absence de crat\u00e8res typiques de missiles, b\u00e2timents effondr\u00e9s comme lors de d\u00e9molitions contr\u00f4l\u00e9es, flux en direct montrant des jets, mais pas de missiles. Il n\u2019est donc pas impensable, selon deux sp\u00e9cialistes isra\u00e9liens, oppos\u00e9s au r\u00e9gime actuel de Netanyahou, \u00ab\u00a0<em>que des explosifs auraient pu \u00eatre plac\u00e9s \u00e0 l\u2019int\u00e9rieur des b\u00e2timents par des agents locaux\u00a0\u00bb\u00a0<\/em>; au m\u00eame titre que l\u2019effondrement controvers\u00e9e de la septi\u00e8me tour (WTC 7), le jour des attentats du 11 septembre 2001, ce b\u00e2timent qui abritait des archives financi\u00e8res. Cette hypoth\u00e8se expliquerait le faible nombre de victimes : les habitants seraient \u00e9vacu\u00e9s avant les bombardements \u00e0 but de \u00ab\u00a0destructions\u00a0\u00bb.<\/p>\n<h5 class=\"wp-block-heading\">\u00a0<\/h5>\n<h5 class=\"wp-block-heading\"><strong>Les enjeux : une \u00ab\u00a0nouvelle J\u00e9rusalem\u00a0\u00bb ?<\/strong><\/h5>\n<p>Pourquoi d\u00e9truire pour reconstruire ? La r\u00e9gion Iran-Isra\u00ebl est strat\u00e9gique : gisements de p\u00e9trole et de gaz, voies maritimes, et un symbolisme religieux unique (lieu saint pour juifs, chr\u00e9tiens et musulmans). Une \u00ab\u00a0nouvelle J\u00e9rusalem\u00a0\u00bb pourrait devenir un hub \u00e9conomique r\u00e9gional, contr\u00f4l\u00e9 par des multinationales li\u00e9es aux \u00e9lites de Davos ou Bilderberg.<\/p>\n<p>Les contrats de reconstruction, attribu\u00e9s \u00e0 des promoteurs proches des cercles financiers, g\u00e9n\u00e9reraient des profits colossaux. Le faible cours du p\u00e9trole et de l\u2019or, malgr\u00e9 les annonces de \u00ab\u00a0guerre\u00a0\u00bb, renforce l\u2019id\u00e9e qu\u2019une mise en sc\u00e8ne n\u2019est pas \u00e0 exclure :\u00a0<strong>les march\u00e9s, souvent sensibles aux conflits, semblent indiff\u00e9rents.<\/strong><\/p>\n<h5 class=\"wp-block-heading\">\u00a0<\/h5>\n<h5 class=\"wp-block-heading\"><strong>Les peuples, victimes d\u2019une manipulation ?<\/strong><\/h5>\n<p>Les huit milliards d\u2019habitants de la plan\u00e8te, r\u00e9duits \u00e0 des \u00ab\u00a0consommateurs\u00a0\u00bb ou de la \u00ab\u00a0main-d\u2019\u0153uvre\u00a0\u00bb, sont les premi\u00e8res victimes. En Iran et en Isra\u00ebl, les habitants des zones d\u00e9truites subissent des d\u00e9placements forc\u00e9s et des pertes mat\u00e9rielles, tandis que les m\u00e9dias attisent la peur et la division. Cette strat\u00e9gie de \u00ab\u00a0<em>diviser pour mieux r\u00e9gner<\/em>\u00a0\u00bb maintient les \u00e9lites au pouvoir, comme elles l\u2019ont fait depuis 1945, orchestrant des crises pour d\u00e9tourner la col\u00e8re des peuples.\u00a0<\/p>\n<p>Aujourd\u2019hui, avec Internet et une prise de conscience croissante, les dirigeants, notamment occidentaux,\u00a0<strong>semblent craindre une ou des r\u00e9volte(s)\u00a0<\/strong>telle la mont\u00e9e des Gilets jaunes en 2018 qui fit grandement peur au pr\u00e9sident Macron. Les appels r\u00e9p\u00e9t\u00e9s d\u2019Emmanuel Macron ou d\u2019Ursula von der Leyen \u00e0 la construction d\u2019une arm\u00e9e europ\u00e9enne visant \u00e0 extraire quelques 850 milliards des europ\u00e9ens accompagn\u00e9s d\u2019une rh\u00e9torique de type \u00ab\u00a0troisi\u00e8me guerre mondiale\u00a0\u00bb\u00a0<strong>pourraient viser \u00e0 pr\u00e9cipiter les peuples dans un conflit global<\/strong>, \u00e9touffant ainsi toute vell\u00e9it\u00e9 de r\u00e9bellion.<\/p>\n<h5 class=\"wp-block-heading\">\u00a0<\/h5>\n<h5 class=\"wp-block-heading\"><strong>Et maintenant ?<\/strong><\/h5>\n<p>Si cette hypoth\u00e8se se r\u00e9v\u00e8le erron\u00e9e, la Charte de Munich me rappellera au devoir de publier\u00a0<strong>une r\u00e9futation \u00e9tablie sur des preuves solides<\/strong>. Mais, les incoh\u00e9rences actuelles \u2013 absence de cibles strat\u00e9giques, images douteuses, silence des march\u00e9s \u2013 exigent des r\u00e9ponses.\u00a0<\/p>\n<p>Les citoyens doivent enqu\u00eater, consulter des sources alternatives et exiger des investigations ind\u00e9pendantes. Les \u00e9lites de Davos, Bilderberg ou du Club de Rome ne rendront pas de comptes sans pression populaire au m\u00eame titre que les administrations rendent de plus en plus difficile l\u2019acc\u00e8s aux donn\u00e9es; par exemple, sur la mortalit\u00e9 toutes causes avec statut vaccinal telle que demand\u00e9e par Laurent Toubiana et BonSens.org depuis bient\u00f4t trois ans. Ou m\u00eame les fameux \u00e9changes de SMS entre Von der Leyen et Albert Bourla autour de la n\u00e9gociation d\u2019un des plus gros contrats de vaccins.\u00a0<strong>S\u2019ils n\u2019ont rien \u00e0 cacher, alors pourquoi ne montrent-ils pas ces \u00e9changes\u00a0ou les donn\u00e9es ?<\/strong>\u00a0<\/p>\n<p>Il est temps de reprendre notre souverainet\u00e9, confisqu\u00e9e par une gouvernance qui traite les peuples comme des pions, s\u2019assoient sur les r\u00e8gles de droits et la transparence qu\u2019ils invoquent \u00e0 tout bout de champ.<\/p>\n<h5 class=\"wp-block-heading\"><strong>V\u00e9rit\u00e9 ou manipulation ? Entre Machiavel, Roosevelt et les ambigu\u00eft\u00e9s de Trump<\/strong><\/h5>\n<p>Entre Machiavel, qui enseignait aux puissants qu\u2019\u00ab\u00a0<em>il vaut mieux \u00eatre craint qu\u2019aim\u00e9<\/em>\u00a0\u00bb, et Roosevelt, qui affirmait que \u00ab\u00a0<em>la seule chose dont nous devons avoir peur, c\u2019est la peur elle-m\u00eame<\/em>\u00a0\u00bb, il est difficile de choisir.\u00a0<\/p>\n<p>Les \u00e9lites semblent avoir adopt\u00e9 la le\u00e7on de Machiavel,\u00a0<strong>utilisant la peur pour diviser et r\u00e9gner<\/strong>, donnant l\u2019impression d\u2019orchestrer des crises comme celle entre l\u2019Iran et Isra\u00ebl pour servir leurs int\u00e9r\u00eats. Mais Roosevelt nous rappelle que la peur, mal ma\u00eetris\u00e9e, peut changer de camp. \u00a0Ce qui est plus inqui\u00e9tant n\u2019est pas la voix de ceux, les sur-communicants, les accros \u00e0 la communication, qui utilisent ces conflits pour s\u2019exprimer \u00e0 outrance, mais celle de ceux qui \u0153uvrent dans le silence.<\/p>\n<p>La \u00ab\u00a0guerre\u00a0\u00bb Iran-Isra\u00ebl est-elle un conflit g\u00e9opolitique classique ou une pi\u00e8ce de th\u00e9\u00e2tre orchestr\u00e9e par une \u00e9lite mondiale ? Ce 25 juin 2025, au sommet de l\u2019OTAN, Donald Trump a revendiqu\u00e9 la fin de la \u00ab\u00a0<em>Guerre de Douze Jours<\/em>\u00a0\u00bb entre Isra\u00ebl et l\u2019Iran, affirmant avoir \u00ab\u00a0<em>an\u00e9anti<\/em>\u00a0\u00bb la menace nucl\u00e9aire iranienne tout en niant que les frappes visaient des sites nucl\u00e9aires. Ces contradictions \u2013 une guerre termin\u00e9e en un temps record, des destructions s\u00e9lectives, un cessez-le-feu fragile \u2013 renforcent les soup\u00e7ons d\u2019une mise en sc\u00e8ne. Qui a \u0153uvr\u00e9 en coulisses pour que l\u2019Iran, attaqu\u00e9e, apporte une riposte ? \u00a0\u00a0<\/p>\n<p>Gr\u00e2ce \u00e0 Internet et \u00e0 une prise de conscience croissante, les peuples pourraient retourner cette peur contre leurs dirigeants.\u00a0<\/p>\n<blockquote class=\"wp-block-quote is-layout-flow wp-block-quote-is-layout-flow\">\n<p>La \u00ab nouvelle J\u00e9rusalem \u00bb des \u00e9lites deviendra-t-elle leur chute ?<\/p>\n<\/blockquote>\n<p>\u00c0 nous de poser les bonnes questions, d\u2019exiger des r\u00e9ponses et de reprendre notre souverainet\u00e9.<\/p>\n<p>Xavier Azalbert, France-Soir<\/p>\n<p>Tous les articles, la tribune libre et les commentaires sont sous la responsabilit\u00e9 de leurs auteurs. Les Moutons Enrag\u00e9s ne sauraient \u00eatre tenus responsables de leur contenu ou orientation en les publiant ou republiant sur le site.<\/p>\n<\/div>\n<p><br \/>\n<br \/><a href=\"https:\/\/lesmoutonsenrages.fr\/2025\/06\/28\/tout-detruire-pour-mieux-reconstruire-une-manipulation-des-elites-mondiales\/\" target=\"_blank\"\">Source link <\/a><\/p>\n","protected":false},"excerpt":{"rendered":"<p>Par Xavier Azalbert, publi\u00e9 le 27 juin 2025 \u00a0Pixabay Une guerre orchestr\u00e9e ? Depuis le 13 juin 2025, les m\u00e9dias occidentaux ont diffus\u00e9 des images de destructions importantes en Iran&hellip; <\/p>\n","protected":false},"author":1,"featured_media":11237,"comment_status":"open","ping_status":"open","sticky":false,"template":"","format":"standard","meta":{"footnotes":""},"categories":[1],"tags":[],"class_list":["post-11236","post","type-post","status-publish","format-standard","has-post-thumbnail","hentry","category-non-classe"],"_links":{"self":[{"href":"https:\/\/monde25.info\/index.php\/wp-json\/wp\/v2\/posts\/11236","targetHints":{"allow":["GET"]}}],"collection":[{"href":"https:\/\/monde25.info\/index.php\/wp-json\/wp\/v2\/posts"}],"about":[{"href":"https:\/\/monde25.info\/index.php\/wp-json\/wp\/v2\/types\/post"}],"author":[{"embeddable":true,"href":"https:\/\/monde25.info\/index.php\/wp-json\/wp\/v2\/users\/1"}],"replies":[{"embeddable":true,"href":"https:\/\/monde25.info\/index.php\/wp-json\/wp\/v2\/comments?post=11236"}],"version-history":[{"count":0,"href":"https:\/\/monde25.info\/index.php\/wp-json\/wp\/v2\/posts\/11236\/revisions"}],"wp:featuredmedia":[{"embeddable":true,"href":"https:\/\/monde25.info\/index.php\/wp-json\/wp\/v2\/media\/11237"}],"wp:attachment":[{"href":"https:\/\/monde25.info\/index.php\/wp-json\/wp\/v2\/media?parent=11236"}],"wp:term":[{"taxonomy":"category","embeddable":true,"href":"https:\/\/monde25.info\/index.php\/wp-json\/wp\/v2\/categories?post=11236"},{"taxonomy":"post_tag","embeddable":true,"href":"https:\/\/monde25.info\/index.php\/wp-json\/wp\/v2\/tags?post=11236"}],"curies":[{"name":"wp","href":"https:\/\/api.w.org\/{rel}","templated":true}]}}