{"id":11240,"date":"2025-06-30T22:06:41","date_gmt":"2025-06-30T20:06:41","guid":{"rendered":"https:\/\/monde25.info\/index.php\/2025\/06\/30\/dans-les-alpes-les-habitants-dune-station-votent-pour-la-fin-du-ski\/"},"modified":"2025-06-30T22:06:41","modified_gmt":"2025-06-30T20:06:41","slug":"dans-les-alpes-les-habitants-dune-station-votent-pour-la-fin-du-ski","status":"publish","type":"post","link":"https:\/\/monde25.info\/index.php\/2025\/06\/30\/dans-les-alpes-les-habitants-dune-station-votent-pour-la-fin-du-ski\/","title":{"rendered":"Dans les Alpes, les habitants d&#039;une station votent pour la fin du ski"},"content":{"rendered":"<p> <br \/>\n<br \/><img loading=\"lazy\" decoding=\"async\" src=\"https:\/\/reporterre.net\/local\/cache-vignettes\/L700xH465\/en2008maguelettpasne-f8094.jpg?1751302546\" class=\"spip_logo\" width=\"700\" height=\"465\" alt=\"\" \/><\/p>\n<p>Les habitants d&rsquo;Allos (Alpes-de-Haute-Provence) ont vot\u00e9 samedi 28\u00a0juin pour l&rsquo;arr\u00eat du ski alpin dans leur station du Val d&rsquo;Allos-Le Seignus. Confront\u00e9e \u00e0 un d\u00e9ficit chronique \u2014\u00a0700\u00a0000 euros cette ann\u00e9e\u00a0\u2014 et \u00e0 un enneigement de plus en plus al\u00e9atoire, la commune proposait trois options aux quelque 5\u00a0000 foyers fiscaux, r\u00e9sidents permanents ou secondaires\u00a0: maintenir l&rsquo;activit\u00e9 avec une hausse d&rsquo;imp\u00f4ts de 30 \u00e0 35<small class=\"fine d-inline\">\u00a0<\/small>%, la limiter partiellement au prix d&rsquo;une fiscalit\u00e9 accrue de 10 \u00e0 15<small class=\"fine d-inline\">\u00a0<\/small>%, ou y\u00a0(\u2026)<\/p>\n<p>                    <a target=\"_blank\" href=\"https:\/\/reporterre.net\/Dans-les-Alpes-les-habitants-d-une-station-votent-pour-la-fin-du-ski?utm_source=RSS&amp;utm_medium=RSS\">Lire la suite<\/a><\/p>\n<p>                    &#8211;<br \/>\n                        <a target=\"_blank\" href=\"https:\/\/reporterre.net\/Breves-20\" rel=\"directory\">En bref<\/a><\/p>\n<p>                    \/<br \/>\n                        <a target=\"_blank\" href=\"https:\/\/reporterre.net\/Montagne\" rel=\"tag\">Montagne<\/a><br \/>\n<br \/><br \/>\n<br \/><a href=\"https:\/\/reporterre.net\/Dans-les-Alpes-les-habitants-d-une-station-votent-pour-la-fin-du-ski\" target=\"_blank\"\">Source link <\/a><\/p>\n","protected":false},"excerpt":{"rendered":"<p>Les habitants d&rsquo;Allos (Alpes-de-Haute-Provence) ont vot\u00e9 samedi 28\u00a0juin pour l&rsquo;arr\u00eat du ski alpin dans leur station du Val d&rsquo;Allos-Le Seignus. Confront\u00e9e \u00e0 un d\u00e9ficit chronique \u2014\u00a0700\u00a0000 euros cette ann\u00e9e\u00a0\u2014 et&hellip; <\/p>\n","protected":false},"author":1,"featured_media":0,"comment_status":"open","ping_status":"open","sticky":false,"template":"","format":"standard","meta":{"footnotes":""},"categories":[1],"tags":[],"class_list":["post-11240","post","type-post","status-publish","format-standard","hentry","category-non-classe"],"_links":{"self":[{"href":"https:\/\/monde25.info\/index.php\/wp-json\/wp\/v2\/posts\/11240","targetHints":{"allow":["GET"]}}],"collection":[{"href":"https:\/\/monde25.info\/index.php\/wp-json\/wp\/v2\/posts"}],"about":[{"href":"https:\/\/monde25.info\/index.php\/wp-json\/wp\/v2\/types\/post"}],"author":[{"embeddable":true,"href":"https:\/\/monde25.info\/index.php\/wp-json\/wp\/v2\/users\/1"}],"replies":[{"embeddable":true,"href":"https:\/\/monde25.info\/index.php\/wp-json\/wp\/v2\/comments?post=11240"}],"version-history":[{"count":0,"href":"https:\/\/monde25.info\/index.php\/wp-json\/wp\/v2\/posts\/11240\/revisions"}],"wp:attachment":[{"href":"https:\/\/monde25.info\/index.php\/wp-json\/wp\/v2\/media?parent=11240"}],"wp:term":[{"taxonomy":"category","embeddable":true,"href":"https:\/\/monde25.info\/index.php\/wp-json\/wp\/v2\/categories?post=11240"},{"taxonomy":"post_tag","embeddable":true,"href":"https:\/\/monde25.info\/index.php\/wp-json\/wp\/v2\/tags?post=11240"}],"curies":[{"name":"wp","href":"https:\/\/api.w.org\/{rel}","templated":true}]}}