{"id":11245,"date":"2025-06-30T23:46:04","date_gmt":"2025-06-30T21:46:04","guid":{"rendered":"https:\/\/monde25.info\/index.php\/2025\/06\/30\/leurodeputee-marion-marechal-jugee-pour-avoir-compare-une-ecole-musulmane-a-daesh-rt-en-francais\/"},"modified":"2025-06-30T23:46:04","modified_gmt":"2025-06-30T21:46:04","slug":"leurodeputee-marion-marechal-jugee-pour-avoir-compare-une-ecole-musulmane-a-daesh-rt-en-francais","status":"publish","type":"post","link":"https:\/\/monde25.info\/index.php\/2025\/06\/30\/leurodeputee-marion-marechal-jugee-pour-avoir-compare-une-ecole-musulmane-a-daesh-rt-en-francais\/","title":{"rendered":"L\u2019eurod\u00e9put\u00e9e Marion Mar\u00e9chal jug\u00e9e pour avoir compar\u00e9 une \u00e9cole musulmane \u00e0 Daesh \u2014 RT en fran\u00e7ais"},"content":{"rendered":"<p> <br \/>\n<br \/><img decoding=\"async\" src=\"https:\/\/mf.b37mrtl.ru\/french\/images\/2025.06\/thumbnail\/6862b9896f7ccc38310c989c.jpg\" \/><\/p>\n<div>\n<p class=\"text__summary\">\n                                        L\u2019eurod\u00e9put\u00e9e Marion Mar\u00e9chal compara\u00eetra le 2 septembre devant la justice pour diffamation. Elle est poursuivie par l\u2019association Valeurs et R\u00e9ussite, gestionnaire d\u2019une \u00e9cole musulmane \u00e0 Valence, qu\u2019elle a accus\u00e9e d\u2019\u00eatre li\u00e9e aux Fr\u00e8res musulmans. Mar\u00e9chal avait affirm\u00e9 que cette organisation poursuivait \u00able m\u00eame objectif qu&rsquo;Al-Qa\u00efda et Daesh\u00bb.\n                                    <\/p>\n<\/div>\n<p><br \/>\n<br \/><a href=\"https:\/\/francais.rt.com\/news\/122517-eurodeputee-marion-marechal-jugee-pour-avoir-compare-ecole-musulmane-daesh\" target=\"_blank\"\">Source link <\/a><\/p>\n","protected":false},"excerpt":{"rendered":"<p>L\u2019eurod\u00e9put\u00e9e Marion Mar\u00e9chal compara\u00eetra le 2 septembre devant la justice pour diffamation. Elle est poursuivie par l\u2019association Valeurs et R\u00e9ussite, gestionnaire d\u2019une \u00e9cole musulmane \u00e0 Valence, qu\u2019elle a accus\u00e9e d\u2019\u00eatre&hellip; <\/p>\n","protected":false},"author":1,"featured_media":11246,"comment_status":"open","ping_status":"open","sticky":false,"template":"","format":"standard","meta":{"footnotes":""},"categories":[1],"tags":[],"class_list":["post-11245","post","type-post","status-publish","format-standard","has-post-thumbnail","hentry","category-non-classe"],"_links":{"self":[{"href":"https:\/\/monde25.info\/index.php\/wp-json\/wp\/v2\/posts\/11245","targetHints":{"allow":["GET"]}}],"collection":[{"href":"https:\/\/monde25.info\/index.php\/wp-json\/wp\/v2\/posts"}],"about":[{"href":"https:\/\/monde25.info\/index.php\/wp-json\/wp\/v2\/types\/post"}],"author":[{"embeddable":true,"href":"https:\/\/monde25.info\/index.php\/wp-json\/wp\/v2\/users\/1"}],"replies":[{"embeddable":true,"href":"https:\/\/monde25.info\/index.php\/wp-json\/wp\/v2\/comments?post=11245"}],"version-history":[{"count":0,"href":"https:\/\/monde25.info\/index.php\/wp-json\/wp\/v2\/posts\/11245\/revisions"}],"wp:featuredmedia":[{"embeddable":true,"href":"https:\/\/monde25.info\/index.php\/wp-json\/wp\/v2\/media\/11246"}],"wp:attachment":[{"href":"https:\/\/monde25.info\/index.php\/wp-json\/wp\/v2\/media?parent=11245"}],"wp:term":[{"taxonomy":"category","embeddable":true,"href":"https:\/\/monde25.info\/index.php\/wp-json\/wp\/v2\/categories?post=11245"},{"taxonomy":"post_tag","embeddable":true,"href":"https:\/\/monde25.info\/index.php\/wp-json\/wp\/v2\/tags?post=11245"}],"curies":[{"name":"wp","href":"https:\/\/api.w.org\/{rel}","templated":true}]}}