{"id":11251,"date":"2025-07-01T01:58:08","date_gmt":"2025-06-30T23:58:08","guid":{"rendered":"https:\/\/monde25.info\/index.php\/2025\/07\/01\/il-ny-a-pas-de-fete-a-la-guerre-enfant-de-la-societe-sott-net\/"},"modified":"2025-07-01T01:58:08","modified_gmt":"2025-06-30T23:58:08","slug":"il-ny-a-pas-de-fete-a-la-guerre-enfant-de-la-societe-sott-net","status":"publish","type":"post","link":"https:\/\/monde25.info\/index.php\/2025\/07\/01\/il-ny-a-pas-de-fete-a-la-guerre-enfant-de-la-societe-sott-net\/","title":{"rendered":"Il n&rsquo;y a pas de f\u00eate \u00e0 la guerre ! \u2014 Enfant de la Soci\u00e9t\u00e9 \u2014 Sott.net"},"content":{"rendered":"<p> <br \/>\n<\/p>\n<div>\n      Mon petit-fils de 15 ans, Camille, fait un stage de 15 jours (de 11 h \u00e0 19 h tous les jours, sauf le samedi) au rayon enfants d&rsquo;un magasin de v\u00eatements du 19\u1d49 arrondissement de Paris. Il est en seconde et comme l&rsquo;\u00e9ducation nationale a besoin des locaux de son \u00e9cole pour organiser le BEPC et\/ou le BAC, ils ont trouv\u00e9 cette solution pour occuper un peu plus longtemps les \u00e9l\u00e8ves de seconde.<br \/>\n<\/p>\n<div class=\"article-image-super to-center\"><a target=\"_blank\" href=\"https:\/\/fr.sott.net\/image\/s36\/730062\/full\/Capture_decran_le_2025_06_30_a.jpg\" target=\"_blank\"><img decoding=\"async\" src=\"https:\/\/fr.sott.net\/image\/s36\/730062\/super\/Capture_decran_le_2025_06_30_a.jpg\" alt=\"tgfxh\" title=\"Cliquer pour agrandir\"\/><\/a><\/p>\n<p><span class=\"caption\">\u00ab L\u2019essence m\u00eame de l\u2019Homme est le d\u00e9sir d\u2019\u00eatre heureux, de bien vivre, de bien agir \u00bb Baruch Spinoza<\/span><\/p>\n<\/div>\n<p>Mais comme toujours d\u00e9sormais dans l&rsquo;Occident d\u00e9clinant, c&rsquo;est juste une mesure palliative qui n&rsquo;a pas de fonction \u00e9ducative (alors qu&rsquo;elle aurait pu en avoir une comme cet article va le montrer) car on ne leur a pas demand\u00e9 de r\u00e9diger un rapport de stage.<\/p>\n<p><strong><span class=\"BoldGrey\">Un jeune, un stage<\/span><\/strong><\/p>\n<p>L&rsquo;application <strong>Un jeune, un stage<\/strong> a \u00e9t\u00e9 mise \u00e0 la disposition des \u00e9l\u00e8ves. Les logiciels, c&rsquo;est \u00e0 peu pr\u00e8s le seul domaine, avec les consignes d\u00e9biles et\/ou liberticides, o\u00f9 l&rsquo;\u00c9tat Fran\u00e7ais excelle&#8230; enfin en quantit\u00e9, pas en qualit\u00e9. Parcours Sup, par ex, devrait plut\u00f4t s&rsquo;appeler Parcours du combattant, tellement cette application complique la vie des \u00e9l\u00e8ves de terminale ! Par chance, Camille n&rsquo;a pas eu besoin d&rsquo;avoir affaire \u00e0 <strong>Un jeune, un stage<\/strong> et il ne conna\u00eet personne qui l&rsquo;ait fait. C&rsquo;est sa m\u00e8re qui travaille dans le textile qui lui a trouv\u00e9 ce stage \u00e9videmment non r\u00e9mun\u00e9r\u00e9.<\/p>\n<div class=\"article-image-super to-center\"><a target=\"_blank\" href=\"https:\/\/fr.sott.net\/image\/s36\/730049\/full\/Capture_decran_le_2025_06_30_a.jpg\" target=\"_blank\" title=\"\u00a9 usinenouvelle.com\"><img decoding=\"async\" loading=\"lazy\" src=\"https:\/\/fr.sott.net\/image\/s36\/730049\/super\/Capture_decran_le_2025_06_30_a.jpg\" alt=\"oijlku\" title=\"Cliquer pour agrandir\"\/><\/a><\/p>\n<p><span class=\"tiny\">\u00a9 usinenouvelle.com<\/span><span class=\"caption\">Industrie textile en France.<\/span><\/p>\n<\/div>\n<p>C&rsquo;est le second stage que fait Camille. En 3e, il a fait un stage d&rsquo;observation d&rsquo;une semaine dans une entreprise de textile. L\u00e0, il n&rsquo;a pas travaill\u00e9 \u00e0 proprement parler. On lui a juste expliqu\u00e9 le fonctionnement de certaines op\u00e9rations commerciales. C&rsquo;\u00e9tait tr\u00e8s th\u00e9orique et cela ne l&rsquo;a pas beaucoup int\u00e9ress\u00e9, mais physiquement ce n&rsquo;\u00e9tait pas fatiguant du tout.<\/p>\n<p>Cette fois, c&rsquo;est tout autre chose ! Le magasin de v\u00eatements du 19\u1d49 vend des v\u00eatements bon march\u00e9 \u00e0 des clients modestes. Il n&rsquo;y a pas de r\u00e9serves, de sorte que tout le stock est en rayon. Les stagiaires au nombre de 4, un par rayon, passent leur journ\u00e9e \u00e0 ranger les v\u00eatements qui ont \u00e9t\u00e9 d\u00e9pli\u00e9s et m\u00e9lang\u00e9s par les clients. Le magasin fonctionne avec un encadrement de chefs de rayon salari\u00e9s qui g\u00e8rent des stagiaires non r\u00e9mun\u00e9r\u00e9s qui sont l\u00e0 pour de courts laps de temps (de 15 jours \u00e0 quelques semaines) puis remplac\u00e9s par d&rsquo;autres stagiaires. Ils travaillent 8 h par jour, debout, avec seulement une heure de pause pour d\u00e9jeuner, sous la double pression de la direction et des clients.<\/p>\n<p>Avant son stage, je l&rsquo;avais pr\u00e9venu que le plus dur serait certainement d&rsquo;\u00eatre debout toute la journ\u00e9e et j&rsquo;avais \u00e9mis l&rsquo;espoir que le magasin serait au moins climatis\u00e9 (il l&rsquo;\u00e9tait !) car la m\u00e9t\u00e9o annon\u00e7ait de grosses chaleurs.<\/p>\n<p>Samedi midi, au milieu de son stage, on est all\u00e9 d\u00e9jeuner ensemble et je lui demand\u00e9 comment \u00e7a s&rsquo;\u00e9tait pass\u00e9 sa premi\u00e8re semaine et ce qu&rsquo;il en avait retir\u00e9 de positif et de n\u00e9gatif.<\/p>\n<p><strong><span class=\"BoldGrey\">Un plongeon dans la dure r\u00e9alit\u00e9 des rapports d&rsquo;exploitation<\/span><\/strong><\/p>\n<p>\u00ab Eh bien, j&rsquo;ai d\u00e9cid\u00e9 de mieux travailler \u00e0 l&rsquo;\u00e9cole, car je ne veux pas faire ce m\u00e9tier-l\u00e0 ! m&rsquo;a-t-il r\u00e9pondu imp\u00e9tueusement. C&rsquo;est trop dur, on travaille tout le temps, on n&rsquo;a pas le droit de s&rsquo;assoir et j&rsquo;ai eu mal aux jambes toute la semaine. Il y a un syst\u00e8me de remises extr\u00eamement complexe qu&rsquo;on doit constamment expliquer aux clientes. Je suis \u00e9puis\u00e9 !<\/p>\n<p>\u00ab Le positif, c&rsquo;est qu&rsquo;on s&rsquo;est vite li\u00e9 d&rsquo;amiti\u00e9 avec les autres stagiaires, on s&rsquo;est tout de suite parl\u00e9, on s&rsquo;entraide et on rigole en douce. On a d\u00e9velopp\u00e9 comme une forme de r\u00e9sistance contre la patronne. D\u00e8s qu&rsquo;elle tourne le dos, on en profite pour s&rsquo;assoir et rigoler. Elle m&rsquo;a surpris une fois, et elle m&rsquo;a dit de me lever parce que \u00e7a ne donnait pas une bonne impression \u00e0 la client\u00e8le. Lundi, elle ne sera pas l\u00e0, j&rsquo;en profiterai pour m&rsquo;assoir. Il y a quelques cam\u00e9ras, mais on sait o\u00f9 elles sont. Ma chef de rayon est une \u00e9tudiante en alternance et elle est gentille. C&rsquo;est sa deuxi\u00e8me ann\u00e9e dans ce magasin, mais elle a trouv\u00e9 une autre entreprise pour l&rsquo;ann\u00e9e prochaine, car elle trouve que c&rsquo;est trop dur ici, il n&rsquo;y a pas assez de pauses, les clients sont difficiles.<\/p>\n<p>\u00ab Le gardien qui fait la s\u00e9curit\u00e9 m&rsquo;a racont\u00e9 que lorsqu&rsquo;il voyait sortir quelqu&rsquo;un qui lui paraissait suspect, il faisait sonner le bip qu&rsquo;il avait dans sa poche, comme cela, il pouvait contr\u00f4ler le sac de la cliente&#8230;<\/p>\n<p>\u00ab Je crois que je vais me faire porter p\u00e2le pour ne pas finir le stage, a-t-il conclu. La seule chose qui me fait h\u00e9siter c&rsquo;est que les autres auront plus de travail. \u00bb<\/p>\n<p>Nous nous sommes retrouv\u00e9s une semaine plus tard. Il n&rsquo;avait pas tenu&#8230; Il a pr\u00e9text\u00e9 d&rsquo;un probl\u00e8me au pied pour manquer un jour et demi, mais il est all\u00e9 dire au revoir \u00e0 tout le monde le dernier jour. Ce qui fait qu&rsquo;il a tout de m\u00eame boucl\u00e9 la boucle.<\/p>\n<p><em>\u00ab Il y a eu une petite f\u00eate pour le d\u00e9part des stagiaires ? lui ai-demand\u00e9 inconsciemment<\/em><\/p>\n<p><em>\u2014 Il n&rsquo;y a pas de f\u00eate \u00e0 la guerre ! m&rsquo;a-t-il r\u00e9torqu\u00e9 vivement, avec une certaine acrimonie m\u00eame, puis, sentant l&rsquo;agressivit\u00e9 dans sa voix, il a vite corrig\u00e9 :<\/em><\/p>\n<p><em>\u2014 Je plaisante !<\/em><\/p>\n<p><em>\u2014 Tu sais, \u00eatre en col\u00e8re, r\u00e9volt\u00e9, quand on abuse de toi, c&rsquo;est normal, c&rsquo;est m\u00eame sain&#8230; Cela montre que tu es conscient de ce qui t&rsquo;arrive et que tu as de l&rsquo;honneur et de la dignit\u00e9, ai-je dit pour le rassurer.<\/em><\/p>\n<p>Comme Camille envisage de faire une \u00e9cole de commerce, nous parlons beaucoup d&rsquo;\u00e9conomie. Je lui parle de la lutte des classes, des luttes non violentes de Gandhi, de la domination du capitalisme financier sur nos pays, de l&rsquo;instauration d&rsquo;une <strong>dictature des milliardaires<\/strong> \u00e0 travers l&rsquo;UE. Je lui explique comment le vocabulaire \u00e9volue pour justifier le d\u00e9pouillement des populations laborieuses au profit des puissances financi\u00e8res parasitaires.<br \/>\n<\/p>\n<div class=\"article-image-super to-center\"><a target=\"_blank\" href=\"https:\/\/fr.sott.net\/image\/s36\/730057\/full\/Capture_decran_le_2025_06_30_a.jpg\" target=\"_blank\"><img decoding=\"async\" loading=\"lazy\" src=\"https:\/\/fr.sott.net\/image\/s36\/730057\/super\/Capture_decran_le_2025_06_30_a.jpg\" alt=\"uoiui\" title=\"Cliquer pour agrandir\"\/><\/a><\/div>\n<p>Dans leur livre <a target=\"_blank\" href=\"https:\/\/www.editionslesliensquiliberent.fr\/livre-Au_commencement_%C3%A9tait-672-1-1-0-1.html\">Au commencement \u00e9tait&#8230; Une nouvelle histoire de l&rsquo;humanit\u00e9, <\/a> David Graeber et David Wengrow montrent comment le terme lutte contre les in\u00e9galit\u00e9s a remplac\u00e9 dans le vocabulaire lutte des classes. Tandis que cette derni\u00e8re expression \u00e9tait parfaitement claire, la lutte contre les in\u00e9galit\u00e9s est quelque chose de flou, vague et d\u00e9sincarn\u00e9, qui permet de discuter \u00e9ternellement de la mani\u00e8re de les r\u00e9duire sans nommer les responsables, permettant ainsi auxdites in\u00e9galit\u00e9s de se creuser tranquillement.<\/p>\n<p><strong><span class=\"BoldGrey\">De la r\u00e9sistance passive \u00e0 la r\u00e9sistance active<\/span><\/strong><\/p>\n<p>Pour la premi\u00e8re fois, Camille a v\u00e9cu dans sa chair la violence sociale, avec ses corollaires : la solidarit\u00e9 entre les opprim\u00e9s et la r\u00e9volte contre l&rsquo;oppresseur. Il ne lui a pas fallu une semaine pour d\u00e9velopper une forme de r\u00e9sistance passive. Au commencement, la r\u00e9sistance est toujours passive. Pour passer \u00e0 la r\u00e9sistance active, il faut comprendre les processus d&rsquo;exploitation. Il faut avoir un id\u00e9al politique qui s&rsquo;appuie sur une \u00e9thique et des connaissances \u00e9conomiques, historiques et politiques. Il faut avoir des amis, une solide confiance en soi et de l&rsquo;exp\u00e9rience. Tout cela ne s&rsquo;acquiert pas en un jour.<\/p>\n<div class=\"article-image-super to-center\"><a target=\"_blank\" href=\"https:\/\/fr.sott.net\/image\/s36\/730054\/full\/Capture_decran_le_2025_06_30_a.jpg\" target=\"_blank\"><img decoding=\"async\" loading=\"lazy\" src=\"https:\/\/fr.sott.net\/image\/s36\/730054\/super\/Capture_decran_le_2025_06_30_a.jpg\" alt=\"uoij\" title=\"Cliquer pour agrandir\"\/><\/a><\/div>\n<p>Ce qui est frappant dans l&rsquo;exp\u00e9rience de Camille, c&rsquo;est que personne n&rsquo;\u00e9tait vraiment dur, m\u00eame la directrice aidait \u00e0 ranger les v\u00eatements quand il n&rsquo;y avait personne \u00e0 la caisse. Ce ne sont pas les gens qui sont en cause, c&rsquo;est le syst\u00e8me n\u00e9olib\u00e9ral monopolistique mondialis\u00e9, qui met en concurrence d\u00e9loyale des salari\u00e9s, des entreprises et des pays qui n&rsquo;ont pas les m\u00eames lois ni les m\u00eames niveaux de vie, et dont la seule finalit\u00e9 est l&rsquo;accumulation de profits qui ne profitent qu&rsquo;\u00e0 une toute petite minorit\u00e9 au d\u00e9triment de la vaste majorit\u00e9. Selon <a target=\"_blank\" href=\"https:\/\/www.oxfam.org\/fr\/communiques-presse\/les-1-les-plus-nantis-possedent-plus-de-richesses-que-95-de-lhumanite-alerte#:~:text=Plus%20d'un%20tiers%20des,un%20milliardaire%20comme%20actionnaire%20principal.\">Oxfam<\/a>, \u00ab <span class=\"Hilite\">les 1 % les plus riches ont plus de richesses que l&rsquo;ensemble des 95 % les plus pauvres de la population mondiale \u00bb.<\/span><\/p>\n<div class=\"article-image-super to-center\"><a target=\"_blank\" href=\"https:\/\/fr.sott.net\/image\/s36\/730055\/full\/Capture_decran_le_2025_06_30_a.jpg\" target=\"_blank\"><img decoding=\"async\" loading=\"lazy\" src=\"https:\/\/fr.sott.net\/image\/s36\/730055\/super\/Capture_decran_le_2025_06_30_a.jpg\" alt=\"tfyghtgfrh\" title=\"Cliquer pour agrandir\"\/><\/a><\/div>\n<p>J&rsquo;ai demand\u00e9 \u00e0 Camille s&rsquo;il y avait un syndicat dans son entreprise, mais il ne savait pas. De fait, quand on voit l&rsquo;inodore, incolore et sans saveur, Sophie Binet \u00e0 la t\u00eate de la CGT, on comprend que le syndicalisme ne repr\u00e9sente pratiquement plus que lui-m\u00eame. Depuis que la grande finance apatride a pris le contr\u00f4le de notre pays avec la complicit\u00e9 de la classe dirigeante fran\u00e7aise, le syndicalisme bascule de plus en plus dans l&rsquo;atlantisme, le bellicisme, le wokisme, l&rsquo;immigrationnisme, le soci\u00e9talisme, bref tout ce que le Grand Capital a mis \u00e0 la mode pour pouvoir piller l&rsquo;\u00e9conomie fran\u00e7aise tranquillement, \u00e0 l&rsquo;abri des regards. D&rsquo;ailleurs les syndicats adoptent de plus en plus le vocabulaire des ma\u00eetres, ils parlent, eux aussi, de lutte contre les in\u00e9galit\u00e9s&#8230;<\/p>\n<p>Il y a encore des luttes sociales, mais ce sont des luttes d&rsquo;arri\u00e8re-garde qui partent de la base \u00e0 l&rsquo;occasion d&rsquo;une faillite, d&rsquo;une d\u00e9localisation, d&rsquo;un d\u00e9graissage et d&rsquo;abus par trop ph\u00e9nom\u00e9naux.<\/p>\n<p><strong><span class=\"BoldGrey\">Pourquoi les Fran\u00e7ais laissent-ils d\u00e9truire la S\u00e9curit\u00e9 sociale ?<\/span><\/strong><\/p>\n<p>Si les Fran\u00e7ais se laissent d\u00e9pouiller de leurs acquis sociaux, c&rsquo;est, \u00e0 mon avis, parce qu&rsquo;ils ne savent pas ce qu&rsquo;ils perdent. Pratiquement d\u00e8s que la S\u00e9curit\u00e9 sociale a \u00e9t\u00e9 mise en place par les ministres communistes de de Gaulle, elle a \u00e9t\u00e9 l&rsquo;objet des attaques virulentes du patronat, furieux de voir les quelque 400 milliards de la S\u00e9cu g\u00e9r\u00e9s par les syndicats et lui \u00e9chapper. Cela fait donc des d\u00e9cennies que les Fran\u00e7ais entendent les gouvernements successifs, relay\u00e9s par les m\u00e9dias subventionn\u00e9s, d\u00e9nigrer la S\u00e9curit\u00e9 sociale.<\/p>\n<p>Ils ne savent donc pas ce qu&rsquo;est vraiment la S\u00e9curit\u00e9 sociale, ni ce qu&rsquo;elle repr\u00e9sente comme avanc\u00e9e sociale, ni comment elle fonctionne ni comment les gouvernements successifs, y compris de Gaulle lui-m\u00eame, ont essay\u00e9 de la d\u00e9truire, pour pouvoir privatiser tout ce qu&rsquo;elle couvre : la sant\u00e9, les retraites, le ch\u00f4mage, etc., au profit de leurs amis milliardaires.<\/p>\n<p>Pour que les gens valorisent leur patrimoine culturel, social et \u00e9conomique, il faut entretenir la connaissance et la reconnaissance de ceux qui en b\u00e9n\u00e9ficient. C&rsquo;\u00e9tait, selon <a target=\"_blank\" href=\"https:\/\/fr.wikipedia.org\/wiki\/La_Soci%C3%A9t%C3%A9_contre_l%27%C3%89tat#:~:text=La%20Soci%C3%A9t%C3%A9%20contre%20l'%C3%89tat%2C%20sous%2Dtitr%C3%A9%20Recherches%20d,par%20Les%20%C3%89ditions%20de%20minuit.\">Pierre Clastres<\/a>, le r\u00f4le du chef am\u00e9rindien de la tribu dans laquelle il vivait \u2014 un chef qui n&rsquo;avait par ailleurs aucun pouvoir, car aucun Am\u00e9rindien n&rsquo;aurait tol\u00e9r\u00e9 qu&rsquo;on lui dise quoi faire. Tous les matins, il se lan\u00e7ait dans un discours sur les traditions de la tribu. Dans une soci\u00e9t\u00e9 de tradition orale, ce discours, que personne n&rsquo;\u00e9coutait vraiment, rempla\u00e7ait notre t\u00e9l\u00e9vision, sauf que leurs valeurs promues \u00e9taient le respect et la reconnaissance. Respect et reconnaissance pour ce que leurs anc\u00eatres et le Grand esprit leur avait l\u00e9gu\u00e9, pour la parole donn\u00e9e, pour les autres \u00e0 travers l&rsquo;entraide mutuelle, la protection des plus faibles, la gentillesse envers les enfants, pour la bravoure et l&rsquo;esprit de sacrifice des guerriers qui d\u00e9fendent la tribu. La preuve que la vie \u00e9tait infiniment plus agr\u00e9able, plus enrichissante et plus joyeuse chez les Am\u00e9rindiens (o\u00f9 les in\u00e9galit\u00e9s n&rsquo;existaient pas, ni la solitude, ni la faim), c&rsquo;est que tous ceux qui avaient connu les deux soci\u00e9t\u00e9s pr\u00e9f\u00e9raient vivre chez les Am\u00e9rindiens, comme le montrent encore David Graeber et David Wengrow dans leur Histoire de l&rsquo;Humanit\u00e9.<\/p>\n<div class=\"article-image-super to-center\"><a target=\"_blank\" href=\"https:\/\/fr.sott.net\/image\/s36\/730056\/full\/Capture_decran_le_2025_06_30_a.jpg\" target=\"_blank\" title=\"\u00a9 https:\/\/comptoir.org\/2017\/05\/16\/pierre-clastres-la-societe-contre-letat\/\"><img decoding=\"async\" loading=\"lazy\" src=\"https:\/\/fr.sott.net\/image\/s36\/730056\/super\/Capture_decran_le_2025_06_30_a.jpg\" alt=\"hyjgn\" title=\"Cliquer pour agrandir\"\/><\/a><\/p>\n<p><span class=\"tiny\">\u00a9 https:\/\/comptoir.org\/2017\/05\/16\/pierre-clastres-la-societe-contre-letat\/<\/span><\/p>\n<\/div>\n<p><strong><span class=\"BoldGrey\">L&rsquo;\u00e9ternelle r\u00e9forme (lire r\u00e9duction de la dur\u00e9e et du montant) de la retraite<\/span><\/strong><\/p>\n<p>C&rsquo;est encore une fois tout l&rsquo;enjeu des soi-disant n\u00e9gociations en cours sur les retraites. Sous le faux pr\u00e9texte que le syst\u00e8me par r\u00e9partition est d\u00e9ficitaire, qu&rsquo;il p\u00e8se trop sur les actifs et les entreprises, ils veulent le capitaliser pour enrichir toujours plus les milliardaires qui les ont port\u00e9s au pouvoir.<\/p>\n<p>Le pilonnage est terrible et incessant. C&rsquo;est extr\u00eamement difficile d&rsquo;y r\u00e9sister. Moi-m\u00eame, je me surprends parfois \u00e0 parler de charges au lieu de parler de cotisations. La S\u00e9curit\u00e9 sociale (donc les retraites) est financ\u00e9e par les cotisations pr\u00e9lev\u00e9es sur les salaires des travailleurs. Ce serait peut-\u00eatre mieux et plus juste \u2014 car aujourd&rsquo;hui avec la mondialisation et l&rsquo;informatique, certaines entreprises font beaucoup de profit sans avoir de salari\u00e9s \u2014 qu&rsquo;elle soit financ\u00e9e par une taxe sur la valeur ajout\u00e9e, mais ce n&rsquo;est pas l&rsquo;objet du d\u00e9bat car il s&rsquo;agit, pour les vautours qui nous gouvernent, <span class=\"Hilite\">de faire passer le magot de la S\u00e9curit\u00e9 sociale dans la poche du Capital financier, pas d&rsquo;am\u00e9liorer la S\u00e9curit\u00e9 sociale.<\/span><\/p>\n<p>Bref, charges est le mot qu&rsquo;imposent les pouvoirs en place pour remplacer cotisations, dont l&rsquo;avantage principal, pour la population, est qu&rsquo;elles sont fl\u00e9ch\u00e9es, c&rsquo;est-\u00e0-dire que le gouvernement ne peut pas donner cet argent \u00e0 l&rsquo;Ukraine, ni \u00e0 l&rsquo;UE, ni \u00e0 ses copains, ni \u00e0 personne ; l&rsquo;argent des cotisations doit aller vers ce \u00e0 quoi il est destin\u00e9 sur la fiche de paie : maladie, maternit\u00e9, invalidit\u00e9-d\u00e9c\u00e8s, accidents de travail et maladie, professionnelles, retraite, etc. Le mot charges sert \u00e0 discr\u00e9diter le financement actuel de la S\u00e9curit\u00e9 sociale en le faisant passer pour un poids injuste et quasiment illicite pour les salari\u00e9s et les entreprises. D&rsquo;ailleurs les multiples all\u00e8gements de charges (de cotisations) ont pour but \u00e0 la fois de permettre aux entreprises de faire plus de profit ET de vider les caisses de la S\u00e9curit\u00e9 sociale pour avoir ensuite une bonne raison de la privatiser.<\/p>\n<p>Quand les Fran\u00e7ais devront payer 100 euros pour consulter un m\u00e9decin g\u00e9n\u00e9raliste et plusieurs centaines de dollars pour faire les analyses ou les examens compl\u00e9mentaires prescrits, quand ils n&rsquo;auront plus de retraite parce que leur Capital retraite, comme ils disent, aura \u00e9t\u00e9 aval\u00e9 par la Bourse, quand, au ch\u00f4mage, ils ne toucheront plus d&rsquo;allocations, quand ils devront, comme \u00e0 <a target=\"_blank\" href=\"https:\/\/www.mondialisation.ca\/plutot-mourir-de-faim-que-de-mendier-de-laide-aux-criminels-de-la-ghf\/5699798?doing_wp_cron=1751093582.1761100292205810546875\">Gaza<\/a>, se nourrir uniquement de soupes claires de lentilles rouges, sans m\u00eame un morceau de pain \u00e0 tremper dedans, ils se r\u00e9veilleront certainement, mais ce sera trop tard !\n\t\t<\/p>\n<\/div>\n<p><br \/>\n<br \/><a href=\"https:\/\/fr.sott.net\/article\/44371-Il-n-y-a-pas-de-fete-a-la-guerre\" target=\"_blank\"\">Source link <\/a><\/p>\n","protected":false},"excerpt":{"rendered":"<p>Mon petit-fils de 15 ans, Camille, fait un stage de 15 jours (de 11 h \u00e0 19 h tous les jours, sauf le samedi) au rayon enfants d&rsquo;un magasin de&hellip; <\/p>\n","protected":false},"author":1,"featured_media":11252,"comment_status":"open","ping_status":"open","sticky":false,"template":"","format":"standard","meta":{"footnotes":""},"categories":[1],"tags":[],"class_list":["post-11251","post","type-post","status-publish","format-standard","has-post-thumbnail","hentry","category-non-classe"],"_links":{"self":[{"href":"https:\/\/monde25.info\/index.php\/wp-json\/wp\/v2\/posts\/11251","targetHints":{"allow":["GET"]}}],"collection":[{"href":"https:\/\/monde25.info\/index.php\/wp-json\/wp\/v2\/posts"}],"about":[{"href":"https:\/\/monde25.info\/index.php\/wp-json\/wp\/v2\/types\/post"}],"author":[{"embeddable":true,"href":"https:\/\/monde25.info\/index.php\/wp-json\/wp\/v2\/users\/1"}],"replies":[{"embeddable":true,"href":"https:\/\/monde25.info\/index.php\/wp-json\/wp\/v2\/comments?post=11251"}],"version-history":[{"count":0,"href":"https:\/\/monde25.info\/index.php\/wp-json\/wp\/v2\/posts\/11251\/revisions"}],"wp:featuredmedia":[{"embeddable":true,"href":"https:\/\/monde25.info\/index.php\/wp-json\/wp\/v2\/media\/11252"}],"wp:attachment":[{"href":"https:\/\/monde25.info\/index.php\/wp-json\/wp\/v2\/media?parent=11251"}],"wp:term":[{"taxonomy":"category","embeddable":true,"href":"https:\/\/monde25.info\/index.php\/wp-json\/wp\/v2\/categories?post=11251"},{"taxonomy":"post_tag","embeddable":true,"href":"https:\/\/monde25.info\/index.php\/wp-json\/wp\/v2\/tags?post=11251"}],"curies":[{"name":"wp","href":"https:\/\/api.w.org\/{rel}","templated":true}]}}