{"id":1126,"date":"2024-11-29T02:02:55","date_gmt":"2024-11-29T01:02:55","guid":{"rendered":"https:\/\/monde25.info\/index.php\/2024\/11\/29\/morandini-repasse-en-appel-pour-corruption-de-mineurs-avec-le-silence-complice-des-medias-bollore\/"},"modified":"2024-11-29T02:02:55","modified_gmt":"2024-11-29T01:02:55","slug":"morandini-repasse-en-appel-pour-corruption-de-mineurs-avec-le-silence-complice-des-medias-bollore","status":"publish","type":"post","link":"https:\/\/monde25.info\/index.php\/2024\/11\/29\/morandini-repasse-en-appel-pour-corruption-de-mineurs-avec-le-silence-complice-des-medias-bollore\/","title":{"rendered":"Morandini repasse en appel pour corruption de mineurs avec le silence complice des m\u00e9dias Bollor\u00e9"},"content":{"rendered":"<p> <br \/>\n<\/p>\n<div>\n<div class=\"intro-text\">\n<p><span class=\"dropcap \" style=\"background-color: #ffffff; color: #000000; border-color: #ffffff;\"><strong>A<\/strong><\/span>lors que Cyril Hanouna pr\u00e9sente chaque jour des chroniques judiciaires pendant de longues minutes, il n\u2019en a pas trouv\u00e9 5 pour parler du passage en appel de Morandini, son coll\u00e8gue de travail au groupe Bollor\u00e9, pour une tr\u00e8s grave affaire de corruption de mineurs, harc\u00e8lement, travail dissimul\u00e9\u2026 Heureusement que <a target=\"_blank\" href=\"https:\/\/www.off-investigation.fr\/harcelement-sexuel-et-travail-dissimule-les-requisitions-salourdissent-contre-morandini\/\">Off Investigation<\/a> \u00e9tait sur place pour relater ce qui s\u2019est pass\u00e9 pendant l\u2019audience. Attention, vous risquez de vomir \u00e0 la lecture du papier vu le comportement abject de Morandini, le justicier de CNEWS !<\/p>\n<\/div>\n<hr\/>\n<hr\/>\n<blockquote>\n<p>EXCLUSIF | Les 25 et 26 novembre dernier, Jean-Marc Morandini a comparu en appel \u00e0 Paris apr\u00e8s avoir \u00e9t\u00e9 condamn\u00e9 en 2023 pour \u00ab harc\u00e8lement sexuel \u00bb et \u00ab travail dissimul\u00e9 \u00bb en tant que producteur des \u00ab Faucons \u00bb, une s\u00e9rie audiovisuelle qui se passionnait pour les vestiaires d\u2019une \u00e9quipe de foot. Malgr\u00e9 l\u2019ampleur m\u00e9diatique de ce scandale r\u00e9v\u00e9l\u00e9 en 2016 par les Inrocks, seul Off Investigation \u00e9tait pr\u00e9sent lors de ces deux jours d\u2019audience.<\/p>\n<p>Du 25 au 26 novembre, la Cour d\u2019Appel de Paris a accueilli une audience tr\u00e8s intimiste, celle de Jean-Marc Morandini, jug\u00e9 en appel pour des faits de harc\u00e8lement sexuel et de travail dissimul\u00e9. Au deuxi\u00e8me jour de cette audience, aucun autre journaliste que ceux d\u2019Off Investigation n\u2019\u00e9tait pr\u00e9sent dans la salle. L\u2019affaire avait pourtant fait grand bruit en juillet 2016, apr\u00e8s les r\u00e9v\u00e9lations du magazine\u00a0<em><a target=\"_blank\" href=\"https:\/\/www.lesinrocks.com\/actu\/enquete-pratiques-de-jean-marc-morandini-67053-12-07-2016\/\" target=\"_blank\" rel=\"noreferrer noopener\">Les Inrocks<\/a><\/em>, et men\u00e9 \u00e0 une gr\u00e8ve massive des salari\u00e9s d\u2019I-T\u00e9l\u00e9, pour protester contre l\u2019arriv\u00e9e \u00e0 l\u2019antenne de l\u2019animateur, alors vis\u00e9 par de nombreuses plaintes\u2026<\/p>\n<\/blockquote><\/div>\n<p><br \/>\n<br \/><a href=\"https:\/\/www.lelibrepenseur.org\/morandini-repasse-en-appel-pour-corruption-de-mineurs-avec-le-silence-complice-des-medias-bollore\/\" target=\"_blank\"\">Source link <\/a><\/p>\n","protected":false},"excerpt":{"rendered":"<p>Alors que Cyril Hanouna pr\u00e9sente chaque jour des chroniques judiciaires pendant de longues minutes, il n\u2019en a pas trouv\u00e9 5 pour parler du passage en appel de Morandini, son coll\u00e8gue&hellip; <\/p>\n","protected":false},"author":1,"featured_media":1127,"comment_status":"open","ping_status":"open","sticky":false,"template":"","format":"standard","meta":{"footnotes":""},"categories":[1],"tags":[],"class_list":["post-1126","post","type-post","status-publish","format-standard","has-post-thumbnail","hentry","category-non-classe"],"_links":{"self":[{"href":"https:\/\/monde25.info\/index.php\/wp-json\/wp\/v2\/posts\/1126","targetHints":{"allow":["GET"]}}],"collection":[{"href":"https:\/\/monde25.info\/index.php\/wp-json\/wp\/v2\/posts"}],"about":[{"href":"https:\/\/monde25.info\/index.php\/wp-json\/wp\/v2\/types\/post"}],"author":[{"embeddable":true,"href":"https:\/\/monde25.info\/index.php\/wp-json\/wp\/v2\/users\/1"}],"replies":[{"embeddable":true,"href":"https:\/\/monde25.info\/index.php\/wp-json\/wp\/v2\/comments?post=1126"}],"version-history":[{"count":0,"href":"https:\/\/monde25.info\/index.php\/wp-json\/wp\/v2\/posts\/1126\/revisions"}],"wp:featuredmedia":[{"embeddable":true,"href":"https:\/\/monde25.info\/index.php\/wp-json\/wp\/v2\/media\/1127"}],"wp:attachment":[{"href":"https:\/\/monde25.info\/index.php\/wp-json\/wp\/v2\/media?parent=1126"}],"wp:term":[{"taxonomy":"category","embeddable":true,"href":"https:\/\/monde25.info\/index.php\/wp-json\/wp\/v2\/categories?post=1126"},{"taxonomy":"post_tag","embeddable":true,"href":"https:\/\/monde25.info\/index.php\/wp-json\/wp\/v2\/tags?post=1126"}],"curies":[{"name":"wp","href":"https:\/\/api.w.org\/{rel}","templated":true}]}}