{"id":11284,"date":"2025-07-01T14:38:44","date_gmt":"2025-07-01T12:38:44","guid":{"rendered":"https:\/\/monde25.info\/index.php\/2025\/07\/01\/la-terre-au-carre-secrets-dinfo-france-inter-met-lecologie-sous-le-tapis\/"},"modified":"2025-07-01T14:38:44","modified_gmt":"2025-07-01T12:38:44","slug":"la-terre-au-carre-secrets-dinfo-france-inter-met-lecologie-sous-le-tapis","status":"publish","type":"post","link":"https:\/\/monde25.info\/index.php\/2025\/07\/01\/la-terre-au-carre-secrets-dinfo-france-inter-met-lecologie-sous-le-tapis\/","title":{"rendered":"\u00ab\u00a0La Terre au carr\u00e9\u00a0\u00bb, \u00ab\u00a0Secrets d&#039;info\u00a0\u00bb\u00a0: France Inter met l&#039;\u00e9cologie sous le tapis"},"content":{"rendered":"<p> <br \/>\n<br \/><img loading=\"lazy\" decoding=\"async\" src=\"https:\/\/reporterre.net\/local\/cache-vignettes\/L700xH467\/afp__20240523__34tp4ap__v1__highres__francegovernmentmediademo_1_-bcd1c.jpg?1751376963\" class=\"spip_logo\" width=\"700\" height=\"467\" alt=\"\" \/><\/p>\n<p>L&rsquo;\u00e9mission \u00ab<small class=\"fine d-inline\">\u00a0<\/small>La Terre au carr\u00e9<small class=\"fine d-inline\">\u00a0<\/small>\u00bb, sur France Inter, sera amput\u00e9e de 15 minutes \u00e0 la rentr\u00e9e. Un choix qui interroge, alors que le service public met en avant son engagement \u00e9cologique. <br class=\"autobr\" \/> D&rsquo;ordinaire, l&rsquo;arriv\u00e9e des vacances estivales est un joyeux moment. Mais, vendredi 27\u00a0juin, c&rsquo;\u00e9tait plut\u00f4t la tristesse qui pr\u00e9dominait dans l&rsquo;\u00e9quipe de l&rsquo;\u00e9mission \u00ab<small class=\"fine d-inline\">\u00a0<\/small>La Terre au carr\u00e9<small class=\"fine d-inline\">\u00a0<\/small>\u00bb, diffus\u00e9e quotidiennement sur France Inter. Le producteur Mathieu Vidard avait organis\u00e9 une soir\u00e9e pour clore l&rsquo;ann\u00e9e en\u00a0(\u2026)<\/p>\n<p>                    <a target=\"_blank\" href=\"https:\/\/reporterre.net\/La-Terre-au-carre-Secrets-d-info-France-Inter-met-l-ecologie-sous-le-tapis?utm_source=RSS&amp;utm_medium=RSS\">Lire la suite<\/a><\/p>\n<p>                    &#8211;<br \/>\n                        <a target=\"_blank\" href=\"https:\/\/reporterre.net\/Autres-infos\" rel=\"directory\">Info<\/a><\/p>\n<p>                    \/<br \/>\n                        <a target=\"_blank\" href=\"https:\/\/reporterre.net\/Medias\" rel=\"tag\">M\u00e9dias<\/a><br \/>\n<br \/><br \/>\n<br \/><a href=\"https:\/\/reporterre.net\/La-Terre-au-carre-Secrets-d-info-France-Inter-met-l-ecologie-sous-le-tapis\" target=\"_blank\"\">Source link <\/a><\/p>\n","protected":false},"excerpt":{"rendered":"<p>L&rsquo;\u00e9mission \u00ab\u00a0La Terre au carr\u00e9\u00a0\u00bb, sur France Inter, sera amput\u00e9e de 15 minutes \u00e0 la rentr\u00e9e. Un choix qui interroge, alors que le service public met en avant son engagement&hellip; <\/p>\n","protected":false},"author":1,"featured_media":0,"comment_status":"open","ping_status":"open","sticky":false,"template":"","format":"standard","meta":{"footnotes":""},"categories":[1],"tags":[],"class_list":["post-11284","post","type-post","status-publish","format-standard","hentry","category-non-classe"],"_links":{"self":[{"href":"https:\/\/monde25.info\/index.php\/wp-json\/wp\/v2\/posts\/11284","targetHints":{"allow":["GET"]}}],"collection":[{"href":"https:\/\/monde25.info\/index.php\/wp-json\/wp\/v2\/posts"}],"about":[{"href":"https:\/\/monde25.info\/index.php\/wp-json\/wp\/v2\/types\/post"}],"author":[{"embeddable":true,"href":"https:\/\/monde25.info\/index.php\/wp-json\/wp\/v2\/users\/1"}],"replies":[{"embeddable":true,"href":"https:\/\/monde25.info\/index.php\/wp-json\/wp\/v2\/comments?post=11284"}],"version-history":[{"count":0,"href":"https:\/\/monde25.info\/index.php\/wp-json\/wp\/v2\/posts\/11284\/revisions"}],"wp:attachment":[{"href":"https:\/\/monde25.info\/index.php\/wp-json\/wp\/v2\/media?parent=11284"}],"wp:term":[{"taxonomy":"category","embeddable":true,"href":"https:\/\/monde25.info\/index.php\/wp-json\/wp\/v2\/categories?post=11284"},{"taxonomy":"post_tag","embeddable":true,"href":"https:\/\/monde25.info\/index.php\/wp-json\/wp\/v2\/tags?post=11284"}],"curies":[{"name":"wp","href":"https:\/\/api.w.org\/{rel}","templated":true}]}}