{"id":11285,"date":"2025-07-01T15:12:15","date_gmt":"2025-07-01T13:12:15","guid":{"rendered":"https:\/\/monde25.info\/index.php\/2025\/07\/01\/mr-mondialisation-banni-de-facebook-pour-une-simple-photo\/"},"modified":"2025-07-01T15:12:15","modified_gmt":"2025-07-01T13:12:15","slug":"mr-mondialisation-banni-de-facebook-pour-une-simple-photo","status":"publish","type":"post","link":"https:\/\/monde25.info\/index.php\/2025\/07\/01\/mr-mondialisation-banni-de-facebook-pour-une-simple-photo\/","title":{"rendered":"Mr Mondialisation banni de Facebook pour une simple photo"},"content":{"rendered":"<p> <br \/>\n<\/p>\n<div>\n<p><b>Notre page-m\u00e9dia Facebook \u201cMr Mondialisation\u201d a \u00e9t\u00e9 enti\u00e8rement supprim\u00e9e sans pr\u00e9avis ni r\u00e9clamation possible ce 30 juin 2025 pour une simple photographie. Voici notre communiqu\u00e9 (et comment nous aider).\u00a0<\/b><\/p>\n<h2 style=\"text-align: center;\"><b>Mr Mondialisation banni de Facebook<\/b><\/h2>\n<h3 style=\"text-align: center;\"><b>1,5 million d\u2019abonn\u00e9s concern\u00e9s<\/b><\/h3>\n<p>\u00a0<\/p>\n<p><strong>Communiqu\u00e9 1er Juillet 2025<\/strong> \u2013 Je m\u2019adresse \u00e0 vous en tant que fondateur du m\u00e9dia ind\u00e9pendant Mr Mondialisation et au nom des <strong>12 personnes<\/strong> qui constituent l\u2019\u00e9quipe. La situation est extr\u00eamement grave.<\/p>\n<p><b>Notre page-m\u00e9dia Facebook \u201cMr Mondialisation\u201d a \u00e9t\u00e9 enti\u00e8rement supprim\u00e9e sans pr\u00e9avis ce 30 juin 2025.<\/b> Non pas un bannissement temporaire, mais une suppression d\u00e9finitive sans option de contestation possible. \u00c0 moins d\u2019une mobilisation massive, ceci marque peut-\u00eatre la fin de notre m\u00e9dia.<\/p>\n<p><span style=\"color: #800000;\"><b>15 ans de contenus censur\u00e9s. 1,5 million d\u2019abonn\u00e9s effac\u00e9s. 30000 publications supprim\u00e9es. 12 r\u00e9dacteurs en arr\u00eat de travail. Le tout sans aucune raison valable. Notre sid\u00e9ration est totale.<\/b><\/span><\/p>\n<p><img fetchpriority=\"high\" decoding=\"async\" class=\"wp-image-718303 aligncenter\" src=\"https:\/\/mrmondialisation.org\/wp-content\/uploads\/2025\/07\/b7e3a734-c2d9-417e-9e68-4171b7bc321d.jpeg\" alt=\"\" width=\"534\" height=\"868\" srcset=\"https:\/\/mrmondialisation.org\/wp-content\/uploads\/2025\/07\/b7e3a734-c2d9-417e-9e68-4171b7bc321d.jpeg 1169w, https:\/\/mrmondialisation.org\/wp-content\/uploads\/2025\/07\/b7e3a734-c2d9-417e-9e68-4171b7bc321d-630x1024.jpeg 630w, https:\/\/mrmondialisation.org\/wp-content\/uploads\/2025\/07\/b7e3a734-c2d9-417e-9e68-4171b7bc321d-938x1524.jpeg 938w, https:\/\/mrmondialisation.org\/wp-content\/uploads\/2025\/07\/b7e3a734-c2d9-417e-9e68-4171b7bc321d-768x1248.jpeg 768w, https:\/\/mrmondialisation.org\/wp-content\/uploads\/2025\/07\/b7e3a734-c2d9-417e-9e68-4171b7bc321d-945x1536.jpeg 945w, https:\/\/mrmondialisation.org\/wp-content\/uploads\/2025\/07\/b7e3a734-c2d9-417e-9e68-4171b7bc321d-696x1131.jpeg 696w, https:\/\/mrmondialisation.org\/wp-content\/uploads\/2025\/07\/b7e3a734-c2d9-417e-9e68-4171b7bc321d-1068x1736.jpeg 1068w, https:\/\/mrmondialisation.org\/wp-content\/uploads\/2025\/07\/b7e3a734-c2d9-417e-9e68-4171b7bc321d-258x420.jpeg 258w\" sizes=\"(max-width: 534px) 100vw, 534px\"\/><\/p>\n<h2><b>Le motif officiel de Meta ? Une photo d\u2019autochtones d\u2019Amazonie<\/b><\/h2>\n<p>Nous avons partag\u00e9 sur Facebook, le 24 mars 2025, <strong>un ancien reportage r\u00e9dig\u00e9 et publi\u00e9 une premi\u00e8re fois en 2021<\/strong> intitul\u00e9 <a target=\"_blank\" href=\"https:\/\/mrmondialisation.org\/des-peuples-autochtones-sont-expulses-au-nom-de-lecologie\/\"><i>\u00ab Colonialisme vert : quand des peuples autochtones sont expuls\u00e9s au nom de l\u2019\u00e9cologie \u00bb<\/i>.<\/a><\/p>\n<p>L\u2019illustration d\u2019en-t\u00eate est <b>une photographie des Yanomami<\/b>, un peuple autochtone d\u2019Amazonie, immortalis\u00e9s dans leur quotidien au milieu de la for\u00eat par Fiona Watson (photographie ci-dessous).<\/p>\n<p><b>META accuse ce clich\u00e9 journalistique de \u00ab\u00a0nudit\u00e9 infantile\u00a0\u00bb !<\/b><\/p>\n<div class=\"td-a-rec td-a-rec-id-content_inline  tdi_1 td_block_template_1\">\n<span class=\"td-adspot-title\">&#8211; Pour une information libre ! &#8211;<\/span><a target=\"_blank\" href=\"https:\/\/fr.tipeee.com\/mr-mondialisation\" class=\"tipeee-project-small\">Soutenir Mr Japanization sur Tipeee<\/a>\n<\/div>\n<figure id=\"attachment_718300\" aria-describedby=\"caption-attachment-718300\" style=\"width: 914px\" class=\"wp-caption alignnone\"><img loading=\"lazy\" decoding=\"async\" class=\"wp-image-718300 size-full\" src=\"https:\/\/mrmondialisation.org\/wp-content\/uploads\/2025\/07\/ca0ce405-f065-4bdc-ab1c-566b4fb296d3.jpeg\" alt=\"\" width=\"914\" height=\"531\" srcset=\"https:\/\/mrmondialisation.org\/wp-content\/uploads\/2025\/07\/ca0ce405-f065-4bdc-ab1c-566b4fb296d3.jpeg 914w, https:\/\/mrmondialisation.org\/wp-content\/uploads\/2025\/07\/ca0ce405-f065-4bdc-ab1c-566b4fb296d3-768x446.jpeg 768w, https:\/\/mrmondialisation.org\/wp-content\/uploads\/2025\/07\/ca0ce405-f065-4bdc-ab1c-566b4fb296d3-696x404.jpeg 696w, https:\/\/mrmondialisation.org\/wp-content\/uploads\/2025\/07\/ca0ce405-f065-4bdc-ab1c-566b4fb296d3-723x420.jpeg 723w\" sizes=\"auto, (max-width: 914px) 100vw, 914px\"\/><figcaption id=\"caption-attachment-718300\" class=\"wp-caption-text\">La photographie incrimin\u00e9e<\/figcaption><\/figure>\n<p>Cette simple photographie d\u2019en-t\u00eate d\u2019article justifie, pour Meta, <b>le bannissement int\u00e9gral de notre m\u00e9dia sur Facebook ! <\/b>Le clich\u00e9 n\u2019a pourtant manifestement aucun caract\u00e8re sexuel.<\/p>\n<h2><b>Cette photo ne viole PAS les r\u00e8gles de Facebook\u2026<\/b><\/h2>\n<p>Comme on peut le constater, cette photographie anthropologique n\u2019a aucun caract\u00e8re sexualisant. Si les Yanomami y sont partiellement nus, l\u2019image ne porte aucune<b> sexualisation ni exhibition d\u2019attributs sexuels. <\/b>Les Yanomami y portent un pagne rouge pour cacher leurs parties g\u00e9nitales, ce qui se confond avec la couleur de leur peau, le tout dans leur contexte culturel propre.<\/p>\n<p>De ce fait, cette photographie n\u2019enfreint EN RIEN les r\u00e8gles de Meta (Facebook). En effet, Meta autorise des <b>exceptions<\/b> \u00e0 ses r\u00e8gles sur la nudit\u00e9, <b>notamment pour des contenus \u00e0 caract\u00e8re \u00e9ducatif, artistique, documentaire ou journalistique<\/b>. Voici ce que d\u00e9clare l\u2019entreprise dans sa politique officielle :<\/p>\n<p style=\"padding-left: 40px;\"><i>\u00ab\u202fNous autorisons la nudit\u00e9 dans certains cas, notamment lorsqu\u2019il s\u2019agit de repr\u00e9sentations artistiques ou \u00e9ducatives. Cela peut inclure, par exemple, des photos de peuples autochtones dans leur contexte culturel ou traditionnel.\u202f\u00bb (R\u00e8glement de META\/FACEBOOK).<\/i><\/p>\n<p><b>Notre clich\u00e9 s\u2019inscrit ainsi parfaitement dans ces conditions journalistiques.<\/b><\/p>\n<h2><b>Notre appel rejet\u00e9 par Meta<\/b><\/h2>\n<p>Nous avons port\u00e9 r\u00e9clamation \u00e0 Meta, insistant sur le caract\u00e8re journalistique de la photographie et l\u2019absence manifeste de caract\u00e8re sexuel de celle-ci. <b>La r\u00e9clamation fut rejet\u00e9e en quelques heures, confirmant notre bannissement d\u00e9finitif.<\/b><\/p>\n<p>Pour souligner l\u2019absurdit\u00e9 de la d\u00e9cision de Meta, qu\u2019elle soit prise par un administrateur mal form\u00e9 ou un robot, <b>nous avons soumis la photographie incrimin\u00e9e \u00e0 l\u2019intelligence artificielle d\u2019<\/b><b><i>OpenAI<\/i><\/b><i>.<\/i><\/p>\n<p><b>Celle-ci confirme \u00e9galement que cette photographie n\u2019enfreint pas la r\u00e9glementation de Meta en mati\u00e8re de nudit\u00e9 infantile<\/b>. Un comble sachant que l\u2019entreprise utilise en pratique des robots \u201cintelligents\u201d pour censurer les contenus probl\u00e9matiques de sa plateforme.<\/p>\n<p><img loading=\"lazy\" decoding=\"async\" class=\"alignnone size-medium wp-image-718301\" src=\"https:\/\/mrmondialisation.org\/wp-content\/uploads\/2025\/07\/1d9c0824-fc22-4134-81a4-4fd5beaadbc1-1024x304.jpeg\" alt=\"\" width=\"1024\" height=\"304\" srcset=\"https:\/\/mrmondialisation.org\/wp-content\/uploads\/2025\/07\/1d9c0824-fc22-4134-81a4-4fd5beaadbc1-1024x304.jpeg 1024w, https:\/\/mrmondialisation.org\/wp-content\/uploads\/2025\/07\/1d9c0824-fc22-4134-81a4-4fd5beaadbc1-1524x452.jpeg 1524w, https:\/\/mrmondialisation.org\/wp-content\/uploads\/2025\/07\/1d9c0824-fc22-4134-81a4-4fd5beaadbc1-768x228.jpeg 768w, https:\/\/mrmondialisation.org\/wp-content\/uploads\/2025\/07\/1d9c0824-fc22-4134-81a4-4fd5beaadbc1-1536x455.jpeg 1536w, https:\/\/mrmondialisation.org\/wp-content\/uploads\/2025\/07\/1d9c0824-fc22-4134-81a4-4fd5beaadbc1-696x206.jpeg 696w, https:\/\/mrmondialisation.org\/wp-content\/uploads\/2025\/07\/1d9c0824-fc22-4134-81a4-4fd5beaadbc1-1068x317.jpeg 1068w, https:\/\/mrmondialisation.org\/wp-content\/uploads\/2025\/07\/1d9c0824-fc22-4134-81a4-4fd5beaadbc1-1417x420.jpeg 1417w, https:\/\/mrmondialisation.org\/wp-content\/uploads\/2025\/07\/1d9c0824-fc22-4134-81a4-4fd5beaadbc1.jpeg 1606w\" sizes=\"auto, (max-width: 1024px) 100vw, 1024px\"\/><\/p>\n<figure id=\"attachment_718302\" aria-describedby=\"caption-attachment-718302\" style=\"width: 1024px\" class=\"wp-caption alignnone\"><img loading=\"lazy\" decoding=\"async\" class=\"wp-image-718302 size-medium\" src=\"https:\/\/mrmondialisation.org\/wp-content\/uploads\/2025\/07\/fdd31426-462e-4756-b0b0-e02307a4ae2f-1024x263.jpeg\" alt=\"\" width=\"1024\" height=\"263\" srcset=\"https:\/\/mrmondialisation.org\/wp-content\/uploads\/2025\/07\/fdd31426-462e-4756-b0b0-e02307a4ae2f-1024x263.jpeg 1024w, https:\/\/mrmondialisation.org\/wp-content\/uploads\/2025\/07\/fdd31426-462e-4756-b0b0-e02307a4ae2f-1524x391.jpeg 1524w, https:\/\/mrmondialisation.org\/wp-content\/uploads\/2025\/07\/fdd31426-462e-4756-b0b0-e02307a4ae2f-768x197.jpeg 768w, https:\/\/mrmondialisation.org\/wp-content\/uploads\/2025\/07\/fdd31426-462e-4756-b0b0-e02307a4ae2f-1536x394.jpeg 1536w, https:\/\/mrmondialisation.org\/wp-content\/uploads\/2025\/07\/fdd31426-462e-4756-b0b0-e02307a4ae2f-696x179.jpeg 696w, https:\/\/mrmondialisation.org\/wp-content\/uploads\/2025\/07\/fdd31426-462e-4756-b0b0-e02307a4ae2f-1068x274.jpeg 1068w, https:\/\/mrmondialisation.org\/wp-content\/uploads\/2025\/07\/fdd31426-462e-4756-b0b0-e02307a4ae2f.jpeg 1550w\" sizes=\"auto, (max-width: 1024px) 100vw, 1024px\"\/><figcaption id=\"caption-attachment-718302\" class=\"wp-caption-text\">Captures ChatGPT<\/figcaption><\/figure>\n<p>\u00c0 noter que l\u2019article incrimin\u00e9 est <b>en ligne depuis plus de 4 ans<\/b> et a d\u00e9j\u00e0 \u00e9t\u00e9 publi\u00e9 sur Facebook par le pass\u00e9 sans jamais g\u00e9n\u00e9rer de signalement. Cette censure tardive est plus que surprenante.<\/p>\n<p><b>Simple erreur ou volont\u00e9 de nuire, peu importe, la situation reste proprement intol\u00e9rable : nous sommes bannis de la plateforme et nos options de recours sont \u00e9puis\u00e9es.<\/b><\/p>\n<p><b>Nous assistons \u00e0 une injustice manifeste avec des effets dramatiques pour l\u2019ensemble de l\u2019\u00e9quipe, mais aussi pour la libert\u00e9 journalistique et d\u2019expression dans son ensemble. Plus de 1,5 million de personnes suivent notre travail sur les r\u00e9seaux et se voient soudainement priv\u00e9es d\u2019une source d\u2019information fiable, gratuite et ind\u00e9pendante.<\/b><\/p>\n<h2><b>Lutte contre les contenus p\u00e9docriminels<\/b><\/h2>\n<p><b>Nous souhaitons rappeler que Mr Mondialisation, c\u2019est aussi une lutte de fond contre la p\u00e9docriminalit\u00e9 notamment par un soutien r\u00e9gulier aux initiatives pour la protection de l\u2019enfance et le respect des Droits Humains.<\/b><\/p>\n<p>Pendant que notre m\u00e9dia est accus\u00e9 du pire pour avoir mis en lumi\u00e8re les cons\u00e9quences ignor\u00e9es du capitalisme vert sur les peuples autochtones, <b>des contenus r\u00e9ellement suggestifs impliquant des mineurs d\u00e9ferlent impun\u00e9ment chaque seconde sur les r\u00e9seaux<\/b> sociaux. La sexualisation des corps est devenue la norme et nous le d\u00e9non\u00e7ons \u00e0 travers nos travaux.<\/p>\n<p>Depuis plus d\u2019un an, <b>les signalements malveillants \u00e0 des fins politiques s\u2019accumulent<\/b> et les menaces de suspension se r\u00e9p\u00e8tent sans justification raisonnable. En mars dernier d\u00e9j\u00e0, Facebook avait cibl\u00e9 <a target=\"_blank\" href=\"https:\/\/mrmondialisation.org\/amazonie-la-tribu-mascho-pire-cernee-par-la-deforestation\/\">notre enqu\u00eate sur la tribu Mascho Pire,<\/a> victime de la d\u00e9forestation, sur base de motifs fallacieux similaires. <strong>Un travail d\u2019enqu\u00eate balay\u00e9 par un algorithme born\u00e9 et aveugle \u00e0 notre humanit\u00e9<\/strong>. Qu\u2019elle soit automatique ou consciente, difficile de ne pas y voir une forme de r\u00e9pression et de censure.<\/p>\n<h2><b>Et maintenant ?<\/b><\/h2>\n<p><strong>Le socle de notre m\u00e9dia a disparu<\/strong>. Notre communaut\u00e9, construite jour apr\u00e8s jour depuis 15 ans a \u00e9t\u00e9 d\u00e9capit\u00e9e. Notre \u00e9quipe est sonn\u00e9e. Du jour au lendemain, apr\u00e8s tant d\u2019ann\u00e9es de luttes, de sacrifices personnels et de crises partag\u00e9es avec une communaut\u00e9 de plus d\u2019un million d\u2019abonn\u00e9s, <strong>nous fr\u00f4lons la disparition, l\u2019\u00e9puisement moral et financier.<\/strong> Et individuellement, c\u2019est la certitude de perdre notre travail, quelques jours apr\u00e8s la naissance de l\u2019enfant de notre r\u00e9dactrice en chef.<\/p>\n<p>L\u2019avenir semble incertain \u00e0 ce stade, <strong>mais nous n\u2019abandonnerons pas !<\/strong>\u00a0Si les administrateurs de Facebook continuent de rester sourds \u00e0 cette injustice manifeste, <b>nous utiliserons toutes les voies l\u00e9gales possibles pour r\u00e9clamer justice.\u00a0<\/b><\/p>\n<h3><strong>Nous appelons tous les membres de notre communaut\u00e9, simples sympathisants, curieux, d\u00e9fenseurs de la libert\u00e9 d\u2019expression <\/strong><strong>\u00e0 :<\/strong><\/h3>\n<h3><strong>1 \u2013&gt; <a target=\"_blank\" href=\"https:\/\/agir.greenvoice.fr\/petitions\/mr-mondialisation-censure-exigeons-la-reactivation-de-sa-page-facebook\">Signer et partager notre p\u00e9tition<\/a><\/strong><\/h3>\n<h3><strong>2 \u2013&gt; Partager ce communiqu\u00e9, en parler autour d\u2019eux, activer leurs contacts utiles afin que justice soit faite.<\/strong><\/h3>\n<h3><strong>3 \u2013&gt; Interpeller massivement META en allant sur \u2013&gt; votre ic\u00f4ne de profil en haut \u00e0 droite de votre compte FB &gt; \u00ab\u00a0Aide et assistance\u00a0\u00bb &gt; \u00ab\u00a0Signaler un probl\u00e8me\u00a0\u00bb &gt; <em>proposition de mod\u00e8le :<\/em><\/strong><\/h3>\n<p style=\"text-align: center;\"><em>\u00ab\u00a0Une page d\u2019int\u00e9r\u00eat public a disparu sans justification apparente : @M.Mondialisation. Ce m\u00e9dia ind\u00e9pendant a \u00e9t\u00e9 banni pour \u00ab\u00a0nudit\u00e9 infantile\u00a0\u00bb suite \u00e0 la publication d\u2019une image illustrant un peuple autochtone dans le cadre d\u2019un article sur l\u2019urgence \u00e9cologique. <\/em><\/p>\n<p style=\"text-align: center;\"><em>Utilis\u00e9e dans un contexte journalistique et non sexuel, elle ne constitue pas une infraction au r\u00e8glement de Meta, excluant les contenus \u00e0 valeur informative, documentaire ou artistique.<\/em><\/p>\n<p style=\"text-align: center;\"><em>Cette d\u00e9cision constitue donc une forme de censure arbitraire, portant atteinte \u00e0 la libert\u00e9 d\u2019informer et \u00e0 mon droit d\u2019acc\u00e9der \u00e0 des contenus ind\u00e9pendants et engag\u00e9s.<\/em><\/p>\n<p style=\"text-align: center;\"><em>Je demande la r\u00e9activation imm\u00e9diate de cette page\u00a0\u00bb<\/em><\/p>\n<h3><strong>4 \u2013&gt; Rejoindre nos autres r\u00e9seaux : <a target=\"_blank\" href=\"https:\/\/bsky.app\/profile\/mr-mondialisation.bsky.social\">Bluesky<\/a>, <a target=\"_blank\" href=\"https:\/\/www.instagram.com\/mr_mondialisation\">Instagram<\/a>, <a target=\"_blank\" href=\"https:\/\/www.threads.com\/@mr_mondialisation\">Threads<\/a>\u2026\u00a0<\/strong><\/h3>\n<p>Mr Mondialisation est avant tout <a target=\"_blank\" href=\"https:\/\/mrmondialisation.org\/\">un m\u00e9dia en ligne<\/a>, l\u2019un des rares m\u00e9dias humanistes <strong>vent \u00ab\u00a0debout\u00a0\u00bb face aux logiques marchandes et aux monopoles de l\u2019information.<\/strong> Mais notre survie a toujours d\u00e9pendu uniquement de vos dons anonymes qui, eux, d\u00e9pendent de la visibilit\u00e9 de notre travail sur les r\u00e9seaux. Qui plus est sur vos fils d\u2019actualit\u00e9 Facebook o\u00f9 a grandi le c\u0153ur de notre premier lectorat.<\/p>\n<p><strong>Nous avons plus que jamais <a target=\"_blank\" href=\"https:\/\/agir.greenvoice.fr\/petitions\/mr-mondialisation-censure-exigeons-la-reactivation-de-sa-page-facebook\">besoin de vous<\/a> pour esp\u00e9rer retrouver notre communaut\u00e9 et continuer le travail.<\/strong> En esp\u00e9rant vous retrouver bient\u00f4t.<\/p>\n<p style=\"text-align: right;\"><strong><em>\u2013 Mr Mondialisation<\/em><\/strong><\/p>\n<p><strong>Contact presse :<\/strong> <a target=\"_blank\" href=\"https:\/\/mrmondialisation.org\/mr-mondialisation-banni-de-facebook-pour-une-simple-photo\/mailto:mr.mondialisation@gmail.com\">mr.mondialisation@gmail.com<\/a><\/p>\n<p><strong>Faire un don pour nous donner les moyens d\u2019agir et sauver l\u2019\u00e9quipe :<\/strong> <a target=\"_blank\" href=\"https:\/\/mrmondialisation.org\/donation\/\">https:\/\/mrmondialisation.org\/donation\/<\/a><\/p>\n<p><strong>Pour faire basculer 1,5 million d\u2019habitu\u00e9s sur un r\u00e9seau alternatif, il faut des moyens colossaux, mais nous y comptons aussi :<\/strong><\/p>\n<p>Nous rejoindre sur Instagram : <a target=\"_blank\" href=\"https:\/\/www.instagram.com\/mr_mondialisation\">https:\/\/www.instagram.com\/mr_mondialisation<\/a><\/p>\n<p>Nous suivre sur BlueSky : <a target=\"_blank\" href=\"https:\/\/bsky.app\/profile\/mr-mondialisation.bsky.social\">https:\/\/bsky.app\/profile\/mr-mondialisation.bsky.social<\/a><\/p>\n<p>TikTok : <a target=\"_blank\" href=\"https:\/\/www.tiktok.com\/@mr_mondialisation\">https:\/\/www.tiktok.com\/@mr_mondialisation<\/a><\/p>\n<p>Threads : <a target=\"_blank\" href=\"https:\/\/www.threads.com\/@mr_mondialisation\">https:\/\/www.threads.com\/@mr_mondialisation<\/a><\/p>\n<p>YouTube : <a target=\"_blank\" href=\"https:\/\/www.youtube.com\/user\/MrMondialisation\">https:\/\/www.youtube.com\/user\/MrMondialisation<\/a><\/p>\n<p>Telegram : <a target=\"_blank\" href=\"https:\/\/t.me\/mrmondialisation\">https:\/\/t.me\/mrmondialisation<\/a><\/p>\n<p>Suivre la situation sur Tipeee : <a target=\"_blank\" href=\"https:\/\/fr.tipeee.com\/mr-mondialisation\">https:\/\/fr.tipeee.com\/mr-mondialisation<\/a><\/p>\n<div class=\"td-a-rec td-a-rec-id-content_bottom  tdi_2 td_block_template_1\">\n<span class=\"td-adspot-title\">&#8211; Cet article gratuit et ind\u00e9pendant existe gr\u00e2ce \u00e0 vous &#8211;<\/span><\/p>\n<div class=\"td-all-devices\">\n    <a target=\"_blank\" href=\"https:\/\/mrmondialisation.org\/donation\/\" title=\"Faire_un_don\"><img decoding=\"async\" class=\"donationArticle\" src=\"https:\/\/mrmondialisation.org\/wp-content\/uploads\/2022\/12\/220405-flikalicious-final.jpg\" alt=\"Donation\"\/><\/a>\n<\/div>\n<\/div><\/div>\n<p><script async defer src=\"https:\/\/platform.instagram.com\/en_US\/embeds.js\"><\/script><br \/>\n<br \/><br \/>\n<br \/><a href=\"https:\/\/mrmondialisation.org\/mr-mondialisation-banni-de-facebook-pour-une-simple-photo\/\" target=\"_blank\"\">Source link <\/a><\/p>\n","protected":false},"excerpt":{"rendered":"<p>Notre page-m\u00e9dia Facebook \u201cMr Mondialisation\u201d a \u00e9t\u00e9 enti\u00e8rement supprim\u00e9e sans pr\u00e9avis ni r\u00e9clamation possible ce 30 juin 2025 pour une simple photographie. Voici notre communiqu\u00e9 (et comment nous aider).\u00a0 Mr&hellip; <\/p>\n","protected":false},"author":1,"featured_media":11286,"comment_status":"open","ping_status":"open","sticky":false,"template":"","format":"standard","meta":{"footnotes":""},"categories":[1],"tags":[],"class_list":["post-11285","post","type-post","status-publish","format-standard","has-post-thumbnail","hentry","category-non-classe"],"_links":{"self":[{"href":"https:\/\/monde25.info\/index.php\/wp-json\/wp\/v2\/posts\/11285","targetHints":{"allow":["GET"]}}],"collection":[{"href":"https:\/\/monde25.info\/index.php\/wp-json\/wp\/v2\/posts"}],"about":[{"href":"https:\/\/monde25.info\/index.php\/wp-json\/wp\/v2\/types\/post"}],"author":[{"embeddable":true,"href":"https:\/\/monde25.info\/index.php\/wp-json\/wp\/v2\/users\/1"}],"replies":[{"embeddable":true,"href":"https:\/\/monde25.info\/index.php\/wp-json\/wp\/v2\/comments?post=11285"}],"version-history":[{"count":0,"href":"https:\/\/monde25.info\/index.php\/wp-json\/wp\/v2\/posts\/11285\/revisions"}],"wp:featuredmedia":[{"embeddable":true,"href":"https:\/\/monde25.info\/index.php\/wp-json\/wp\/v2\/media\/11286"}],"wp:attachment":[{"href":"https:\/\/monde25.info\/index.php\/wp-json\/wp\/v2\/media?parent=11285"}],"wp:term":[{"taxonomy":"category","embeddable":true,"href":"https:\/\/monde25.info\/index.php\/wp-json\/wp\/v2\/categories?post=11285"},{"taxonomy":"post_tag","embeddable":true,"href":"https:\/\/monde25.info\/index.php\/wp-json\/wp\/v2\/tags?post=11285"}],"curies":[{"name":"wp","href":"https:\/\/api.w.org\/{rel}","templated":true}]}}