{"id":11299,"date":"2025-07-01T20:41:14","date_gmt":"2025-07-01T18:41:14","guid":{"rendered":"https:\/\/monde25.info\/index.php\/2025\/07\/01\/lagriculture-biologique-victime-dun-arbitrage-budgetaire-deletere\/"},"modified":"2025-07-01T20:41:14","modified_gmt":"2025-07-01T18:41:14","slug":"lagriculture-biologique-victime-dun-arbitrage-budgetaire-deletere","status":"publish","type":"post","link":"https:\/\/monde25.info\/index.php\/2025\/07\/01\/lagriculture-biologique-victime-dun-arbitrage-budgetaire-deletere\/","title":{"rendered":"L&#039;agriculture biologique victime d&#039;un arbitrage budg\u00e9taire \u00ab\u00a0d\u00e9l\u00e9t\u00e8re\u00a0\u00bb"},"content":{"rendered":"<p> <br \/>\n<br \/><img loading=\"lazy\" decoding=\"async\" src=\"https:\/\/reporterre.net\/local\/cache-vignettes\/L700xH467\/campagne_ete_040720181627-ad5c9.jpg?1751385912\" class=\"spip_logo\" width=\"700\" height=\"467\" alt=\"\" \/><\/p>\n<p>Encore un choix \u00ab<small class=\"fine d-inline\">\u00a0<\/small>d\u00e9l\u00e9t\u00e8re pour la bio<small class=\"fine d-inline\">\u00a0<\/small>\u00bb. La F\u00e9d\u00e9ration nationale de l&rsquo;agriculture biologique (Fnab), ne retient pas sa col\u00e8re face aux arbitrages budg\u00e9taires annonc\u00e9s lors d&rsquo;une r\u00e9union au minist\u00e8re de l&rsquo;Agriculture le 1\u1d49\u02b3\u00a0juillet. En cause, l&rsquo;allocation des cr\u00e9dits europ\u00e9ens de la Politique agricole commune (<span class=\"caps\">PAC<\/span>). <br class=\"autobr\" \/><br \/>\nSelon l&rsquo;association des agriculteurs bio, l&rsquo;enveloppe des sommes destin\u00e9es \u00e0 accompagner les agriculteurs en conversion au bio \u2014\u00a0qui n&rsquo;a pas \u00e9t\u00e9 consomm\u00e9e autant qu&rsquo;attendu\u00a0\u2014 a\u00a0(\u2026)<\/p>\n<p>                    <a target=\"_blank\" href=\"https:\/\/reporterre.net\/L-agriculture-biologique-victime-d-un-arbitrage-budgetaire-deletere?utm_source=RSS&amp;utm_medium=RSS\">Lire la suite<\/a><\/p>\n<p>                    &#8211;<br \/>\n                        <a target=\"_blank\" href=\"https:\/\/reporterre.net\/Breves-20\" rel=\"directory\">En bref<\/a><\/p>\n<p>                    \/<br \/>\n                        <a target=\"_blank\" href=\"https:\/\/reporterre.net\/Agriculture\" rel=\"tag\">Agriculture<\/a><br \/>\n<br \/><br \/>\n<br \/><a href=\"https:\/\/reporterre.net\/L-agriculture-biologique-victime-d-un-arbitrage-budgetaire-deletere\" target=\"_blank\"\">Source link <\/a><\/p>\n","protected":false},"excerpt":{"rendered":"<p>Encore un choix \u00ab\u00a0d\u00e9l\u00e9t\u00e8re pour la bio\u00a0\u00bb. La F\u00e9d\u00e9ration nationale de l&rsquo;agriculture biologique (Fnab), ne retient pas sa col\u00e8re face aux arbitrages budg\u00e9taires annonc\u00e9s lors d&rsquo;une r\u00e9union au minist\u00e8re de&hellip; <\/p>\n","protected":false},"author":1,"featured_media":0,"comment_status":"open","ping_status":"open","sticky":false,"template":"","format":"standard","meta":{"footnotes":""},"categories":[1],"tags":[],"class_list":["post-11299","post","type-post","status-publish","format-standard","hentry","category-non-classe"],"_links":{"self":[{"href":"https:\/\/monde25.info\/index.php\/wp-json\/wp\/v2\/posts\/11299","targetHints":{"allow":["GET"]}}],"collection":[{"href":"https:\/\/monde25.info\/index.php\/wp-json\/wp\/v2\/posts"}],"about":[{"href":"https:\/\/monde25.info\/index.php\/wp-json\/wp\/v2\/types\/post"}],"author":[{"embeddable":true,"href":"https:\/\/monde25.info\/index.php\/wp-json\/wp\/v2\/users\/1"}],"replies":[{"embeddable":true,"href":"https:\/\/monde25.info\/index.php\/wp-json\/wp\/v2\/comments?post=11299"}],"version-history":[{"count":0,"href":"https:\/\/monde25.info\/index.php\/wp-json\/wp\/v2\/posts\/11299\/revisions"}],"wp:attachment":[{"href":"https:\/\/monde25.info\/index.php\/wp-json\/wp\/v2\/media?parent=11299"}],"wp:term":[{"taxonomy":"category","embeddable":true,"href":"https:\/\/monde25.info\/index.php\/wp-json\/wp\/v2\/categories?post=11299"},{"taxonomy":"post_tag","embeddable":true,"href":"https:\/\/monde25.info\/index.php\/wp-json\/wp\/v2\/tags?post=11299"}],"curies":[{"name":"wp","href":"https:\/\/api.w.org\/{rel}","templated":true}]}}