{"id":1130,"date":"2024-11-29T03:11:42","date_gmt":"2024-11-29T02:11:42","guid":{"rendered":"https:\/\/monde25.info\/index.php\/2024\/11\/29\/pourquoi-ils-veulent-absolument-la-guerre-les-maitres-du-monde-sott-net\/"},"modified":"2024-11-29T03:11:42","modified_gmt":"2024-11-29T02:11:42","slug":"pourquoi-ils-veulent-absolument-la-guerre-les-maitres-du-monde-sott-net","status":"publish","type":"post","link":"https:\/\/monde25.info\/index.php\/2024\/11\/29\/pourquoi-ils-veulent-absolument-la-guerre-les-maitres-du-monde-sott-net\/","title":{"rendered":"Pourquoi ils veulent absolument la guerre \u2014 Les Ma\u00eetres du Monde \u2014 Sott.net"},"content":{"rendered":"<p> <br \/>\n<\/p>\n<div>\n      L&rsquo;homme politique en vue de l&rsquo;AfD, Maximilian Krah, pose la question sur \u00ab X \u00bb : \u00ab Pourquoi tous ces eunuques politiques <em>low-testo<\/em> ouest-allemands &#8211; Roth, R\u00f6ttgen, Kiesewetter, etc \u2014 sont-ils soudain si avides de guerre ? Ce m\u00e9lange de russophobie et d&rsquo;enthousiasme pour la guerre est d&rsquo;autant plus incompr\u00e9hensible au vu de leurs personnalit\u00e9s \u00bb.<br \/>\n<\/p>\n<div class=\"article-image-super to-center\"><a target=\"_blank\" href=\"https:\/\/fr.sott.net\/image\/s35\/719054\/full\/m1000x1000.jpg\" target=\"_blank\"><img decoding=\"async\" src=\"https:\/\/fr.sott.net\/image\/s35\/719054\/super\/m1000x1000.jpg\" alt=\"fghj\" title=\"Cliquer pour agrandir\"\/><\/a><\/div>\n<p>La r\u00e9ponse \u00e0 cette question est tr\u00e8s simple : parce qu&rsquo;ils en profitent ! \u00c9viter les morts d&rsquo;une guerre serait \u00e0 cet \u00e9gard \u00ab\u00a0contre-productif\u00a0\u00bb. Les plans du \u00ab Forum \u00c9conomique Mondial \u00bb (FEM) impliquent \u00e0 long terme la r\u00e9duction quantitative de l&rsquo;humanit\u00e9. Certains m\u00e9dias de propagande et les avis de soi-disant \u00ab fact checkers \u00bb le contestent et qualifient cette vision de \u00ab th\u00e9orie du complot \u00bb. Pourtant, le c\u0153ur de cette politique est vrai et connu du public depuis 2020 au plus tard. La \u00ab conspiration Covid 19 \u00bb \u00e9tait un test pour les futurs d\u00e9veloppements politiques mondiaux. On peut le lire sur le site Internet officiel du <em>Forum \u00c9conomique Mondial.<\/em><\/p>\n<p><strong><span class=\"BoldGrey\">La grande remise \u00e0 z\u00e9ro<\/span><\/strong><\/p>\n<p>Il y a toujours un petit groupe de profiteurs qui profitent des guerres dans le monde entier. Ce n&rsquo;est pas incompr\u00e9hensible et il en a toujours \u00e9t\u00e9 ainsi. Le professeur Felix Dirsch, charg\u00e9 de cours en th\u00e9orie et philosophie politique, a publi\u00e9 en 2022 le recueil <em>\u00ab Der Great Reset &#8211; Eine verschw\u00f6rungstheoretische Chiffre ? \u00bb (Le grand reset \u2014 un code conspirationniste ?),<\/em> un ouvrage complet permettant de comprendre le contexte. Sur 338 pages, des scientifiques et des auteurs de renom expliquent les restrictions \u00e0 la libert\u00e9 qui s&rsquo;aggravent au profit de certains profiteurs de la transformation voulue de la soci\u00e9t\u00e9 en un monde gouvern\u00e9 sur le mode totalitaire.<br \/>\n<\/p>\n<div class=\"article-image-super to-center\"><a target=\"_blank\" href=\"https:\/\/fr.sott.net\/image\/s35\/719055\/full\/2328467000.jpg\" target=\"_blank\"><img decoding=\"async\" loading=\"lazy\" src=\"https:\/\/fr.sott.net\/image\/s35\/719055\/super\/2328467000.jpg\" alt=\"fghj\" title=\"Cliquer pour agrandir\"\/><\/a><\/div>\n<p>Le contr\u00f4le num\u00e9rique progressif, la censure g\u00e9n\u00e9ralis\u00e9e, la redistribution des richesses du bas vers le haut, les id\u00e9es transhumanistes et leur mise en \u0153uvre ainsi que la pr\u00e9tendue \u00ab protection du climat \u00bb comme arme contre la classe moyenne et contre les simples citoyens au moyen d&rsquo;un \u00ab tournant \u00e9nerg\u00e9tique \u00bb, de villes esclaves de 15 minutes, d&rsquo;une alimentation artificielle, d&rsquo;une surveillance m\u00e9dicale totale et de la promotion de l&rsquo;islamisation des pays occidentaux, qui signifie le remplacement de la haute culture jud\u00e9o-chr\u00e9tienne par une religion violente de l&rsquo;\u00e2ge de pierre et la perte de l&rsquo;\u00e9ducation humaniste qui en d\u00e9coule, sont tous des \u00e9l\u00e9ments constitutifs de ce plan.<\/p>\n<p><strong><span class=\"BoldGrey\">Voter pour la CDU signifie la guerre<\/span><\/strong><\/p>\n<p><strong>O<\/strong>n peut toutefois douter que la transformation de la soci\u00e9t\u00e9 fonctionne r\u00e9ellement selon ce mod\u00e8le. Les r\u00e9sistances \u00e0 ce projet sont de plus en plus nombreuses. L&rsquo;\u00e9lection de Donald Trump comme nouveau pr\u00e9sident des \u00c9tats-Unis pourrait \u00eatre le d\u00e9but de la fin du \u00ab Great Reset \u00bb, s&rsquo;il parvient \u00e0 d\u00e9tr\u00f4ner le \u00ab Deep State \u00bb afin de redonner des espaces de libert\u00e9 aux libert\u00e9s civiles.<\/p>\n<div class=\"article-image-super to-center\"><a target=\"_blank\" href=\"https:\/\/fr.sott.net\/image\/s35\/719056\/full\/2854674705.jpg\" target=\"_blank\"><img decoding=\"async\" loading=\"lazy\" src=\"https:\/\/fr.sott.net\/image\/s35\/719056\/super\/2854674705.jpg\" alt=\"ghjk\" title=\"Cliquer pour agrandir\"\/><\/a><\/div>\n<p>C&rsquo;est un secret de polichinelle que Friedrich Merz (photo), en tant que chancelier en puissance, veut continuer \u00e0 alimenter la guerre en Ukraine et impliquer l&rsquo;Allemagne en tant que bellig\u00e9rant contre la Russie. Cette entr\u00e9e en guerre pr\u00e9vue, \u00e0 commencer par la livraison de missiles Taurus \u00e0 moyenne port\u00e9e et du personnel au sol n\u00e9cessaire, co\u00fbtera la vie \u00e0 de nombreux Allemands et entra\u00eenera quantit\u00e9 de destructions. Comme l&rsquo;auteur de <em>PI-NEWS<\/em> Wolfgang H\u00fcbner l&rsquo;a d\u00e9j\u00e0 signal\u00e9 \u00e0 maintes reprises, voter pour la CDU conduit \u00e0 la guerre ! Une guerre qui d\u00e9poss\u00e8dera les citoyens, les appauvrira et les tuera. Et qui en profitera ?<\/p>\n<p><strong><span class=\"BoldGrey\">Quels int\u00e9r\u00eats Friedrich Merz d\u00e9fend-il ?<\/span><\/strong><\/p>\n<p>Friedrich Merz a pr\u00e9sid\u00e9 de 2016 \u00e0 2020 le conseil de supervision de \u00ab Blackrock Asset Management Deutschland AG \u00bb, l&rsquo;entit\u00e9 allemande de la soci\u00e9t\u00e9 d&rsquo;investissement BlackRock. Ce grand investisseur g\u00e8re \u00e0 lui seul une fortune mondiale de plus de onze billions de dollars am\u00e9ricains. Son concurrent J. P. Morgan ne dispose que d&rsquo;une fortune d&rsquo;\u00e0 peine trois billions de dollars am\u00e9ricains. En 2023, la dette publique des \u00c9tats-Unis s&rsquo;\u00e9levait \u00e0 plus de 32 billions de dollars am\u00e9ricains et la tendance est \u00e0 la hausse. Quelqu&rsquo;un devra un jour ou l&rsquo;autre payer ces dettes, m\u00eame si c&rsquo;est par la d\u00e9valuation de la monnaie.<\/p>\n<div class=\"article-image-super to-center\"><a target=\"_blank\" href=\"https:\/\/fr.sott.net\/image\/s35\/719057\/full\/2497766491.jpg\" target=\"_blank\"><img decoding=\"async\" loading=\"lazy\" src=\"https:\/\/fr.sott.net\/image\/s35\/719057\/super\/2497766491.jpg\" alt=\"fgbn\" title=\"Cliquer pour agrandir\"\/><\/a><\/div>\n<p>L&rsquo;Ukraine poss\u00e8de des ressources min\u00e9rales d&rsquo;une valeur estim\u00e9e entre 10 et 12 billions de dollars am\u00e9ricains. Les guerres sont men\u00e9es pour les ressources mini\u00e8res et la disponibilit\u00e9 des mati\u00e8res premi\u00e8res, mais pas pour la \u00ab libert\u00e9 \u00bb, la \u00ab d\u00e9mocratie \u00bb, les \u00ab droits de l&rsquo;homme \u00bb et autres pr\u00e9textes. Blackrock s&rsquo;est d\u00e9j\u00e0 servi des pr\u00e9cieuses terres agricoles d&rsquo;Ukraine et en a achet\u00e9 une grande partie. Avec les b\u00e9n\u00e9fices attendus des ressources mini\u00e8res, d&rsquo;autres trillions de b\u00e9n\u00e9fices seront g\u00e9n\u00e9r\u00e9s. Les investissements dans la \u00ab reconstruction \u00bb de l&rsquo;Ukraine, estim\u00e9s entre 400 et 500 milliards de dollars, sont donc bien modestes.<\/p>\n<p><span class=\"BoldGrey\">Les r\u00e9seaux du Bundestag font la guerre \u00e0 l&rsquo;Ukraine<\/span><\/p>\n<p>D&rsquo;apr\u00e8s vous, chers lecteurs, quels int\u00e9r\u00eats un probable chancelier Merz d\u00e9fendra-t-il ? Les int\u00e9r\u00eats des citoyens ? Les int\u00e9r\u00eats des contribuables, des ouvriers, des employ\u00e9s et des familles ou les int\u00e9r\u00eats des grands investisseurs et des g\u00e9n\u00e9raux de l&rsquo;OTAN ? Suite \u00e0 la guerre en Ukraine, le groupe d&rsquo;armement Rheinmetall a augment\u00e9 son chiffre d&rsquo;affaires en 2023 pour atteindre un niveau record d&rsquo;environ sept milliards d&rsquo;euros.<\/p>\n<p>Au niveau international, Rheinmetall n&rsquo;est toutefois qu&rsquo;un groupe d&rsquo;armement parmi d&rsquo;autres et ne se classe que dans la moyenne mondiale. Ce ne sont pas les petits investisseurs qui d\u00e9terminent le cours des actions. Ce sont \u00e0 nouveau les gros investisseurs comme Blackrock. La boucle est boucl\u00e9e. Le lobby de l&rsquo;armement au sein du Bundestag allemand ne se limite pas aux bellicistes habituels que sont Strack-Zimmermann, Polenz, R\u00f6ttgen, Kiesewetter, Hofreiter &amp; Co. Des r\u00e9seaux entiers m\u00e8nent cette guerre et en tirent profit, ind\u00e9pendamment de l&rsquo;issue de la guerre. Ils craignent tous une guerre nucl\u00e9aire, car il n&rsquo;y aurait ensuite plus personne pour profiter de la guerre.<\/p>\n<div class=\"article-image-super to-center\"><a target=\"_blank\" href=\"https:\/\/fr.sott.net\/image\/s35\/719060\/full\/2861697778.jpg\" target=\"_blank\"><img decoding=\"async\" loading=\"lazy\" src=\"https:\/\/fr.sott.net\/image\/s35\/719060\/super\/2861697778.jpg\" alt=\"hyuj\" title=\"Cliquer pour agrandir\"\/><\/a><\/div>\n<p><span class=\"BoldGrey\">Quelle sera la suite des \u00e9v\u00e9nements ?<\/span><\/p>\n<p>Les r\u00e9flexions de la nomenklatura de l&rsquo;UE sur la poursuite de cette guerre, m\u00eame sans les \u00c9tats-Unis si n\u00e9cessaire, trouvent un soutien dans les gouvernements de la plupart des pays membres de l&rsquo;UE. Pourquoi en est-il ainsi ? Vous pouvez maintenant r\u00e9pondre vous-m\u00eame \u00e0 cette question. Les pays qui ont l&rsquo;intention de rester neutres et de ne fournir ni armes ni logistique pour la guerre subissent la pression des lobbyistes de Bruxelles, Paris et Berlin. La Slovaquie et la Hongrie en savent quelque chose. M\u00eame la Serbie, candidate \u00e0 l&rsquo;adh\u00e9sion \u00e0 l&rsquo;UE, se voit mettre de plus en plus de b\u00e2tons dans les roues, car son gouvernement ne suit pas \u00e0 100 % la ligne belliciste des bureaucrates de l&rsquo;UE en mati\u00e8re de politique \u00e9trang\u00e8re.<\/p>\n<p>Tant que la guerre se poursuivra, le r\u00e9gime corrompu de Zelensky se remplira les poches avec les lobbyistes de l&rsquo;armement dans le monde entier et dans les parlements, et les multimilliardaires continueront \u00e0 s&rsquo;enrichir sur le dos des soldats et des civils qui seront tu\u00e9s ou bless\u00e9s dans cette guerre. Il faudrait qu&rsquo;il y ait une volont\u00e9 politique de mettre fin \u00e0 la guerre. Cette volont\u00e9 n&rsquo;est actuellement pas perceptible tant que des profits seront r\u00e9alis\u00e9s.\n<\/p>\n<blockquote class=\"typ1\"><p>\n Conny Axel Meier (n\u00e9 en 1956 &#8211; photo) s&rsquo;est engag\u00e9 depuis plus de 20 ans en tant que publiciste, militant des droits de l&rsquo;homme et sp\u00e9cialiste de l&rsquo;islam. \u00c0 partir de 2004, il a occup\u00e9 le poste de secr\u00e9taire dans l&rsquo;\u00ab Association f\u00e9d\u00e9rale des mouvements citoyens \u00bb (BDB). En 2006, il a \u00e9t\u00e9 parmi les premiers membres de \u00ab Pax Europa \u00bb. En 2008, il a jou\u00e9 un r\u00f4le d\u00e9terminant dans la fusion des deux associations pour former le \u00ab Mouvement citoyen PAX EUROPA \u00bb (BPE) et a \u00e9t\u00e9 leur premier secr\u00e9taire g\u00e9n\u00e9ral \u00e0 temps plein jusqu&rsquo;en 2016. En 2019, il s&rsquo;est exil\u00e9 politiquement en Hongrie avec son \u00e9pouse et \u00e9crit depuis r\u00e9guli\u00e8rement pour <em>PI-NEWS.<\/em>\n<\/p><\/blockquote><\/div>\n<p><br \/>\n<br \/><a href=\"https:\/\/fr.sott.net\/article\/44134-Pourquoi-ils-veulent-absolument-la-guerre\" target=\"_blank\"\">Source link <\/a><\/p>\n","protected":false},"excerpt":{"rendered":"<p>L&rsquo;homme politique en vue de l&rsquo;AfD, Maximilian Krah, pose la question sur \u00ab X \u00bb : \u00ab Pourquoi tous ces eunuques politiques low-testo ouest-allemands &#8211; Roth, R\u00f6ttgen, Kiesewetter, etc \u2014&hellip; <\/p>\n","protected":false},"author":1,"featured_media":1131,"comment_status":"open","ping_status":"open","sticky":false,"template":"","format":"standard","meta":{"footnotes":""},"categories":[1],"tags":[],"class_list":["post-1130","post","type-post","status-publish","format-standard","has-post-thumbnail","hentry","category-non-classe"],"_links":{"self":[{"href":"https:\/\/monde25.info\/index.php\/wp-json\/wp\/v2\/posts\/1130","targetHints":{"allow":["GET"]}}],"collection":[{"href":"https:\/\/monde25.info\/index.php\/wp-json\/wp\/v2\/posts"}],"about":[{"href":"https:\/\/monde25.info\/index.php\/wp-json\/wp\/v2\/types\/post"}],"author":[{"embeddable":true,"href":"https:\/\/monde25.info\/index.php\/wp-json\/wp\/v2\/users\/1"}],"replies":[{"embeddable":true,"href":"https:\/\/monde25.info\/index.php\/wp-json\/wp\/v2\/comments?post=1130"}],"version-history":[{"count":0,"href":"https:\/\/monde25.info\/index.php\/wp-json\/wp\/v2\/posts\/1130\/revisions"}],"wp:featuredmedia":[{"embeddable":true,"href":"https:\/\/monde25.info\/index.php\/wp-json\/wp\/v2\/media\/1131"}],"wp:attachment":[{"href":"https:\/\/monde25.info\/index.php\/wp-json\/wp\/v2\/media?parent=1130"}],"wp:term":[{"taxonomy":"category","embeddable":true,"href":"https:\/\/monde25.info\/index.php\/wp-json\/wp\/v2\/categories?post=1130"},{"taxonomy":"post_tag","embeddable":true,"href":"https:\/\/monde25.info\/index.php\/wp-json\/wp\/v2\/tags?post=1130"}],"curies":[{"name":"wp","href":"https:\/\/api.w.org\/{rel}","templated":true}]}}