{"id":11302,"date":"2025-07-01T21:47:49","date_gmt":"2025-07-01T19:47:49","guid":{"rendered":"https:\/\/monde25.info\/index.php\/2025\/07\/01\/leurope-soutient-le-vin-sud-africain-plutot-que-le-vin-francais\/"},"modified":"2025-07-01T21:47:49","modified_gmt":"2025-07-01T19:47:49","slug":"leurope-soutient-le-vin-sud-africain-plutot-que-le-vin-francais","status":"publish","type":"post","link":"https:\/\/monde25.info\/index.php\/2025\/07\/01\/leurope-soutient-le-vin-sud-africain-plutot-que-le-vin-francais\/","title":{"rendered":"L&rsquo;Europe soutient le vin sud-africain plut\u00f4t que le vin fran\u00e7ais"},"content":{"rendered":"<p> <br \/>\n<\/p>\n<div>\n<p><strong>Quand la vigne fran\u00e7aise g\u00e9mit, Bruxelles arrose en direction de l\u2019Afrique du Sud. En pleine tourmente \u00e9conomique, les viticulteurs fran\u00e7ais d\u00e9couvrent que l\u2019Union europ\u00e9enne vient de d\u00e9bloquer 15\u202fmillions d\u2019euros pour \u00ab favoriser une croissance inclusive \u00bb dans le secteur viticole sud-africain. Un geste de solidarit\u00e9\u2026 qui a du mal \u00e0 passer.<\/strong><\/p>\n<p>Cette aide, promise dans un obscur accord de 2002 mais jamais vers\u00e9e, refait surface aujourd\u2019hui dans un contexte&#8230; chaud. Selon <em>South Africa Wine<\/em>, elle vise \u00e0 soutenir des projets men\u00e9s par des Noirs, des femmes et des jeunes \u00e0 travers toute la cha\u00eene de valeur du vin. Concr\u00e8tement, 10\u202fmillions iront \u00e0 des entreprises locales et 5 \u00e0 la commercialisation et distribution. Cependant que les viticulteurs fran\u00e7ais, eux, s\u2019enfoncent dans une crise profonde, entre effondrement de la consommation et d\u00e9r\u00e8glement climatique. \u00ab Au moment o\u00f9 nous vivons une crise d\u2019ampleur, je trouve cette d\u00e9cision inadmissible et une vraie provocation \u00bb, d\u00e9nonce J\u00e9r\u00f4me Despey, vice-pr\u00e9sident de la FNSEA, cit\u00e9 par L\u2019Opinion.<\/p>\n<p>Comme le rapporte <em>Le Figaro<\/em>, ce choix politique prend des allures de trahison pour une fili\u00e8re vitale en France. Les professionnels d\u00e9noncent l\u2019inaction europ\u00e9enne sur le front int\u00e9rieur, alors m\u00eame que Bruxelles a r\u00e9cemment valid\u00e9 un \u00ab paquet vin \u00bb sans un centime de financement suppl\u00e9mentaire. Jo\u00ebl Boueilh, pr\u00e9sident des Vignerons coop\u00e9rateurs de France, s\u2019emporte : \u00ab Cela n\u2019a aucun sens. On nous dit qu\u2019il n\u2019y a pas d\u2019argent et, en m\u00eame temps, on finance nos concurrents ? \u00bb.<\/p>\n<p>La col\u00e8re gagne les rangs politiques, principalement \u00e0 droite. Mais au-del\u00e0 de l\u2019indignation, c\u2019est l\u2019absence de strat\u00e9gie europ\u00e9enne coh\u00e9rente qui interroge. Car \u00e0 vouloir tout inclure, l\u2019Union pourrait bien finir par exclure ses propres terroirs.<\/p>\n<\/div>\n<p><script>(function(d, s, id) {  var js, fjs = d.getElementsByTagName(s)[0];  if (d.getElementById(id)) return;  js = d.createElement(s); js.id = id;  js.src = \"\/\/connect.facebook.net\/fr_FR\/sdk.js#xfbml=1&version=v2.3\";  fjs.parentNode.insertBefore(js, fjs);}(document, \"script\", \"facebook-jssdk\"));<\/script><br \/>\n<br \/><br \/>\n<br \/><a href=\"https:\/\/www.francesoir.fr\/politique-monde\/l-europe-soutient-le-vin-sud-africain-plutot-que-le-vin-francais\" target=\"_blank\"\">Source link <\/a><\/p>\n","protected":false},"excerpt":{"rendered":"<p>Quand la vigne fran\u00e7aise g\u00e9mit, Bruxelles arrose en direction de l\u2019Afrique du Sud. En pleine tourmente \u00e9conomique, les viticulteurs fran\u00e7ais d\u00e9couvrent que l\u2019Union europ\u00e9enne vient de d\u00e9bloquer 15\u202fmillions d\u2019euros pour&hellip; <\/p>\n","protected":false},"author":1,"featured_media":11303,"comment_status":"open","ping_status":"open","sticky":false,"template":"","format":"standard","meta":{"footnotes":""},"categories":[1],"tags":[],"class_list":["post-11302","post","type-post","status-publish","format-standard","has-post-thumbnail","hentry","category-non-classe"],"_links":{"self":[{"href":"https:\/\/monde25.info\/index.php\/wp-json\/wp\/v2\/posts\/11302","targetHints":{"allow":["GET"]}}],"collection":[{"href":"https:\/\/monde25.info\/index.php\/wp-json\/wp\/v2\/posts"}],"about":[{"href":"https:\/\/monde25.info\/index.php\/wp-json\/wp\/v2\/types\/post"}],"author":[{"embeddable":true,"href":"https:\/\/monde25.info\/index.php\/wp-json\/wp\/v2\/users\/1"}],"replies":[{"embeddable":true,"href":"https:\/\/monde25.info\/index.php\/wp-json\/wp\/v2\/comments?post=11302"}],"version-history":[{"count":0,"href":"https:\/\/monde25.info\/index.php\/wp-json\/wp\/v2\/posts\/11302\/revisions"}],"wp:featuredmedia":[{"embeddable":true,"href":"https:\/\/monde25.info\/index.php\/wp-json\/wp\/v2\/media\/11303"}],"wp:attachment":[{"href":"https:\/\/monde25.info\/index.php\/wp-json\/wp\/v2\/media?parent=11302"}],"wp:term":[{"taxonomy":"category","embeddable":true,"href":"https:\/\/monde25.info\/index.php\/wp-json\/wp\/v2\/categories?post=11302"},{"taxonomy":"post_tag","embeddable":true,"href":"https:\/\/monde25.info\/index.php\/wp-json\/wp\/v2\/tags?post=11302"}],"curies":[{"name":"wp","href":"https:\/\/api.w.org\/{rel}","templated":true}]}}