{"id":11304,"date":"2025-07-01T22:20:44","date_gmt":"2025-07-01T20:20:44","guid":{"rendered":"https:\/\/monde25.info\/index.php\/2025\/07\/01\/quatre-mois-de-detention-a-bakou-pour-le-directeur-et-le-redacteur-en-chef-de-sputnik-azerbaidjan-rt-en-francais\/"},"modified":"2025-07-01T22:20:44","modified_gmt":"2025-07-01T20:20:44","slug":"quatre-mois-de-detention-a-bakou-pour-le-directeur-et-le-redacteur-en-chef-de-sputnik-azerbaidjan-rt-en-francais","status":"publish","type":"post","link":"https:\/\/monde25.info\/index.php\/2025\/07\/01\/quatre-mois-de-detention-a-bakou-pour-le-directeur-et-le-redacteur-en-chef-de-sputnik-azerbaidjan-rt-en-francais\/","title":{"rendered":"Quatre mois de d\u00e9tention \u00e0 Bakou pour le directeur et le r\u00e9dacteur en chef de Sputnik Azerba\u00efdjan \u2014 RT en fran\u00e7ais"},"content":{"rendered":"<p> <br \/>\n<br \/><img decoding=\"async\" src=\"https:\/\/mf.b37mrtl.ru\/french\/images\/2025.07\/thumbnail\/686418f987f3ec33c43ffa88.jpg\" \/><\/p>\n<div>\n<p class=\"text__summary\">\n                                        Le directeur et le r\u00e9dacteur en chef de Sputnik Azerba\u00efdjan, Igor Kartavykh et Evgueni Belooussov, ont \u00e9t\u00e9 arr\u00eat\u00e9s \u00e0 Bakou et plac\u00e9s en d\u00e9tention pour quatre mois. Les autorit\u00e9s les accusent de fraude et de blanchiment, tandis que Moscou d\u00e9nonce une provocation politique et exige leur lib\u00e9ration imm\u00e9diate.\n                                    <\/p>\n<p data-start=\"625\" data-end=\"1105\">Le 1er juillet, le tribunal du district de Khata\u00ef \u00e0 Bakou a ordonn\u00e9 le placement en d\u00e9tention provisoire pour quatre mois d\u2019Igor Kartavykh, directeur du bureau local de l\u2019agence Sputnik en Azerba\u00efdjan, et d\u2019Evgueni Belooussov, son r\u00e9dacteur en chef. Selon l\u2019agence APA, ils sont poursuivis pour \u00ab\u00a0escroquerie ayant caus\u00e9 un pr\u00e9judice important\u00a0\u00bb, \u00ab\u00a0activit\u00e9 entrepreneuriale ill\u00e9gale ayant g\u00e9n\u00e9r\u00e9 un revenu en grande quantit\u00e9\u00a0\u00bb et \u00ab\u00a0blanchiment de biens acquis par des moyens criminels\u00a0\u00bb.<\/p>\n<p data-start=\"1107\" data-end=\"1539\">L\u2019arrestation est survenue apr\u00e8s une op\u00e9ration polici\u00e8re men\u00e9e <a target=\"_blank\" href=\"https:\/\/francais.rt.com\/russie\/122507-coup-de-froid-entre-moscou-bakou-apres-operation-contre-filiale-sputnik\">le 30 juin dans les locaux de l\u2019agence<\/a>. Le minist\u00e8re de l\u2019Int\u00e9rieur a indiqu\u00e9 que sept employ\u00e9s avaient \u00e9t\u00e9 interpell\u00e9s. Les proches et les diplomates n\u2019ont pas \u00e9t\u00e9 autoris\u00e9s \u00e0 voir les journalistes. La r\u00e9dactrice en chef de l&rsquo;agence Rossia Segodnia, Margarita Simonian, a confirm\u00e9 que \u00ab\u00a0les employ\u00e9s ne r\u00e9pondaient plus aux appels\u00a0\u00bb.<\/p>\n<h2 data-start=\"1541\" data-end=\"1581\">Moscou exige leur lib\u00e9ration imm\u00e9diate<\/h2>\n<p data-start=\"1541\" data-end=\"1581\">En r\u00e9action, le minist\u00e8re russe des Affaires \u00e9trang\u00e8res a convoqu\u00e9 l\u2019ambassadeur d\u2019Azerba\u00efdjan, Rakhman Moustafa\u00efev : \u00ab\u00a0au chef de la mission diplomatique d\u2019Azerba\u00efdjan a \u00e9t\u00e9 remise une note verbale exigeant la lib\u00e9ration imm\u00e9diate des journalistes russes d\u00e9tenus \u00e0 Bakou, Igor Kartavykh et Evgueni Belooussov\u00a0\u00bb. Le minist\u00e8re a aussi d\u00e9nonc\u00e9 \u00ab\u00a0des actions inacceptables des forces de l\u2019ordre azerba\u00efdjanaises contre l\u2019agence d\u2019information russe Sputnik Azerba\u00efdjan et ses employ\u00e9s\u00a0\u00bb.<\/p>\n<p data-start=\"2114\" data-end=\"2289\">Le Kremlin a exprim\u00e9 sa pr\u00e9occupation par la voix de Dmitri Peskov : \u00ab\u00a0\u00c0 Moscou, nous suivons de pr\u00e8s les informations concernant la d\u00e9tention des journalistes russes \u00e0 Bakou\u00a0\u00bb.<\/p>\n<h2 data-start=\"2291\" data-end=\"2337\">Tensions croissantes entre Moscou et Bakou<\/h2>\n<p data-start=\"2339\" data-end=\"2798\">Cet incident survient dans un contexte de vives tensions. Quelques jours auparavant, plusieurs ressortissants azerba\u00efdjanais\u00a0ont \u00e9t\u00e9 interpell\u00e9s en Russie \u00e0 Ekaterinbourg dans le cadre d\u2019enqu\u00eates sur des homicides organis\u00e9s dans les ann\u00e9es 2000. En r\u00e9ponse, le minist\u00e8re des Affaires \u00e9trang\u00e8res d\u2019Azerba\u00efdjan a accus\u00e9 Moscou de brutalit\u00e9s, ce que la Russie a rejet\u00e9 cat\u00e9goriquement, qualifiant ces propos \u00ab\u00a0d&rsquo;ing\u00e9rence dans ses affaires int\u00e9rieures\u00a0\u00bb.<\/p>\n<p data-start=\"2800\" data-end=\"3051\">Le minist\u00e8re russe a \u00e9galement d\u00e9nonc\u00e9 \u00ab\u00a0une campagne russophobe orchestr\u00e9e dans les m\u00e9dias azerba\u00efdjanais \u00bb, l\u2019annulation d\u2019\u00e9v\u00e9nements culturels bilat\u00e9raux, ainsi que \u00ab\u00a0la suppression de manifestations culturelles avec des artistes russes\u00a0\u00bb.<\/p>\n<\/div>\n<p><br \/>\n<br \/><a href=\"https:\/\/francais.rt.com\/international\/122556-quatre-mois-detention-a-bakou-pour-le-directeur-et-redacteur-en-chef-de-sputnik-azerbaidjan\" target=\"_blank\"\">Source link <\/a><\/p>\n","protected":false},"excerpt":{"rendered":"<p>Le directeur et le r\u00e9dacteur en chef de Sputnik Azerba\u00efdjan, Igor Kartavykh et Evgueni Belooussov, ont \u00e9t\u00e9 arr\u00eat\u00e9s \u00e0 Bakou et plac\u00e9s en d\u00e9tention pour quatre mois. Les autorit\u00e9s les&hellip; <\/p>\n","protected":false},"author":1,"featured_media":11305,"comment_status":"open","ping_status":"open","sticky":false,"template":"","format":"standard","meta":{"footnotes":""},"categories":[1],"tags":[],"class_list":["post-11304","post","type-post","status-publish","format-standard","has-post-thumbnail","hentry","category-non-classe"],"_links":{"self":[{"href":"https:\/\/monde25.info\/index.php\/wp-json\/wp\/v2\/posts\/11304","targetHints":{"allow":["GET"]}}],"collection":[{"href":"https:\/\/monde25.info\/index.php\/wp-json\/wp\/v2\/posts"}],"about":[{"href":"https:\/\/monde25.info\/index.php\/wp-json\/wp\/v2\/types\/post"}],"author":[{"embeddable":true,"href":"https:\/\/monde25.info\/index.php\/wp-json\/wp\/v2\/users\/1"}],"replies":[{"embeddable":true,"href":"https:\/\/monde25.info\/index.php\/wp-json\/wp\/v2\/comments?post=11304"}],"version-history":[{"count":0,"href":"https:\/\/monde25.info\/index.php\/wp-json\/wp\/v2\/posts\/11304\/revisions"}],"wp:featuredmedia":[{"embeddable":true,"href":"https:\/\/monde25.info\/index.php\/wp-json\/wp\/v2\/media\/11305"}],"wp:attachment":[{"href":"https:\/\/monde25.info\/index.php\/wp-json\/wp\/v2\/media?parent=11304"}],"wp:term":[{"taxonomy":"category","embeddable":true,"href":"https:\/\/monde25.info\/index.php\/wp-json\/wp\/v2\/categories?post=11304"},{"taxonomy":"post_tag","embeddable":true,"href":"https:\/\/monde25.info\/index.php\/wp-json\/wp\/v2\/tags?post=11304"}],"curies":[{"name":"wp","href":"https:\/\/api.w.org\/{rel}","templated":true}]}}