{"id":11308,"date":"2025-07-01T23:59:56","date_gmt":"2025-07-01T21:59:56","guid":{"rendered":"https:\/\/monde25.info\/index.php\/2025\/07\/01\/opacite-divisions-et-trahison-des-libertes-les-moutons-enrages\/"},"modified":"2025-07-01T23:59:56","modified_gmt":"2025-07-01T21:59:56","slug":"opacite-divisions-et-trahison-des-libertes-les-moutons-enrages","status":"publish","type":"post","link":"https:\/\/monde25.info\/index.php\/2025\/07\/01\/opacite-divisions-et-trahison-des-libertes-les-moutons-enrages\/","title":{"rendered":"opacit\u00e9, divisions et trahison des libert\u00e9s \u2013 Les moutons enrag\u00e9s"},"content":{"rendered":"<p> <br \/>\n<\/p>\n<div>\n<p>par <a target=\"_blank\" href=\"https:\/\/www.francesoir.fr\/opinions-editos\/france-pays-des-lumieres-eteintes-opacite-divisions-et-trahison-des-libertes\" data-type=\"link\" data-id=\"https:\/\/www.francesoir.fr\/opinions-editos\/france-pays-des-lumieres-eteintes-opacite-divisions-et-trahison-des-libertes\">Xavier Azalbert<\/a><\/p>\n<div class=\"wp-block-image\">\n<figure class=\"aligncenter size-large is-resized\"><img fetchpriority=\"high\" decoding=\"async\" width=\"550\" height=\"309\" src=\"https:\/\/lesmoutonsenrages.fr\/wp-content\/uploads\/2025\/06\/image-225-550x309.png\" alt=\"\" class=\"wp-image-167677\" style=\"width:615px;height:auto\" srcset=\"https:\/\/lesmoutonsenrages.fr\/wp-content\/uploads\/2025\/06\/image-225-550x309.png 550w, https:\/\/lesmoutonsenrages.fr\/wp-content\/uploads\/2025\/06\/image-225-250x141.png 250w, https:\/\/lesmoutonsenrages.fr\/wp-content\/uploads\/2025\/06\/image-225-768x432.png 768w, https:\/\/lesmoutonsenrages.fr\/wp-content\/uploads\/2025\/06\/image-225-150x84.png 150w, https:\/\/lesmoutonsenrages.fr\/wp-content\/uploads\/2025\/06\/image-225.png 1300w\" sizes=\"(max-width: 550px) 100vw, 550px\"\/><figcaption class=\"wp-element-caption\"><img loading=\"lazy\" decoding=\"async\" width=\"10\" height=\"10\" class=\"\" src=\"https:\/\/www.francesoir.fr\/themes\/custom\/francesoir\/image\/copyright-symbol-logo.png\" onload=\"pagespeed.lazyLoadImages.loadIfVisibleAndMaybeBeacon(this);\" onerror=\"this.onerror=null;pagespeed.lazyLoadImages.loadIfVisibleAndMaybeBeacon(this);\"\/>\u00a0France-Soir, IA<\/figcaption><\/figure>\n<\/div>\n<p>Il y a deux jours,\u00a0<a target=\"_blank\" href=\"https:\/\/www.francesoir.fr\/opinions-editos\/tout-detruire-pour-mieux-reconstruire-une-manipulation-des-elites-mondiales\">je d\u00e9non\u00e7ais ce qui s\u2019apparente \u00e0 une strat\u00e9gie globale des \u00e9lites<\/a>\u00a0: \u00ab\u00a0<em>tout d\u00e9truire pour mieux reconstruire.<\/em>\u00a0\u00bb \u00c0 savoir un projet insidieux visant \u00e0 d\u00e9manteler les fondations de notre soci\u00e9t\u00e9 \u2013 famille, souverainet\u00e9, \u00e9conomie locale \u2013 pour imposer un ordre standardis\u00e9 au profit d\u2019une minorit\u00e9. En France, ce processus prend une tournure tragique et singuli\u00e8re. Autrefois phare de la pens\u00e9e libre et de l\u2019\u00e9mancipation, le pays des Lumi\u00e8res\u00a0<strong>s\u2019enfonce dans l\u2019opacit\u00e9 et l\u2019obscurantisme<\/strong>. Les divisions fracturent la Nation comme jamais, les droits fondamentaux s\u2019effondrent sous le poids d\u2019un pouvoir autoritaire, et la libert\u00e9 d\u2019expression, pilier de notre identit\u00e9, est b\u00e2illonn\u00e9e. Pire encore, celui qui devrait incarner la clart\u00e9 comme pr\u00e9sident de la R\u00e9publique, Emmanuel Macron est\u00a0<strong>le g\u00e9n\u00e9ral en chef de cette obscurit\u00e9<\/strong>, trahissant ses propres engagements solennels.\u00a0<\/p>\n<blockquote class=\"wp-block-quote is-layout-flow wp-block-quote-is-layout-flow\">\n<p>Face \u00e0 cette d\u00e9rive, il est temps de nommer les choses sans d\u00e9tour, leurs responsables, de d\u00e9voiler les m\u00e9canismes de cette manipulation, et d\u2019appeler \u00e0 une r\u00e9sistance farouche pour rallumer les Lumi\u00e8res.<\/p>\n<\/blockquote>\n<h3 class=\"wp-block-heading\"><strong>Une nation fractur\u00e9e par le chaos orchestr\u00e9<\/strong><\/h3>\n<p>La France de 2025 est un pays m\u00e9connaissable pour beaucoup d\u2019\u00e9trangers et pour les Fran\u00e7ais eux-m\u00eames. Un pays d\u00e9chir\u00e9 o\u00f9 les divisions ne sont plus seulement politiques, mais existentielles. Les clivages traditionnels \u2013 gauche contre droite \u2013 ont \u00e9t\u00e9 balay\u00e9s par des oppositions plus profondes, savamment entretenues par une \u00e9lite d\u00e9connect\u00e9e. Urbains contre ruraux, mondialistes contre patriotes, \u00ab progressistes \u00bb contre \u00ab r\u00e9fractaires \u00bb : ces fractures ne cessent de s\u2019\u00e9largir, aliment\u00e9es par des crises successives \u2013 \u00e9conomiques, migratoires, num\u00e9riques \u2013 qui semblent moins fortuites qu\u2019orchestr\u00e9es. Et les \u00e9lites, qu\u2019elles soient politiques, m\u00e9diatiques, \u00e9conomiques, prosp\u00e8rent sur ces fractures, des fractures qui ont servi de carburant \u00e0 cette polarisation.<\/p>\n<p>Symbole d\u2019une r\u00e9volte populaire contre l\u2019injustice fiscale en 2018, les Gilets Jaunes ont laiss\u00e9 place \u00e0 des tensions communautaires, \u00e0 des affrontements id\u00e9ologiques, et \u00e0 une m\u00e9fiance g\u00e9n\u00e9ralis\u00e9e. Sur X, les citoyens d\u00e9crivent une France scind\u00e9e en deux mondes irr\u00e9conciliables : d\u2019un c\u00f4t\u00e9 une \u00e9lite parisienne et ses relais m\u00e9diatiques, imposant des normes culturelles et num\u00e9riques sous pr\u00e9texte de modernit\u00e9, et, de l\u2019autre, une France p\u00e9riph\u00e9rique \u2013 agriculteurs, artisans, classes moyennes des petites villes \u2013 qui se sent m\u00e9pris\u00e9e, d\u00e9poss\u00e9d\u00e9e de son identit\u00e9, et abandonn\u00e9e face \u00e0 la pr\u00e9carit\u00e9.<\/p>\n<p><strong>Ces divisions ne sont pas un accident<\/strong>. Elles sont le fruit d\u2019une strat\u00e9gie d\u00e9lib\u00e9r\u00e9e. En attisant les peurs \u2013 changement climatique, ins\u00e9curit\u00e9, effondrement \u00e9conomique \u2013, les \u00e9lites justifient des mesures toujours plus autoritaires, tout en d\u00e9tournant l\u2019attention des v\u00e9ritables enjeux : la concentration du pouvoir et la destruction des libert\u00e9s. Les agriculteurs, \u00e9cras\u00e9s par des r\u00e9glementations europ\u00e9ennes et des accords de libre-\u00e9change, incarnent cette r\u00e9volte sourde. Leurs manifestations massives, relay\u00e9es sur X en 2024 et 2025, t\u00e9moignent d\u2019une col\u00e8re qui d\u00e9passe les champs : celle d\u2019un peuple qui refuse d\u2019\u00eatre r\u00e9duit au silence. Pourtant, les m\u00e9dias mainstream, complices de cette fracture, pr\u00e9f\u00e8rent opposer les \u00ab modernes \u00bb aux \u00ab arri\u00e9r\u00e9s \u00bb, creusant un foss\u00e9 o\u00f9 le dialogue s\u2019efface au profit de la haine.<\/p>\n<h3 class=\"wp-block-heading\"><strong>Macron, fossoyeur des Lumi\u00e8res<\/strong><\/h3>\n<p>Le 24 novembre 2020, Emmanuel Macron d\u00e9clarait avec aplomb : \u00ab\u00a0<em>Nous devrions nous en remettre au savoir et \u00e0 la science. Ne jamais c\u00e9der au complotisme, \u00e0 l\u2019obscurantisme, au relativisme.<\/em>\u00a0\u00bb \u00c0 l\u2019\u00e9poque, je soulignais que les Fran\u00e7ais\u00a0<strong>avaient plac\u00e9 leur confiance en lui pour incarner cette clart\u00e9<\/strong>,\u00a0<strong>tout en pointant les contradictions de son discours<\/strong>.<\/p>\n<p>Cinq ans plus tard, l\u2019ironie est accablante. Loin de d\u00e9fendre la science et la transparence,\u00a0<strong>le pr\u00e9sident a fait de l\u2019opacit\u00e9 un mode de gouvernance<\/strong>. Le Conseil de d\u00e9fense, o\u00f9 des d\u00e9cisions cruciales sont prises dans l\u2019ombre, est l\u2019embl\u00e8me de cette d\u00e9rive. Pourquoi masquer les donn\u00e9es sur la mortalit\u00e9 toutes causes confondues par statut vaccinal et classe d\u2019\u00e2ge ? Pourquoi taire ses propres bulletins de sant\u00e9, alors que la transparence est un devoir pour un chef d\u2019\u00c9tat ? Pourquoi refuser de rendre publics les d\u00e9bats qui fa\u00e7onnent des politiques affectant des millions de vies ? Ces silences, loin d\u2019apaiser, alimentent la m\u00e9fiance populaire. Et bien qu\u2019elle est pleinement l\u00e9gitime, cette m\u00e9fiance est qualifi\u00e9e h\u00e2tivement de \u00ab complotisme \u00bb par un pouvoir qui fuit ses responsabilit\u00e9s, et qui mus\u00e8le un d\u00e9bat pourtant si essentiel.<\/p>\n<p>Comme je me permettais de le rappeler en 2020, \u00ab\u00a0<em>la charge de la preuve incombe \u00e0 celui qui affirme<\/em>\u00a0\u00bb. Ce principe, pilier de la d\u00e9marche scientifique, est\u00a0<strong>pi\u00e9tin\u00e9 par un pr\u00e9sident qui impose des mesures sans les justifier<\/strong>\u00a0ou avec des donn\u00e9es scientifiques biais\u00e9es. Les restrictions num\u00e9riques, comme les projets de monnaies digitales test\u00e9s en 2025 dans certaines r\u00e9gions fran\u00e7aises, ou les syst\u00e8mes de \u00ab cr\u00e9dit social \u00bb d\u00e9guis\u00e9s, ne reposent sur aucune transparence. Au contraire, elles s\u2019inscrivent dans une\u00a0<strong>logique de contr\u00f4le<\/strong>, o\u00f9 l\u2019opacit\u00e9 sert \u00e0 d\u00e9sarmer les citoyens.<\/p>\n<p>En pr\u00e9tendant combattre l\u2019obscurantisme, Macron en est devenu l\u2019artisan, \u00e9teignant les Lumi\u00e8res qu\u2019il pr\u00e9tendait d\u00e9fendre. D\u2019un monde Jupit\u00e9rien, il est pass\u00e9 \u00e0 la face obscure de la Lune, o\u00f9\u00a0<a target=\"_blank\" href=\"https:\/\/www.francesoir.fr\/societe-science-tech-culture-medias\/les-legendes-devoilees-partie-1\"><strong>m\u00eame la l\u00e9gende<\/strong><\/a>\u00a0de\u00a0<a target=\"_blank\" href=\"https:\/\/www.francesoir.fr\/societe-science-tech-culture-medias\/les-legendes-devoilees-partie-2\">son histoire personnelle<\/a>, savamment orchestr\u00e9e avec l\u2019aide des m\u00e9dias abreuv\u00e9s de subventions, ne r\u00e9siste pas \u00e0 l\u2019\u00e9rosion du temps. Il n\u2019avait pas 17 ans quand il a rencontr\u00e9 l\u2019\u00e9poux 1 ou 2, tel qu\u2019on le note dans l\u2019\u00e9tat civil,\u00a0<a target=\"_blank\" href=\"https:\/\/www.francesoir.fr\/societe-faits-divers\/brigitte-vs-jean-michel-man-or-woman-year-femme-ou-homme-de-l-annee\">Brigitte, mais 15 ou 14 ans,<\/a>\u00a0alimentant ainsi\u00a0<a target=\"_blank\" href=\"https:\/\/www.francesoir.fr\/opinions-editos\/je-suis-malade-completement-malade-premiere-partie\">les rumeurs de p\u00e9dophilie<\/a>.\u00a0<strong>Pourquoi construire une telle l\u00e9gende si ce n\u2019est pour accaparer le pouvoir\u00a0?\u00a0<\/strong><a target=\"_blank\" href=\"https:\/\/www.francesoir.fr\/opinions-editos\/macron-madoff-francais-de-la-politique\">Subtiliser le pouvoir tel Madoff<\/a>\u00a0qui persuadait de nouveaux investisseurs d\u2019investir dans ses fonds \u00e0\u00a0haute performance, mais \u00ab\u00a0obscur\u00a0\u00bb, pour mieux subtiliser leur fonds et servir des rendements \u00e9lev\u00e9s aux anciens. Une pyramide de Ponzi bien connue pour Madoff dans la finance, qui requ\u00e9rait un 17\u1d49 \u00e9tage obscur dans sa tour \u00e0 New York, comme\u00a0<strong>l\u2019obscurit\u00e9 et l\u2019autoritarisme excessifs sont n\u00e9cessaires \u00e0 Macron pour se maintenir au pouvoir<\/strong>. Tout cela agr\u00e9ment\u00e9 d\u2019une m\u00e9chancet\u00e9 sans pareille, la foudre de Jupiter qui s\u2019abat sur tous ceux qui tentent de le l\u00e2cher ou se mettent en travers de son chemin. Comme les Fran\u00e7ais qui ne sont plus que 4 % \u00e0 penser qu\u2019il m\u00e8ne le pays dans le bon sens. Si tel est le cas, il serait alors \u00e0 l\u2019origine du d\u00e9samour que lui portent les Fran\u00e7ais. Un cercle vicieux qui alimente ainsi sa haine de la France et des Fran\u00e7ais, \u00e0 partir de ses propres arrangements avec la v\u00e9rit\u00e9.<\/p>\n<h3 class=\"wp-block-heading\"><strong>Un obscurantisme moderne : la censure et la surveillance<\/strong><\/h3>\n<p>La libert\u00e9 d\u2019expression, h\u00e9ritage des Lumi\u00e8res, est aujourd\u2019hui en lambeaux. La censure, autrefois masqu\u00e9e sous des pr\u00e9textes de \u00ab\u00a0<em>lutte contre la d\u00e9sinformation<\/em>\u00a0\u00bb, s\u2019affiche d\u00e9sormais sans vergogne. Depuis 2020, la censure, l\u2019invisibilisation puis les lois de 2024 sur les contenus num\u00e9riques permettent de suspendre des comptes sur les r\u00e9seaux sociaux, de bloquer des sites ind\u00e9pendants, ou de poursuivre des citoyens pour des propos jug\u00e9s \u00ab\u00a0<em>inappropri\u00e9s<\/em>\u00a0\u00bb. Sur X, des journalistes citoyens, des m\u00e9decins, des intellectuels dissidents rapportent des pressions croissantes : suppressions de posts, shadowbanning, intimidations judiciaires.\u00a0<strong>Ces voix qui osent questionner les narratifs officiels sur les crises sanitaires, les politiques migratoires, ou les r\u00e9formes \u00e9conomiques, sont syst\u00e9matiquement marginalis\u00e9es.<\/strong><\/p>\n<p>Cet obscurantisme moderne ne s\u2019arr\u00eate pas \u00e0 la parole. Les droits fondamentaux \u2013 libert\u00e9 de circulation, droit \u00e0 la vie priv\u00e9e \u2013 sont \u00e9rod\u00e9s sous des pr\u00e9textes fallacieux. Les restrictions environnementales, les passes num\u00e9riques, ou les limitations sur les transactions en esp\u00e8ces r\u00e9duisent la mobilit\u00e9 et l\u2019autonomie des citoyens. La surveillance, fallacieusement justifi\u00e9e par la lutte contre le terrorisme ou les \u00ab fake news\u00a0\u00bb, s\u2019\u00e9tend \u00e0 chaque recoin de la vie quotidienne. En 2025, des r\u00e9gions fran\u00e7aises testent des dispositifs o\u00f9 l\u2019acc\u00e8s \u00e0 certains services d\u00e9pend de comportements jug\u00e9s \u00ab\u00a0conformes \u00bb.<\/p>\n<blockquote class=\"wp-block-quote is-layout-flow wp-block-quote-is-layout-flow\">\n<p><strong>Cette soci\u00e9t\u00e9 normative, impos\u00e9e sous couvert de progr\u00e8s, n\u2019a rien de scientifique \u00e0 l\u2019aide de frameworks id\u00e9ologis\u00e9s\u00a0<\/strong>(article\u00a0<a target=\"_blank\" href=\"https:\/\/www.francesoir.fr\/societe-science-tech\/comprendre-les-frameworks-des-outils-pour-structurer-influencer-et-coordonner\">1<\/a>,\u00a0<a target=\"_blank\" href=\"https:\/\/www.francesoir.fr\/societe-science-tech\/la-tension-entre-l-humain-et-la-normatisation-preserver-la-creativite-dans-un\">2<\/a>,\u00a0<a target=\"_blank\" href=\"https:\/\/www.francesoir.fr\/societe-science-tech\/les-usages-modernes-des-frameworks-dans-la-gestion-de-l-information-redefinir\">3<\/a>\u00a0et\u00a0<a target=\"_blank\" href=\"https:\/\/www.francesoir.fr\/societe-science-tech\/resister-aux-frameworks-preserver-la-liberte-la-creativite-et-la-verite-partie\">4<\/a>)<strong>\u00a0: elle est la marque d\u2019un pouvoir qui redoute la lumi\u00e8re de la v\u00e9rit\u00e9.<\/strong><\/p>\n<\/blockquote>\n<h3 class=\"wp-block-heading\"><strong>R\u00e9sister pour rallumer les Lumi\u00e8res<\/strong><\/h3>\n<p>Face \u00e0 cette trahison, la r\u00e9signation serait une capitulation. La France, malgr\u00e9 ses fractures, porte encore en elle\u00a0<strong>les germes d\u2019une r\u00e9volte lucide<\/strong>. Partout des citoyens s\u2019organisent. Les agriculteurs, qui bloquent les routes pour d\u00e9fendre leur survie face aux diktats europ\u00e9ens, incarnent une r\u00e9sistance ancr\u00e9e dans le r\u00e9el. Les parents, qui cr\u00e9ent des \u00e9coles alternatives pour pr\u00e9server l\u2019\u00e9ducation de leurs enfants, refusent l\u2019uniformisation culturelle. Les collectifs locaux, qui privil\u00e9gient les circuits courts et l\u2019entraide, redonnent vie aux communaut\u00e9s. Sur X, ces initiatives gagnent en visibilit\u00e9 : des groupes citoyens organisent des forums pour d\u00e9battre hors des cadres impos\u00e9s, des lanceurs d\u2019alerte partagent des analyses brutes, loin des filtres m\u00e9diatiques, avec des associations comme BonSens.org.<\/p>\n<p>La r\u00e9sistance commence par l\u2019esprit critique. Les narratifs officiels doivent \u00eatre questionn\u00e9s, les sources crois\u00e9es, et les t\u00e9moignages directs privil\u00e9gi\u00e9s.\u00a0<strong>La transparence, promise par Macron mais jamais honor\u00e9e, doit \u00eatre exig\u00e9e.<\/strong>\u00a0Ensuite, l\u2019action collective est essentielle : soutenir les manifestations pacifiques, signer des p\u00e9titions, voter pour des\u00a0<strong>\u00e9lus d\u00e9fendant la transparence, la souverainet\u00e9 nationale et les libert\u00e9s individuelles<\/strong>. Ou alors r\u00e9fl\u00e9chir \u00e0 faire usage de l\u2019absention massive comme une marque que l\u2019on ne veut plus participer \u00e0 une telle mascarade. De nombreuses initiatives et r\u00e9flexions prennent place sur des mod\u00e8les alternatifs. Elles visent \u00e0 reprendre le pouvoir \u00e0 ces \u00ab\u00a0\u00e9lites\u00a0\u00bb, qui aujourd\u2019hui poursuivent des initiatives menant \u00e0 la guerre, plut\u00f4t que de garantir le droit fondamental \u00e0 vivre en paix.<\/p>\n<p>Enfin, il\u00a0<a target=\"_blank\" href=\"https:\/\/www.francesoir.fr\/politique-france\/de-global-local-le-tour-du-globe-en-80-trimestres-une-generation\">faut reconstruire localement<\/a>\u00a0: privil\u00e9gier les commerces de proximit\u00e9, prot\u00e9ger les savoirs traditionnels, transmettre les valeurs de libert\u00e9 et de v\u00e9rit\u00e9 aux g\u00e9n\u00e9rations futures.<\/p>\n<h3 class=\"wp-block-heading\"><strong>Un sursaut pour la France<\/strong><\/h3>\n<p>La France n\u2019est pas condamn\u00e9e \u00e0 l\u2019obscurantisme. Les divisions, entretenues pour affaiblir le peuple, peuvent \u00eatre surmont\u00e9es par une unit\u00e9 fond\u00e9e sur des principes universels : la libert\u00e9, la justice, la v\u00e9rit\u00e9. Chaque citoyen, par ses choix et ses actes, peut fissurer l\u2019\u00e9difice de l\u2019opacit\u00e9. Le 29 juin 2025 n\u2019est pas une date de soumission, mais un appel \u00e0 la r\u00e9volte lucide. Le pays des Lumi\u00e8res ne doit pas s\u2019\u00e9teindre sous le poids d\u2019un pouvoir qui trahit ses promesses.\u00a0<strong>Exigeons des comptes<\/strong>, rallumons les Lumi\u00e8res, et refusons de plier face \u00e0 une \u00e9lite qui, sous couvert de science, impose l\u2019ombre.<\/p>\n<blockquote class=\"wp-block-quote is-layout-flow wp-block-quote-is-layout-flow\">\n<p>Et disons merci \u00e0 Macron d\u2019avoir donn\u00e9 tout son sens \u00e0 la citation de Sartre\u00a0: \u00ab\u00a0<em>Plus claire la lumi\u00e8re, plus sombre l\u2019obscurit\u00e9\u2026 Il est impossible d\u2019appr\u00e9cier correctement la lumi\u00e8re sans conna\u00eetre les t\u00e9n\u00e8bres.<\/em>\u00a0\u00bb<\/p>\n<\/blockquote>\n<p>Restaurons l\u2019int\u00e9grit\u00e9 des faits, et opposons-nous \u00e0 la r\u00e9\u00e9criture de l\u2019histoire. C\u2019est notre devoir.<\/p>\n<p>Auteur(s) : Xavier Azalbert, France-Soir<\/p>\n<p><a target=\"_blank\" href=\"https:\/\/www.francesoir.fr\/opinions-editos\/france-pays-des-lumieres-eteintes-opacite-divisions-et-trahison-des-libertes\" data-type=\"link\" data-id=\"https:\/\/www.francesoir.fr\/opinions-editos\/france-pays-des-lumieres-eteintes-opacite-divisions-et-trahison-des-libertes\">Publi\u00e9<\/a> le 29 juin 2025<\/p>\n<p>Tous les articles, la tribune libre et les commentaires sont sous la responsabilit\u00e9 de leurs auteurs. Les Moutons Enrag\u00e9s ne sauraient \u00eatre tenus responsables de leur contenu ou orientation en les publiant ou republiant sur le site.<\/p>\n<\/div>\n<p><br \/>\n<br \/><a href=\"https:\/\/lesmoutonsenrages.fr\/2025\/07\/01\/france-pays-des-lumieres-eteintes-opacite-divisions-et-trahison-des-libertes\/\" target=\"_blank\"\">Source link <\/a><\/p>\n","protected":false},"excerpt":{"rendered":"<p>par Xavier Azalbert \u00a0France-Soir, IA Il y a deux jours,\u00a0je d\u00e9non\u00e7ais ce qui s\u2019apparente \u00e0 une strat\u00e9gie globale des \u00e9lites\u00a0: \u00ab\u00a0tout d\u00e9truire pour mieux reconstruire.\u00a0\u00bb \u00c0 savoir un projet insidieux&hellip; <\/p>\n","protected":false},"author":1,"featured_media":11309,"comment_status":"open","ping_status":"open","sticky":false,"template":"","format":"standard","meta":{"footnotes":""},"categories":[1],"tags":[],"class_list":["post-11308","post","type-post","status-publish","format-standard","has-post-thumbnail","hentry","category-non-classe"],"_links":{"self":[{"href":"https:\/\/monde25.info\/index.php\/wp-json\/wp\/v2\/posts\/11308","targetHints":{"allow":["GET"]}}],"collection":[{"href":"https:\/\/monde25.info\/index.php\/wp-json\/wp\/v2\/posts"}],"about":[{"href":"https:\/\/monde25.info\/index.php\/wp-json\/wp\/v2\/types\/post"}],"author":[{"embeddable":true,"href":"https:\/\/monde25.info\/index.php\/wp-json\/wp\/v2\/users\/1"}],"replies":[{"embeddable":true,"href":"https:\/\/monde25.info\/index.php\/wp-json\/wp\/v2\/comments?post=11308"}],"version-history":[{"count":0,"href":"https:\/\/monde25.info\/index.php\/wp-json\/wp\/v2\/posts\/11308\/revisions"}],"wp:featuredmedia":[{"embeddable":true,"href":"https:\/\/monde25.info\/index.php\/wp-json\/wp\/v2\/media\/11309"}],"wp:attachment":[{"href":"https:\/\/monde25.info\/index.php\/wp-json\/wp\/v2\/media?parent=11308"}],"wp:term":[{"taxonomy":"category","embeddable":true,"href":"https:\/\/monde25.info\/index.php\/wp-json\/wp\/v2\/categories?post=11308"},{"taxonomy":"post_tag","embeddable":true,"href":"https:\/\/monde25.info\/index.php\/wp-json\/wp\/v2\/tags?post=11308"}],"curies":[{"name":"wp","href":"https:\/\/api.w.org\/{rel}","templated":true}]}}