{"id":11310,"date":"2025-07-02T01:38:55","date_gmt":"2025-07-01T23:38:55","guid":{"rendered":"https:\/\/monde25.info\/index.php\/2025\/07\/02\/les-idees-de-leurope-du-sud-face-aux-canicules\/"},"modified":"2025-07-02T01:38:55","modified_gmt":"2025-07-01T23:38:55","slug":"les-idees-de-leurope-du-sud-face-aux-canicules","status":"publish","type":"post","link":"https:\/\/monde25.info\/index.php\/2025\/07\/02\/les-idees-de-leurope-du-sud-face-aux-canicules\/","title":{"rendered":"Les id\u00e9es de l&#039;Europe du Sud face aux canicules"},"content":{"rendered":"<p> <br \/>\n<br \/><img loading=\"lazy\" decoding=\"async\" src=\"https:\/\/reporterre.net\/local\/cache-vignettes\/L700xH466\/afp__20230821__aa_21082023_1315211__v1__highres__heatwaveinitaly_1_-cc7d6.jpg?1751383047\" class=\"spip_logo\" width=\"700\" height=\"466\" alt=\"\" \/><\/p>\n<p>Au-del\u00e0 de la France, toute l&rsquo;Europe du Sud subit une canicule historique. L&rsquo;Espagne et l&rsquo;Italie, plus habitu\u00e9es \u00e0 ces chaleurs, misent sur des initiatives d&rsquo;aide aux plus fragiles et de \u00ab<small class=\"fine d-inline\">\u00a0<\/small>refuge climatique<small class=\"fine d-inline\">\u00a0<\/small>\u00bb exp\u00e9rimental. <br class=\"autobr\" \/><br \/>\nMilan (Italie), S\u00e9ville (Espagne), correspondances <br class=\"autobr\" \/><br \/>\nSi la France subit des journ\u00e9es historiquement suffocantes en ce d\u00e9but d&rsquo;\u00e9t\u00e9, elle est loin d&rsquo;\u00eatre la seule. Du Portugal \u00e0 la Gr\u00e8ce, aucun pays n&rsquo;\u00e9chappe aux temp\u00e9ratures infernales. En Espagne, le pic a \u00e9t\u00e9 atteint \u00e0\u00a0(\u2026)<\/p>\n<p>                    <a target=\"_blank\" href=\"https:\/\/reporterre.net\/Les-idees-de-l-Europe-du-Sud-face-aux-canicules?utm_source=RSS&amp;utm_medium=RSS\">Lire la suite<\/a><\/p>\n<p>                    &#8211;<br \/>\n                        <a target=\"_blank\" href=\"https:\/\/reporterre.net\/Reportage\" rel=\"directory\">Reportage<\/a><\/p>\n<p>                    \/<br \/>\n                        <a target=\"_blank\" href=\"https:\/\/reporterre.net\/Climat-18\" rel=\"tag\">Climat <\/a><br \/>\n                    ,<br \/>\n                        <a target=\"_blank\" href=\"https:\/\/reporterre.net\/Canicule\" rel=\"tag\">Canicule<\/a><br \/>\n<br \/><br \/>\n<br \/><a href=\"https:\/\/reporterre.net\/Les-idees-de-l-Europe-du-Sud-face-aux-canicules\" target=\"_blank\"\">Source link <\/a><\/p>\n","protected":false},"excerpt":{"rendered":"<p>Au-del\u00e0 de la France, toute l&rsquo;Europe du Sud subit une canicule historique. L&rsquo;Espagne et l&rsquo;Italie, plus habitu\u00e9es \u00e0 ces chaleurs, misent sur des initiatives d&rsquo;aide aux plus fragiles et de&hellip; <\/p>\n","protected":false},"author":1,"featured_media":0,"comment_status":"open","ping_status":"open","sticky":false,"template":"","format":"standard","meta":{"footnotes":""},"categories":[1],"tags":[],"class_list":["post-11310","post","type-post","status-publish","format-standard","hentry","category-non-classe"],"_links":{"self":[{"href":"https:\/\/monde25.info\/index.php\/wp-json\/wp\/v2\/posts\/11310","targetHints":{"allow":["GET"]}}],"collection":[{"href":"https:\/\/monde25.info\/index.php\/wp-json\/wp\/v2\/posts"}],"about":[{"href":"https:\/\/monde25.info\/index.php\/wp-json\/wp\/v2\/types\/post"}],"author":[{"embeddable":true,"href":"https:\/\/monde25.info\/index.php\/wp-json\/wp\/v2\/users\/1"}],"replies":[{"embeddable":true,"href":"https:\/\/monde25.info\/index.php\/wp-json\/wp\/v2\/comments?post=11310"}],"version-history":[{"count":0,"href":"https:\/\/monde25.info\/index.php\/wp-json\/wp\/v2\/posts\/11310\/revisions"}],"wp:attachment":[{"href":"https:\/\/monde25.info\/index.php\/wp-json\/wp\/v2\/media?parent=11310"}],"wp:term":[{"taxonomy":"category","embeddable":true,"href":"https:\/\/monde25.info\/index.php\/wp-json\/wp\/v2\/categories?post=11310"},{"taxonomy":"post_tag","embeddable":true,"href":"https:\/\/monde25.info\/index.php\/wp-json\/wp\/v2\/tags?post=11310"}],"curies":[{"name":"wp","href":"https:\/\/api.w.org\/{rel}","templated":true}]}}