{"id":11317,"date":"2025-07-02T03:51:48","date_gmt":"2025-07-02T01:51:48","guid":{"rendered":"https:\/\/monde25.info\/index.php\/2025\/07\/02\/tolerer-les-controles-au-facies-cest-accepter-la-preference-nationale\/"},"modified":"2025-07-02T03:51:48","modified_gmt":"2025-07-02T01:51:48","slug":"tolerer-les-controles-au-facies-cest-accepter-la-preference-nationale","status":"publish","type":"post","link":"https:\/\/monde25.info\/index.php\/2025\/07\/02\/tolerer-les-controles-au-facies-cest-accepter-la-preference-nationale\/","title":{"rendered":"\u00ab\u00a0Tol\u00e9rer les contr\u00f4les au faci\u00e8s, c\u2019est accepter la pr\u00e9f\u00e9rence nationale\u00a0\u00bb"},"content":{"rendered":"<p> <br \/>\n<\/p>\n<div>\n<p>C\u2019est un des grands scandales de notre R\u00e9publique. Chaque jour, il concerne de tr\u00e8s nombreux habitants\u00a0de notre pays.\u00a0<\/p>\n<p>Une tr\u00e8s longue bataille politique aussi, que les dirigeant\u00b7es de droite comme de gauche se sont empress\u00e9\u00b7es d\u2019enterrer, face au refus et au d\u00e9ni de l\u2019institution polici\u00e8re, face aussi \u00e0 la mont\u00e9e d\u2019un discours raciste qui assimile de plus en plus les jeunes noirs et arabes \u00e0 la d\u00e9linquance.\u00a0<\/p>\n<p>Cette pratique polici\u00e8re, elle a un nom\u00a0: les contr\u00f4les d\u2019identit\u00e9 discriminatoires, aussi appel\u00e9s contr\u00f4les au faci\u00e8s ou profilage racial.\u00a0<\/p>\n<p>Dans notre pays, les Noirs et les Arabes sont davantage contr\u00f4l\u00e9s par la police. Le sur-contr\u00f4le des hommes d\u2019origine africaine et nord-africaine par la police en France est un fait \u00e9tay\u00e9, par les t\u00e9moignages innombrables des premiers concern\u00e9s, par des \u00e9tudes scientifiques, par des rapports du D\u00e9fenseur des droits, par des ONG comme Amnesty International.\u00a0<\/p>\n<p>Pourtant, depuis quinze ans, malgr\u00e9 une mobilisation intense et de nombreuses promesses, rien ne change. Jeudi 26 juin, et pour la premi\u00e8re fois, la France a \u00e9t\u00e9 condamn\u00e9e par la Cour europ\u00e9enne des droits de l\u2019homme pour un contr\u00f4le discriminatoire.<\/p>\n<p>Une d\u00e9cision porteuse d\u2019espoir, et pourtant ambigu\u00eb pour la suite de cette tr\u00e8s longue bataille.\u00a0\u00a0<\/p>\n<p><i>Une \u00e9mission pr\u00e9sent\u00e9e par Mathieu Magnaudeix, pr\u00e9par\u00e9e avec Camille Polloni.\u00a0<\/i><\/p>\n<p>Nos invit\u00e9\u00b7es\u00a0:\u00a0<\/p>\n<ul>\n<li>\n<p><b>Slim Ben Achour,<\/b> avocat\u00a0;<\/p>\n<\/li>\n<li><b>Issa Coulibaly<\/b>, pr\u00e9sident de Pazapas Belleville\u00a0;<\/li>\n<li>\n<p><b>Lanna Hollo<\/b>, juriste de l\u2019association (RE) claim.<\/p>\n<\/li>\n<\/ul><\/div>\n<p><br \/>\n<br \/><a href=\"https:\/\/www.mediapart.fr\/journal\/france\/010725\/tolerer-les-controles-au-facies-c-est-accepter-la-preference-nationale\" target=\"_blank\"\">Source link <\/a><\/p>\n","protected":false},"excerpt":{"rendered":"<p>C\u2019est un des grands scandales de notre R\u00e9publique. Chaque jour, il concerne de tr\u00e8s nombreux habitants\u00a0de notre pays.\u00a0 Une tr\u00e8s longue bataille politique aussi, que les dirigeant\u00b7es de droite comme&hellip; <\/p>\n","protected":false},"author":1,"featured_media":11318,"comment_status":"open","ping_status":"open","sticky":false,"template":"","format":"standard","meta":{"footnotes":""},"categories":[1],"tags":[],"class_list":["post-11317","post","type-post","status-publish","format-standard","has-post-thumbnail","hentry","category-non-classe"],"_links":{"self":[{"href":"https:\/\/monde25.info\/index.php\/wp-json\/wp\/v2\/posts\/11317","targetHints":{"allow":["GET"]}}],"collection":[{"href":"https:\/\/monde25.info\/index.php\/wp-json\/wp\/v2\/posts"}],"about":[{"href":"https:\/\/monde25.info\/index.php\/wp-json\/wp\/v2\/types\/post"}],"author":[{"embeddable":true,"href":"https:\/\/monde25.info\/index.php\/wp-json\/wp\/v2\/users\/1"}],"replies":[{"embeddable":true,"href":"https:\/\/monde25.info\/index.php\/wp-json\/wp\/v2\/comments?post=11317"}],"version-history":[{"count":0,"href":"https:\/\/monde25.info\/index.php\/wp-json\/wp\/v2\/posts\/11317\/revisions"}],"wp:featuredmedia":[{"embeddable":true,"href":"https:\/\/monde25.info\/index.php\/wp-json\/wp\/v2\/media\/11318"}],"wp:attachment":[{"href":"https:\/\/monde25.info\/index.php\/wp-json\/wp\/v2\/media?parent=11317"}],"wp:term":[{"taxonomy":"category","embeddable":true,"href":"https:\/\/monde25.info\/index.php\/wp-json\/wp\/v2\/categories?post=11317"},{"taxonomy":"post_tag","embeddable":true,"href":"https:\/\/monde25.info\/index.php\/wp-json\/wp\/v2\/tags?post=11317"}],"curies":[{"name":"wp","href":"https:\/\/api.w.org\/{rel}","templated":true}]}}