{"id":11321,"date":"2025-07-02T05:30:43","date_gmt":"2025-07-02T03:30:43","guid":{"rendered":"https:\/\/monde25.info\/index.php\/2025\/07\/02\/abattre-les-affames-enfant-de-la-societe-sott-net\/"},"modified":"2025-07-02T05:30:43","modified_gmt":"2025-07-02T03:30:43","slug":"abattre-les-affames-enfant-de-la-societe-sott-net","status":"publish","type":"post","link":"https:\/\/monde25.info\/index.php\/2025\/07\/02\/abattre-les-affames-enfant-de-la-societe-sott-net\/","title":{"rendered":"abattre les affam\u00e9s \u2014 Enfant de la Soci\u00e9t\u00e9 \u2014 Sott.net"},"content":{"rendered":"<p> <br \/>\n<\/p>\n<div>\n<div class=\"article-image-super to-center\"><a target=\"_blank\" href=\"https:\/\/fr.sott.net\/image\/s36\/730122\/full\/arton78667_65391.jpg\" target=\"_blank\"><img decoding=\"async\" src=\"https:\/\/fr.sott.net\/image\/s36\/730122\/super\/arton78667_65391.jpg\" alt=\"hhhhhh\" title=\"Cliquer pour agrandir\"\/><\/a><\/div>\n<p>Toutes les cruaut\u00e9s sont exp\u00e9riment\u00e9es \u00e0 Gaza par l&rsquo;occupant g\u00e9nocidaire isra\u00e9lien. Quand ce ne sont pas les enfants qui sont vis\u00e9s \u00e0 la t\u00eate par les snipers de l&rsquo;arm\u00e9e la plus morale du monde, ce sont les affam\u00e9s attir\u00e9s par les points de distribution alimentaire qui sont abattus en masse.<\/p>\n<p><strong>Attention : images dures<\/strong><\/p>\n<p><iframe loading=\"lazy\" width=\"600\" height=\"779\" src=\"https:\/\/www.sott.net\/embed\/_AJRomGcHZNHvRE4iz-2j56hTtc\" allowfullscreen=\"\"><\/iframe><\/p>\n<p>Tout est fait pour r\u00e9duire la population, par le meurtre, par la faim, ou par la terreur. <span class=\"Hilite\">L&rsquo;objectif est l&rsquo;\u00e9puration ethnique totale de la bande de Gaza, pour le projet d&rsquo;expansion du Grand Isra\u00ebl.<\/span> D&rsquo;ailleurs, les colons piaffent d&rsquo;impatience d&rsquo;\u00eatre r\u00e9install\u00e9s \u00e0 la place des Palestiniens. La torture par la faim, utilis\u00e9e d\u00e8s le d\u00e9but de la guerre Tsahal-Hamas, place les affam\u00e9s devant un dilemme : aller ou pas sur les points de distribution.<\/p>\n<blockquote><p>\n\u00ab Je ne sais pas si vous imaginez la logique coloniale qui consiste \u00e0 nourrir des gens que vous tuez en m\u00eame temps&#8230; \u00bb\n<\/p><\/blockquote>\n<p><iframe loading=\"lazy\" width=\"600\" height=\"676\" src=\"https:\/\/www.sott.net\/embed\/YubMrRx5Ip83ucR2F9j7YPYRoFU\" allowfullscreen=\"\"><\/iframe><\/p>\n<p><iframe loading=\"lazy\" width=\"600\" height=\"651\" src=\"https:\/\/www.sott.net\/embed\/Y-QyD7DKj3oOUh_hltxdjMTiZ_D\" allowfullscreen=\"\"><\/iframe><\/p>\n<p>Il faudra beaucoup de souffrances aux Palestiniens pour que les soci\u00e9t\u00e9s occidentales, habitu\u00e9es \u00e0 victimiser les juifs, renversent leur appr\u00e9ciation. Avec retard comme toujours, du fait des obstacles mentaux \u00e9rig\u00e9s \u00e0 dessein, le r\u00e9el se fraye un chemin dans l&rsquo;esprit du grand public.<\/p>\n<p>Le g\u00e9nocide des juifs de 1940 \u00e9tait peu film\u00e9 ; celui des Palestiniens depuis 2023 est sur toutes les t\u00e9l\u00e9s, enfin, principalement sur les r\u00e9seaux sociaux. Car les t\u00e9l\u00e9s, majoritairement isra\u00e9lites, sont devenues complices de l&rsquo;entit\u00e9 g\u00e9nocidaire. Elles sont pieds et poings li\u00e9s.<\/p>\n<p><iframe loading=\"lazy\" width=\"600\" height=\"803\" src=\"https:\/\/www.sott.net\/embed\/zsXTET-VLHXDI3kQaPP7zDNIYdc\" allowfullscreen=\"\"><\/iframe><\/p>\n<p>Le cas fran\u00e7ais a ceci de sp\u00e9cial qu&rsquo;il y a 4 000 Franco-Isra\u00e9liens qui combattent dans les rangs de Tsahal, certains ayant commis des crimes de guerre. Seront-ils trait\u00e9s comme l&rsquo;ont \u00e9t\u00e9 les djihadistes partis de France pour se battre avec Daech en Syrie ? Rien n&rsquo;est moins s\u00fbr.<\/p>\n<p>En attendant, les preuves s&rsquo;accumulent, les proc\u00e8s se profilent. Pr\u00e9f\u00e9rer Isra\u00ebl \u00e0 la France est une chose, mais les justices ne sont pas les m\u00eames. Du moins pas encore&#8230;<\/p>\n<p><iframe loading=\"lazy\" title=\"Des Franco-\ud83c\uddee\ud83c\uddf1 accus\u00e9s de complicit\u00e9 de g\u00e9nocide\" width=\"1110\" height=\"624\" src=\"https:\/\/www.youtube.com\/embed\/UIYWYJAFBRg?feature=oembed\" frameborder=\"0\" allow=\"accelerometer; autoplay; clipboard-write; encrypted-media; gyroscope; picture-in-picture; web-share\" referrerpolicy=\"strict-origin-when-cross-origin\" allowfullscreen><\/iframe><\/p>\n<p>On sait les t\u00e9l\u00e9s favorables \u00e0 l&rsquo;entit\u00e9 isra\u00e9lienne. Mais devant l&rsquo;\u00e9vidence du g\u00e9nocide, certaines commencent \u00e0 ren\u00e2cler, malgr\u00e9 les menaces des organisations juives fran\u00e7aises et de leurs repr\u00e9sentants. En mati\u00e8re de justice aussi, les choses ne sont pas \u00e9gales : les d\u00e9fenseurs de la cause palestinienne en France vivent un deux poids, deux mesures int\u00e9grales, certains allant m\u00eame en prison pour des propos anti-isra\u00e9liens ou pro-r\u00e9sistance.<\/p>\n<p>De l&rsquo;autre c\u00f4t\u00e9, des Kupfer-Naouri, des Habib ou des BHL ont pu d\u00e9velopper <strong>impun\u00e9ment<\/strong> des propos insens\u00e9s tombant sous le coup de la loi, qui condamne l&rsquo;apologie de crimes de guerre ou la complicit\u00e9 de g\u00e9nocide.<\/p>\n<p><span class=\"BoldGrey\">Isra\u00ebl a tous les droits<\/span><\/p>\n<p><iframe loading=\"lazy\" title=\"\ud83e\udd8f GAZA, IRAN, ETC. : POUR LES GRANDS M\u00c9DIAS, ISRA\u00cbL A TOUS LES DROITS\" width=\"1110\" height=\"624\" src=\"https:\/\/www.youtube.com\/embed\/Xrok-hyhE9o?feature=oembed\" frameborder=\"0\" allow=\"accelerometer; autoplay; clipboard-write; encrypted-media; gyroscope; picture-in-picture; web-share\" referrerpolicy=\"strict-origin-when-cross-origin\" allowfullscreen><\/iframe><\/p>\n<\/p><\/div>\n<p><br \/>\n<br \/><a href=\"https:\/\/fr.sott.net\/article\/44372-Charite-israelienne-abattre-les-affames\" target=\"_blank\"\">Source link <\/a><\/p>\n","protected":false},"excerpt":{"rendered":"<p>Toutes les cruaut\u00e9s sont exp\u00e9riment\u00e9es \u00e0 Gaza par l&rsquo;occupant g\u00e9nocidaire isra\u00e9lien. Quand ce ne sont pas les enfants qui sont vis\u00e9s \u00e0 la t\u00eate par les snipers de l&rsquo;arm\u00e9e la&hellip; <\/p>\n","protected":false},"author":1,"featured_media":11322,"comment_status":"open","ping_status":"open","sticky":false,"template":"","format":"standard","meta":{"footnotes":""},"categories":[1],"tags":[],"class_list":["post-11321","post","type-post","status-publish","format-standard","has-post-thumbnail","hentry","category-non-classe"],"_links":{"self":[{"href":"https:\/\/monde25.info\/index.php\/wp-json\/wp\/v2\/posts\/11321","targetHints":{"allow":["GET"]}}],"collection":[{"href":"https:\/\/monde25.info\/index.php\/wp-json\/wp\/v2\/posts"}],"about":[{"href":"https:\/\/monde25.info\/index.php\/wp-json\/wp\/v2\/types\/post"}],"author":[{"embeddable":true,"href":"https:\/\/monde25.info\/index.php\/wp-json\/wp\/v2\/users\/1"}],"replies":[{"embeddable":true,"href":"https:\/\/monde25.info\/index.php\/wp-json\/wp\/v2\/comments?post=11321"}],"version-history":[{"count":0,"href":"https:\/\/monde25.info\/index.php\/wp-json\/wp\/v2\/posts\/11321\/revisions"}],"wp:featuredmedia":[{"embeddable":true,"href":"https:\/\/monde25.info\/index.php\/wp-json\/wp\/v2\/media\/11322"}],"wp:attachment":[{"href":"https:\/\/monde25.info\/index.php\/wp-json\/wp\/v2\/media?parent=11321"}],"wp:term":[{"taxonomy":"category","embeddable":true,"href":"https:\/\/monde25.info\/index.php\/wp-json\/wp\/v2\/categories?post=11321"},{"taxonomy":"post_tag","embeddable":true,"href":"https:\/\/monde25.info\/index.php\/wp-json\/wp\/v2\/tags?post=11321"}],"curies":[{"name":"wp","href":"https:\/\/api.w.org\/{rel}","templated":true}]}}